{"id":185257,"date":"2015-03-09T15:31:36","date_gmt":"2015-03-09T12:31:36","guid":{"rendered":"https:\/\/analyse.optim.biz\/?p=185257"},"modified":"2015-03-09T15:31:36","modified_gmt":"2015-03-09T12:31:36","slug":"psd-si-pnl-isi-fac-ordine-in-partide-membrii-anchetati-penal-vor-fi-sanctionati","status":"publish","type":"post","link":"https:\/\/analyse.optim.biz\/?p=185257","title":{"rendered":"PSD \u0219i PNL \u00ee\u0219i fac ordine \u00een partide. Membrii ancheta\u021bi penal vor fi sanc\u021biona\u021bi"},"content":{"rendered":"<div class=\"entry data-app-meta data-app-meta-article\" data-embed-base-url-canonical=\"https:\/\/www.digi24.ro\/embed\/stiri\/actualitate\/politica\/psd-si-pnl-isi-fac-ordine-in-partide-membrii-anchetati-penal-vor-fi-sanctionati-368534\">\n<p data-index=\"1\">Victor Ponta propune ca noul statut al PSD s\u0103 prevad\u0103 sanc\u0163iuni politice pentru social-democra\u0163ii care au probleme cu Justi\u0163ia.<\/p>\n<p data-index=\"2\"><strong>Victor Ponta<\/strong>: &#8220;Este vorba despre o anumit\u0103 responsabilitate politic\u0103, nu juridic\u0103, asta e stabilit\u0103 de instan\u021be, responsabilitate politic\u0103, care sunt diversele faze ale procesului penal pentru fapte de corup\u021bie \u00een care din punct de vedere al PSD trebuie s\u0103 faci un pas \u00eenapoi dintr-o func\u021bie important\u0103, ministru, conducerea Camerei Deputa\u021bilor, pre\u0219edin\u021bii de organiza\u021bii, vicepre\u0219edin\u021bii&#8221;.<\/p>\n<p data-index=\"3\">Pentru c\u0103 m\u0103sura \u00eei vizeaz\u0103 doar pe membrii acuza\u0163i de corup\u0163ie, pre\u015fedintele executiv al PSD,<strong> Liviu Dragnea<\/strong>, ar sc\u0103pa de o astfel de sanc\u0163iune. El este anchetat \u00een dosarul referendumului pentru fraud\u0103 electoral\u0103.<\/p>\n<p data-index=\"4\">Viza\u0163i de aceast\u0103 m\u0103sur\u0103 sunt \u00eens\u0103 doi vicepre\u015fedin\u0163i PSD: <strong>Ecaterina Andronescu,<\/strong> acuzat\u0103 de corup\u0163ie \u00een dosarul Microsoft \u015fi <strong>Mircea Cosma<\/strong>, pre\u015fedinte al Consiliului Jude\u0163ean Prahova, care este cercetat sub control judiciar.<\/p>\n<p data-index=\"5\"><strong>\u015ei liberalii \u00ee\u015fi fac ordine \u00een partid.<\/strong> Viza\u0163i sunt tot membrii care au dosare \u00een diferite faze ale procedurii de urm\u0103rire penal\u0103.<\/p>\n<p data-index=\"6\"><strong>Ludovic Orban:<\/strong> &#8220;Membrii PNL care vor fi trimi\u0219i \u00een judecat\u0103 vor fi suspenda\u021bi de drept din func\u021biile de conducere pe care le de\u021bin, membrii PNL care sunt condamna\u021bi \u00een prim\u0103 instan\u021b\u0103 vor fi suspenda\u021bi de drept \u0219i din calitatea de membru, urm\u00e2nd ca \u00een cazul \u00een care sunt condamna\u021bi definitiv s\u0103 \u00ee\u0219i piard\u0103 calitatea de membru. Pe perioada arestului preventiv, \u00een mod evident acesta va fi suspendat \u0219i din func\u021bia politic\u0103 pe care o de\u021bine \u0219i din calitatea de membru&#8221;.<\/p>\n<p data-index=\"7\">Deja <strong>Tudor Chiuariu<\/strong> a fost sanc\u0163ionat de partid. El a fost exclus din cauza dosarului retroced\u0103rilor ilegale de p\u0103duri \u00een care are calitatea de inculpat.<\/p>\n<p data-index=\"8\"><strong>At\u00e2t PSD, c\u00e2t \u015fi PNL \u00ee\u015fi vor modifica statutul \u00een a\u015fa fel \u00eenc\u00e2t s\u0103 existe sanc\u0163iuni clare pentru organiza\u0163iile care nu \u015fi-au pl\u0103tit datoriile cumulate de partid din cauza neachit\u0103rii cotiza\u0163iilor.<\/strong> Aceste filiale nu vor mai putea s\u0103 propun\u0103 candida\u0163i la viitoarele alegeri.<\/p>\n<p data-index=\"9\">\u00cen prezent, PNL are datorii \u00een valoare de 3 milioane de euro, \u00een timp ce PSD avea la finalul anului trecut, potrivit ANAF, datorii de peste 4 milioane de euro, care ar fi trebuit platite \u00een 2014.<\/p>\n<p data-index=\"10\">Ambele partide sper\u0103 ca p\u00e2n\u0103 la finalul lunii s\u0103 aib\u0103 un nou statut.<\/p>\n<\/div>\n<p> Source URL: https:\/\/www.digi24.ro\/stiri\/actualitate\/politica\/psd-si-pnl-isi-fac-ordine-in-partide-membrii-anchetati-penal-vor-fi-sanctionati-368534<\/p>\n","protected":false},"excerpt":{"rendered":"<p>Victor Ponta propune ca noul statut al PSD s\u0103 prevad\u0103 sanc\u0163iuni politice pentru social-democra\u0163ii care au probleme cu Justi\u0163ia. Victor Ponta: &#8220;Este vorba despre o anumit\u0103 responsabilitate politic\u0103, nu juridic\u0103, asta e stabilit\u0103 de instan\u021be, responsabilitate politic\u0103, care sunt diversele faze ale procesului penal pentru fapte de corup\u021bie \u00een care din punct de vedere al [&hellip;]<\/p>\n","protected":false},"author":1,"featured_media":185258,"comment_status":"open","ping_status":"","sticky":false,"template":"","format":"standard","meta":{"footnotes":""},"categories":[2],"tags":[11],"class_list":["post-185257","post","type-post","status-publish","format-standard","has-post-thumbnail","hentry","category-politics","tag-digi24"],"_links":{"self":[{"href":"https:\/\/analyse.optim.biz\/index.php?rest_route=\/wp\/v2\/posts\/185257","targetHints":{"allow":["GET"]}}],"collection":[{"href":"https:\/\/analyse.optim.biz\/index.php?rest_route=\/wp\/v2\/posts"}],"about":[{"href":"https:\/\/analyse.optim.biz\/index.php?rest_route=\/wp\/v2\/types\/post"}],"author":[{"embeddable":true,"href":"https:\/\/analyse.optim.biz\/index.php?rest_route=\/wp\/v2\/users\/1"}],"replies":[{"embeddable":true,"href":"https:\/\/analyse.optim.biz\/index.php?rest_route=%2Fwp%2Fv2%2Fcomments&post=185257"}],"version-history":[{"count":0,"href":"https:\/\/analyse.optim.biz\/index.php?rest_route=\/wp\/v2\/posts\/185257\/revisions"}],"wp:featuredmedia":[{"embeddable":true,"href":"https:\/\/analyse.optim.biz\/index.php?rest_route=\/wp\/v2\/media\/185258"}],"wp:attachment":[{"href":"https:\/\/analyse.optim.biz\/index.php?rest_route=%2Fwp%2Fv2%2Fmedia&parent=185257"}],"wp:term":[{"taxonomy":"category","embeddable":true,"href":"https:\/\/analyse.optim.biz\/index.php?rest_route=%2Fwp%2Fv2%2Fcategories&post=185257"},{"taxonomy":"post_tag","embeddable":true,"href":"https:\/\/analyse.optim.biz\/index.php?rest_route=%2Fwp%2Fv2%2Ftags&post=185257"}],"curies":[{"name":"wp","href":"https:\/\/api.w.org\/{rel}","templated":true}]}}