{"id":1852507,"date":"2026-03-27T19:48:35","date_gmt":"2026-03-27T16:48:35","guid":{"rendered":"https:\/\/analyse.optim.biz\/?p=1852507"},"modified":"2026-03-27T19:48:35","modified_gmt":"2026-03-27T16:48:35","slug":"60-minute-ziua-politiei-invitat-comisar-sef-silviu-dinu","status":"publish","type":"post","link":"https:\/\/analyse.optim.biz\/?p=1852507","title":{"rendered":"60 MINUTE \u2013 Ziua Politiei \u2013 invitat comisar \u0219ef SILVIU DINU"},"content":{"rendered":"<p>[analyse_image type=&#8221;featured&#8221; src=&#8221;https:\/\/www.tvbuzau.ro\/wp-content\/uploads\/2026\/03\/hqdefault-48.jpghttps:\/\/www.tvbuzau.ro\/wp-content\/uploads\/2026\/03\/hqdefault-48.jpg&#8221;]<\/p>\n<div class=\"td-ss-main-content\">\n<article id=\"post-118541\" class=\"post-118541 post type-post status-publish format-video has-post-thumbnail hentry category-60-de-minute post_format-post-format-video\">\n<div class=\"td-post-header\">\n<ul class=\"td-category\">\n<li class=\"entry-category\"><a href=\"https:\/\/www.tvbuzau.ro\/category\/60-de-minute\/\">60 de minute<\/a><\/li>\n<\/ul>\n<header class=\"td-post-title\">\n<h1 class=\"entry-title\">60 MINUTE \u2013 Ziua Politiei \u2013 invitat comisar \u0219ef SILVIU DINU<\/h1>\n<div class=\"td-module-meta-info\">\n<div class=\"td-post-author-name\">De c\u0103tre <a href=\"https:\/\/www.tvbuzau.ro\/author\/mihai-vasilescu\/\">TV Buz\u0103u<\/a> &#8211; <\/div>\n<p><span class=\"td-post-date\"><time class=\"entry-date updated td-module-date\" datetime=\"2026-03-27T19:48:35+00:00\">martie 27, 2026<\/time><\/span><\/p>\n<div class=\"td-post-comments\"><a href=\"https:\/\/www.tvbuzau.ro\/60-minute-ziua-politiei-invitat-comisar-sef-silviu-dinu\/#respond\">0<\/a><\/div>\n<div class=\"td-post-views\"><span class=\"td-nr-views-118541\">4<\/span><\/div>\n<\/div>\n<\/header>\n<\/div>\n<div class=\"td-post-sharing td-post-sharing-top td-with-like\">\n<div class=\"td-default-sharing\"><a class=\"td-social-sharing-buttons td-social-facebook\" href=\"http:\/\/www.facebook.com\/sharer.php?u=https%3A%2F%2Fwww.tvbuzau.ro%2F60-minute-ziua-politiei-invitat-comisar-sef-silviu-dinu%2F\"><\/p>\n<div class=\"td-social-but-text\">Distribui\u021bi pe Facebook<\/div>\n<p><\/a><a class=\"td-social-sharing-buttons td-social-twitter\" href=\"https:\/\/twitter.com\/intent\/tweet?text=60+MINUTE+%E2%80%93+Ziua+Politiei+%E2%80%93+invitat+comisar+%C8%99ef+SILVIU+DINU&amp;url=https%3A%2F%2Fwww.tvbuzau.ro%2F60-minute-ziua-politiei-invitat-comisar-sef-silviu-dinu%2F&amp;via=TV+Buz%C4%83u\"><\/p>\n<div class=\"td-social-but-text\">Distribui\u021bi pe Twitter<\/div>\n<p><\/a><\/div>\n<div class=\"td-classic-sharing\">\n<ul>\n<li class=\"td-classic-facebook\"><iframe frameborder src=\"https:\/\/www.facebook.com\/plugins\/like.php?href=https:\/\/www.tvbuzau.ro\/60-minute-ziua-politiei-invitat-comisar-sef-silviu-dinu\/&amp;layout=button_count&amp;show_faces=false&amp;width=105&amp;action=like&amp;colorscheme=light&amp;height=21\"><\/iframe><\/li>\n<li class=\"td-classic-twitter\"><a href=\"https:\/\/twitter.com\/share\" class=\"twitter-share-button\" data-url=\"https:\/\/www.tvbuzau.ro\/60-minute-ziua-politiei-invitat-comisar-sef-silviu-dinu\/\" data-text=\"60 MINUTE \u2013 Ziua Politiei \u2013 invitat comisar \u0219ef SILVIU DINU\" data-via data-lang=\"en\">tweet<\/a><\/li>\n<\/ul>\n<\/div>\n<\/div>\n<div class=\"td-post-content\">\n<div class=\"td-featured-image-rec\">\n<div class=\"wpb_video_wrapper\">\n                    <iframe loading=\"lazy\" id=\"td_youtube_player\" width=\"600\" height=\"560\" src=\"https:\/\/www.youtube.com\/embed\/LqpXxjqSNDg?enablejsapi=1&amp;feature=oembed&amp;wmode=opaque&amp;vq=hd720\" frameborder allowfullscreen><\/iframe><\/p><\/div>\n<\/div>\n<div class=\"post-views post-118541 entry-meta\"><span class=\"post-views-label\">Post Views: <\/span><span class=\"post-views-count\">81<\/span><\/div>\n<\/div>\n<footer>\n<div class=\"td-post-sharing td-post-sharing-bottom td-with-like\"><span class=\"td-post-share-title\">DISTRIBUI\u021aI<\/span><\/p>\n<div class=\"td-default-sharing\"><a class=\"td-social-sharing-buttons td-social-facebook\" href=\"http:\/\/www.facebook.com\/sharer.php?u=https%3A%2F%2Fwww.tvbuzau.ro%2F60-minute-ziua-politiei-invitat-comisar-sef-silviu-dinu%2F\"><\/p>\n<div class=\"td-social-but-text\">Facebook<\/div>\n<p><\/a><a class=\"td-social-sharing-buttons td-social-twitter\" href=\"https:\/\/twitter.com\/intent\/tweet?text=60+MINUTE+%E2%80%93+Ziua+Politiei+%E2%80%93+invitat+comisar+%C8%99ef+SILVIU+DINU&amp;url=https%3A%2F%2Fwww.tvbuzau.ro%2F60-minute-ziua-politiei-invitat-comisar-sef-silviu-dinu%2F&amp;via=TV+Buz%C4%83u\"><\/p>\n<div class=\"td-social-but-text\">Twitter<\/div>\n<p><\/a><\/div>\n<div class=\"td-classic-sharing\">\n<ul>\n<li class=\"td-classic-facebook\"><iframe frameborder src=\"https:\/\/www.facebook.com\/plugins\/like.php?href=https:\/\/www.tvbuzau.ro\/60-minute-ziua-politiei-invitat-comisar-sef-silviu-dinu\/&amp;layout=button_count&amp;show_faces=false&amp;width=105&amp;action=like&amp;colorscheme=light&amp;height=21\"><\/iframe><\/li>\n<li class=\"td-classic-twitter\"><a href=\"https:\/\/twitter.com\/share\" class=\"twitter-share-button\" data-url=\"https:\/\/www.tvbuzau.ro\/60-minute-ziua-politiei-invitat-comisar-sef-silviu-dinu\/\" data-text=\"60 MINUTE \u2013 Ziua Politiei \u2013 invitat comisar \u0219ef SILVIU DINU\" data-via data-lang=\"en\">tweet<\/a><\/li>\n<\/ul>\n<\/div>\n<\/div>\n<div class=\"td-author-name vcard author\"><span class=\"fn\"><a href=\"https:\/\/www.tvbuzau.ro\/author\/mihai-vasilescu\/\">TV Buz\u0103u<\/a><\/span><\/div>\n<p><span><\/span><span><span><\/span><\/span><span><\/span><\/footer>\n<\/article>\n<div class=\"td_block_wrap td_block_related_posts td_uid_1_69c7e055c474b_rand td_with_ajax_pagination td-pb-border-top\" data-td-block-uid=\"td_uid_1_69c7e055c474b\">\n<h4 class=\"td-related-title\"><a id=\"td_uid_2_69c7e055c5ad1\" class=\"td-related-left td-cur-simple-item\" data-td_filter_value data-td_block_id=\"td_uid_1_69c7e055c474b\" href=\"https:\/\/www.tvbuzau.ro\/60-minute-ziua-politiei-invitat-comisar-sef-silviu-dinu\/\">ARTICOLE SIMILARE<\/a><a id=\"td_uid_3_69c7e055c5b0c\" class=\"td-related-right\" data-td_filter_value=\"td_related_more_from_author\" data-td_block_id=\"td_uid_1_69c7e055c474b\" href=\"https:\/\/www.tvbuzau.ro\/60-minute-ziua-politiei-invitat-comisar-sef-silviu-dinu\/\">DE LA ACELA\u0218I AUTOR<\/a><\/h4>\n<div id=\"td_uid_1_69c7e055c474b\" class=\"td_block_inner\">\n<div class=\"td-related-row\">\n<div class=\"td-related-span4\">\n<div class=\"td_module_related_posts td-animation-stack td_mod_related_posts\">\n<div class=\"td-module-image\">\n<div class=\"td-module-thumb\"><a href=\"https:\/\/www.tvbuzau.ro\/60-minute-invatamantul-romanesc-invitat-dan-popescu\/\" rel=\"bookmark\" title=\"60 MINUTE \u2013 \u00ceNV\u0102\u021a\u0102M\u00c2NTUL ROM\u00c2NESC \u2013 invitat DAN POPESCU\"><img loading=\"lazy\" decoding=\"async\" width=\"218\" height=\"150\" class=\"entry-thumb\" src=\"https:\/\/www.tvbuzau.ro\/wp-content\/uploads\/2026\/03\/hqdefault-47-218x150.jpg\" alt title=\"60 MINUTE \u2013 \u00ceNV\u0102\u021a\u0102M\u00c2NTUL ROM\u00c2NESC \u2013 invitat DAN POPESCU\"><span class=\"td-video-play-ico\"><img loading=\"lazy\" decoding=\"async\" width=\"40\" height=\"40\" class=\"td-retina\" src=\"https:\/\/www.tvbuzau.ro\/wp-content\/themes\/Newspaper\/images\/icons\/ico-video-large.png\" alt=\"video\"><\/span><\/a><\/div>\n<p><a href=\"https:\/\/www.tvbuzau.ro\/category\/60-de-minute\/\" class=\"td-post-category\">60 de minute<\/a><\/div>\n<div class=\"item-details\">\n<h3 class=\"entry-title td-module-title\"><a href=\"https:\/\/www.tvbuzau.ro\/60-minute-invatamantul-romanesc-invitat-dan-popescu\/\" rel=\"bookmark\" title=\"60 MINUTE \u2013 \u00ceNV\u0102\u021a\u0102M\u00c2NTUL ROM\u00c2NESC \u2013 invitat DAN POPESCU\">60 MINUTE \u2013 \u00ceNV\u0102\u021a\u0102M\u00c2NTUL ROM\u00c2NESC \u2013 invitat DAN POPESCU<\/a><\/h3>\n<\/div>\n<\/div>\n<\/div>\n<div class=\"td-related-span4\">\n<div class=\"td_module_related_posts td-animation-stack td_mod_related_posts\">\n<div class=\"td-module-image\">\n<div class=\"td-module-thumb\"><a href=\"https:\/\/www.tvbuzau.ro\/60-minute-cu-discretie-la-inceput-de-an-a-plecat-pe-urmele-sotiei-aurelian-poterasu\/\" rel=\"bookmark\" title=\"60 MINUTE \u2013  CU DISCRE\u021aIE LA \u00ceNCEPUT DE AN A PLECAT PE URMELE SO\u021aIEI AURELIAN POTERASU\"><img loading=\"lazy\" decoding=\"async\" width=\"218\" height=\"150\" class=\"entry-thumb\" src=\"https:\/\/www.tvbuzau.ro\/wp-content\/uploads\/2026\/02\/sddefault-33-218x150.jpg\" alt title=\"60 MINUTE \u2013  CU DISCRE\u021aIE LA \u00ceNCEPUT DE AN A PLECAT PE URMELE SO\u021aIEI AURELIAN POTERASU\"><span class=\"td-video-play-ico\"><img loading=\"lazy\" decoding=\"async\" width=\"40\" height=\"40\" class=\"td-retina\" src=\"https:\/\/www.tvbuzau.ro\/wp-content\/themes\/Newspaper\/images\/icons\/ico-video-large.png\" alt=\"video\"><\/span><\/a><\/div>\n<p><a href=\"https:\/\/www.tvbuzau.ro\/category\/60-de-minute\/\" class=\"td-post-category\">60 de minute<\/a><\/div>\n<div class=\"item-details\">\n<h3 class=\"entry-title td-module-title\"><a href=\"https:\/\/www.tvbuzau.ro\/60-minute-cu-discretie-la-inceput-de-an-a-plecat-pe-urmele-sotiei-aurelian-poterasu\/\" rel=\"bookmark\" title=\"60 MINUTE \u2013  CU DISCRE\u021aIE LA \u00ceNCEPUT DE AN A PLECAT PE URMELE SO\u021aIEI AURELIAN POTERASU\">60 MINUTE \u2013  CU DISCRE\u021aIE LA \u00ceNCEPUT DE AN A PLECAT PE URMELE SO\u021aIEI AURELIAN POTERASU<\/a><\/h3>\n<\/div>\n<\/div>\n<\/div>\n<div class=\"td-related-span4\">\n<div class=\"td_module_related_posts td-animation-stack td_mod_related_posts\">\n<div class=\"td-module-image\">\n<div class=\"td-module-thumb\"><a href=\"https:\/\/www.tvbuzau.ro\/60-minute-cosmin-florea-directorul-directiei-agricole-buzau-despre-agricultura-anului-2026\/\" rel=\"bookmark\" title=\"60 MINUTE \u2013 COSMIN FLOREA, DIRECTORUL DIREC\u021aIEI AGRICOLE BUZ\u0102U, DESPRE AGRICULTURA ANULUI 2026\"><img loading=\"lazy\" decoding=\"async\" width=\"218\" height=\"150\" class=\"entry-thumb\" src=\"https:\/\/www.tvbuzau.ro\/wp-content\/uploads\/2026\/02\/sddefault-32-218x150.jpg\" alt title=\"60 MINUTE \u2013 COSMIN FLOREA, DIRECTORUL DIREC\u021aIEI AGRICOLE BUZ\u0102U, DESPRE AGRICULTURA ANULUI 2026\"><span class=\"td-video-play-ico\"><img loading=\"lazy\" decoding=\"async\" width=\"40\" height=\"40\" class=\"td-retina\" src=\"https:\/\/www.tvbuzau.ro\/wp-content\/themes\/Newspaper\/images\/icons\/ico-video-large.png\" alt=\"video\"><\/span><\/a><\/div>\n<p><a href=\"https:\/\/www.tvbuzau.ro\/category\/60-de-minute\/\" class=\"td-post-category\">60 de minute<\/a><\/div>\n<div class=\"item-details\">\n<h3 class=\"entry-title td-module-title\"><a href=\"https:\/\/www.tvbuzau.ro\/60-minute-cosmin-florea-directorul-directiei-agricole-buzau-despre-agricultura-anului-2026\/\" rel=\"bookmark\" title=\"60 MINUTE \u2013 COSMIN FLOREA, DIRECTORUL DIREC\u021aIEI AGRICOLE BUZ\u0102U, DESPRE AGRICULTURA ANULUI 2026\">60 MINUTE \u2013 COSMIN FLOREA, DIRECTORUL DIREC\u021aIEI AGRICOLE BUZ\u0102U, DESPRE AGRICULTURA ANULUI 2026<\/a><\/h3>\n<\/div>\n<\/div>\n<\/div>\n<\/div>\n<div class=\"td-related-row\">\n<div class=\"td-related-span4\">\n<div class=\"td_module_related_posts td-animation-stack td_mod_related_posts\">\n<div class=\"td-module-image\">\n<div class=\"td-module-thumb\"><a href=\"https:\/\/www.tvbuzau.ro\/60-minute-prof-dr-gheorghe-miu-primarul-comunei-padina\/\" rel=\"bookmark\" title=\"60 MINUTE \u2013  Prof. Dr. GHEORGHE MIU, Primarul comunei Padina\"><img loading=\"lazy\" decoding=\"async\" width=\"218\" height=\"150\" class=\"entry-thumb\" src=\"https:\/\/www.tvbuzau.ro\/wp-content\/uploads\/2026\/02\/sddefault-25-218x150.jpg\" alt title=\"60 MINUTE \u2013  Prof. Dr. GHEORGHE MIU, Primarul comunei Padina\"><span class=\"td-video-play-ico\"><img loading=\"lazy\" decoding=\"async\" width=\"40\" height=\"40\" class=\"td-retina\" src=\"https:\/\/www.tvbuzau.ro\/wp-content\/themes\/Newspaper\/images\/icons\/ico-video-large.png\" alt=\"video\"><\/span><\/a><\/div>\n<p><a href=\"https:\/\/www.tvbuzau.ro\/category\/60-de-minute\/\" class=\"td-post-category\">60 de minute<\/a><\/div>\n<div class=\"item-details\">\n<h3 class=\"entry-title td-module-title\"><a href=\"https:\/\/www.tvbuzau.ro\/60-minute-prof-dr-gheorghe-miu-primarul-comunei-padina\/\" rel=\"bookmark\" title=\"60 MINUTE \u2013  Prof. Dr. GHEORGHE MIU, Primarul comunei Padina\">60 MINUTE \u2013  Prof. Dr. GHEORGHE MIU, Primarul comunei Padina<\/a><\/h3>\n<\/div>\n<\/div>\n<\/div>\n<div class=\"td-related-span4\">\n<div class=\"td_module_related_posts td-animation-stack td_mod_related_posts\">\n<div class=\"td-module-image\">\n<div class=\"td-module-thumb\"><a href=\"https:\/\/www.tvbuzau.ro\/60-de-minute-muzeul-judetean-buzau-a-sarbatorit-ziua-culturii-nationale\/\" rel=\"bookmark\" title=\"60 de Minute \u2013 Muzeul Jude\u021bean Buz\u0103u a s\u0103rb\u0103torit Ziua Culturii Na\u021bionale\"><img loading=\"lazy\" decoding=\"async\" width=\"218\" height=\"150\" class=\"entry-thumb\" src=\"https:\/\/www.tvbuzau.ro\/wp-content\/uploads\/2026\/01\/hqdefault-12-218x150.jpg\" alt title=\"60 de Minute \u2013 Muzeul Jude\u021bean Buz\u0103u a s\u0103rb\u0103torit Ziua Culturii Na\u021bionale\"><span class=\"td-video-play-ico\"><img loading=\"lazy\" decoding=\"async\" width=\"40\" height=\"40\" class=\"td-retina\" src=\"https:\/\/www.tvbuzau.ro\/wp-content\/themes\/Newspaper\/images\/icons\/ico-video-large.png\" alt=\"video\"><\/span><\/a><\/div>\n<p><a href=\"https:\/\/www.tvbuzau.ro\/category\/60-de-minute\/\" class=\"td-post-category\">60 de minute<\/a><\/div>\n<div class=\"item-details\">\n<h3 class=\"entry-title td-module-title\"><a href=\"https:\/\/www.tvbuzau.ro\/60-de-minute-muzeul-judetean-buzau-a-sarbatorit-ziua-culturii-nationale\/\" rel=\"bookmark\" title=\"60 de Minute \u2013 Muzeul Jude\u021bean Buz\u0103u a s\u0103rb\u0103torit Ziua Culturii Na\u021bionale\">60 de Minute \u2013 Muzeul Jude\u021bean Buz\u0103u a s\u0103rb\u0103torit Ziua Culturii Na\u021bionale<\/a><\/h3>\n<\/div>\n<\/div>\n<\/div>\n<div class=\"td-related-span4\">\n<div class=\"td_module_related_posts td-animation-stack td_mod_related_posts\">\n<div class=\"td-module-image\">\n<div class=\"td-module-thumb\"><a href=\"https:\/\/www.tvbuzau.ro\/psd-buzau-este-in-campanie-electorala-costin-stanciu-sustine-candidatura-lui-marcel-ciolacu\/\" rel=\"bookmark\" title=\"PSD Buz\u0103u este \u00een campanie electoral\u0103 \u2013 Costin STANCIU sus\u021bine candidatura lui Marcel Ciolacu\"><img loading=\"lazy\" decoding=\"async\" width=\"218\" height=\"150\" class=\"entry-thumb\" src=\"https:\/\/www.tvbuzau.ro\/wp-content\/uploads\/2025\/11\/sddefault-38-218x150.jpg\" alt title=\"PSD Buz\u0103u este \u00een campanie electoral\u0103 \u2013 Costin STANCIU sus\u021bine candidatura lui Marcel Ciolacu\"><span class=\"td-video-play-ico\"><img loading=\"lazy\" decoding=\"async\" width=\"40\" height=\"40\" class=\"td-retina\" src=\"https:\/\/www.tvbuzau.ro\/wp-content\/themes\/Newspaper\/images\/icons\/ico-video-large.png\" alt=\"video\"><\/span><\/a><\/div>\n<p><a href=\"https:\/\/www.tvbuzau.ro\/category\/60-de-minute\/\" class=\"td-post-category\">60 de minute<\/a><\/div>\n<div class=\"item-details\">\n<h3 class=\"entry-title td-module-title\"><a href=\"https:\/\/www.tvbuzau.ro\/psd-buzau-este-in-campanie-electorala-costin-stanciu-sustine-candidatura-lui-marcel-ciolacu\/\" rel=\"bookmark\" title=\"PSD Buz\u0103u este \u00een campanie electoral\u0103 \u2013 Costin STANCIU sus\u021bine candidatura lui Marcel Ciolacu\">PSD Buz\u0103u este \u00een campanie electoral\u0103 \u2013 Costin STANCIU sus\u021bine candidatura lui Marcel Ciolacu<\/a><\/h3>\n<\/div>\n<\/div>\n<\/div>\n<\/div>\n<\/div>\n<\/div>\n<div class=\"comments\" id=\"comments\">\n<div id=\"respond\" class=\"comment-respond\">\n<h3 id=\"reply-title\" class=\"comment-reply-title\">L\u0102SA\u021aI UN MESAJ <small><a rel=\"nofollow\" id=\"cancel-comment-reply-link\" href=\"https:\/\/www.tvbuzau.ro\/60-minute-ziua-politiei-invitat-comisar-sef-silviu-dinu\/#respond\">Renun\u021ba\u021bi la r\u0103spuns<\/a><\/small><\/h3>\n<\/div>\n<\/div>\n<\/div>\n<div class=\"td-post-content\">\n<div class=\"td-featured-image-rec\">\n<div class=\"wpb_video_wrapper\">\n                    <iframe loading=\"lazy\" id=\"td_youtube_player\" width=\"600\" height=\"560\" src=\"https:\/\/www.youtube.com\/embed\/LqpXxjqSNDg?enablejsapi=1&amp;feature=oembed&amp;wmode=opaque&amp;vq=hd720\" frameborder allowfullscreen><\/iframe><\/p><\/div>\n<\/div>\n<div class=\"post-views post-118541 entry-meta\"><span class=\"post-views-label\">Post Views: <\/span><span class=\"post-views-count\">81<\/span><\/div>\n<\/div>\n<p>[analyse_source url=&#8221;https:\/\/www.tvbuzau.ro\/60-minute-ziua-politiei-invitat-comisar-sef-silviu-dinu\/&#8221;]<\/p>\n","protected":false},"excerpt":{"rendered":"<p>[analyse_image type=&#8221;featured&#8221; src=&#8221;https:\/\/www.tvbuzau.ro\/wp-content\/uploads\/2026\/03\/hqdefault-48.jpghttps:\/\/www.tvbuzau.ro\/wp-content\/uploads\/2026\/03\/hqdefault-48.jpg&#8221;] 60 de minute 60 MINUTE \u2013 Ziua Politiei \u2013 invitat comisar \u0219ef SILVIU DINU De c\u0103tre TV Buz\u0103u &#8211; martie 27, 2026 0 4 Distribui\u021bi pe Facebook Distribui\u021bi pe Twitter tweet Post Views: 81 DISTRIBUI\u021aI Facebook Twitter tweet TV Buz\u0103u ARTICOLE SIMILAREDE LA ACELA\u0218I AUTOR 60 de minute 60 MINUTE \u2013 \u00ceNV\u0102\u021a\u0102M\u00c2NTUL [&hellip;]<\/p>\n","protected":false},"author":1,"featured_media":0,"comment_status":"open","ping_status":"","sticky":false,"template":"","format":"standard","meta":{"footnotes":""},"categories":[2],"tags":[226,116],"class_list":["post-1852507","post","type-post","status-publish","format-standard","hentry","category-politics","tag-crawlmanager","tag-tvbuzau-ro"],"_links":{"self":[{"href":"https:\/\/analyse.optim.biz\/index.php?rest_route=\/wp\/v2\/posts\/1852507","targetHints":{"allow":["GET"]}}],"collection":[{"href":"https:\/\/analyse.optim.biz\/index.php?rest_route=\/wp\/v2\/posts"}],"about":[{"href":"https:\/\/analyse.optim.biz\/index.php?rest_route=\/wp\/v2\/types\/post"}],"author":[{"embeddable":true,"href":"https:\/\/analyse.optim.biz\/index.php?rest_route=\/wp\/v2\/users\/1"}],"replies":[{"embeddable":true,"href":"https:\/\/analyse.optim.biz\/index.php?rest_route=%2Fwp%2Fv2%2Fcomments&post=1852507"}],"version-history":[{"count":0,"href":"https:\/\/analyse.optim.biz\/index.php?rest_route=\/wp\/v2\/posts\/1852507\/revisions"}],"wp:attachment":[{"href":"https:\/\/analyse.optim.biz\/index.php?rest_route=%2Fwp%2Fv2%2Fmedia&parent=1852507"}],"wp:term":[{"taxonomy":"category","embeddable":true,"href":"https:\/\/analyse.optim.biz\/index.php?rest_route=%2Fwp%2Fv2%2Fcategories&post=1852507"},{"taxonomy":"post_tag","embeddable":true,"href":"https:\/\/analyse.optim.biz\/index.php?rest_route=%2Fwp%2Fv2%2Ftags&post=1852507"}],"curies":[{"name":"wp","href":"https:\/\/api.w.org\/{rel}","templated":true}]}}