{"id":185246,"date":"2015-03-09T17:44:26","date_gmt":"2015-03-09T14:44:26","guid":{"rendered":"https:\/\/analyse.optim.biz\/?p=185246"},"modified":"2015-03-09T17:44:26","modified_gmt":"2015-03-09T14:44:26","slug":"victor-ponta-acuzat-de-presiuni-in-cazul-nana","status":"publish","type":"post","link":"https:\/\/analyse.optim.biz\/?p=185246","title":{"rendered":"Victor Ponta, acuzat de presiuni \u00een cazul Nana"},"content":{"rendered":"<div class=\"entry data-app-meta data-app-meta-article\" data-embed-base-url-canonical=\"https:\/\/www.digi24.ro\/embed\/stiri\/actualitate\/politica\/victor-ponta-acuzat-de-presiuni-in-cazul-nana-368658\">\n<p data-index=\"1\"><strong>E politic pentru c\u0103 a avut ca punct de pornire o anchet\u0103 parlamentar\u0103 &#8211;<\/strong>\u00a0este ap\u0103rarea fostului pre\u0219edinte, acuzat c\u0103 a \u00eenc\u0103lcat independen\u021ba justi\u021biei printr-o postare pe Facebook referitoare la ancheta penal\u0103 privind retroced\u0103rile de terenuri din comuna Nana.<\/p>\n<p data-index=\"2\"><a href=\"https:\/\/www.digi24.ro\/Stiri\/Digi24\/Actualitate\/Justitie\/Afirmatiile+lui+Traian+Basescu+despre+sechestrul+pe+terenurile+d\" target=\"_blank\" data-skip-linkfix=\"1\" rel=\"noopener\">Inspec\u021bia judiciar\u0103 va face propria investiga\u021bie<\/a> \u00een leg\u0103tur\u0103 cu declara\u021biile lui Traian B\u0103sescu.<\/p>\n<p data-index=\"3\">\u201eEu am f\u0103cut referire la ac\u021biunea Parlamentului. De acolo a pornit scandalul Nana\u201d, a declarat Traian B\u0103sescu.<\/p>\n<p data-index=\"4\">\u201eA fost o ac\u021biune politic\u0103 ini\u021biat\u0103 de premier, materializat\u0103 printr-o comisie parlamentar\u0103. Comisia parlamentar\u0103 nu \u00eenseamn\u0103 o ac\u021biune politic\u0103\u201d, a mai spus fostul pre\u0219edinte.<\/p>\n<p data-index=\"5\">\u00centrebat dac\u0103 consider\u0103 c\u0103 nu a afectat independen\u021ba justi\u021biei prin declara\u021biile sale, fostul pre\u0219edinte a r\u0103spuns c\u0103 nu. \u201eCategoric, nu! \u0218i dac\u0103 domnul Ni\u021bu consider\u0103 c\u0103 a venit vremea \u00een care nimeni s\u0103 nu \u00eendr\u0103zneasc\u0103 s\u0103 mai exprime un punct de vedere c\u0103 d\u00e2nsul are sensibilit\u0103\u021bi, \u00eel anun\u021b c\u0103 nu voi \u021bine cont de sensibilit\u0103\u021bile sale, mai ales c\u00e2nd minte\u201d, a mai spus fostul pre\u0219edinte Traian B\u0103sescu.\u00a0<\/p>\n<p data-index=\"6\">Fostul pre\u015fedinte <a href=\"https:\/\/www.digi24.ro\/Stiri\/Digi24\/Actualitate\/Politica\/Traian+Basescu+Imi+pare+rau+pentru+cele+127+de+familii+din+Nana\" target=\"_blank\" data-skip-linkfix=\"1\" rel=\"noopener\">a scris, s\u00e2mb\u0103t\u0103, pe Facebook<\/a>, c\u0103 \u00eei pare r\u0103u pentru cele 127 de familii din comuna Nana care au sechestru pe terenurile agricole restituite \u00een perioada 1996-2010, ar\u0103t\u00e2nd c\u0103 aceste familii suport\u0103 consecin\u0163ele unor ac\u0163iuni politice \u00eendreptate \u00eempotriva sa.<\/p>\n<p data-index=\"7\"><a href=\"https:\/\/www.digi24.ro\/Stiri\/Digi24\/Actualitate\/Justitie\/Parchetul+general+sesizeaza+CSM+in+privinta+declaratiilor+lui+Tr\" target=\"_blank\" data-skip-linkfix=\"1\" rel=\"noopener\">Parchetul General a cerut Consiliului Superior al Magistraturii<\/a> s\u0103 verifice dac\u0103 aceste declara\u021bii \u00eencalc\u0103 independen\u021ba justi\u021biei.<\/p>\n<\/div>\n<p> Source URL: https:\/\/www.digi24.ro\/stiri\/actualitate\/politica\/victor-ponta-acuzat-de-presiuni-in-cazul-nana-368658<\/p>\n","protected":false},"excerpt":{"rendered":"<p>E politic pentru c\u0103 a avut ca punct de pornire o anchet\u0103 parlamentar\u0103 &#8211;\u00a0este ap\u0103rarea fostului pre\u0219edinte, acuzat c\u0103 a \u00eenc\u0103lcat independen\u021ba justi\u021biei printr-o postare pe Facebook referitoare la ancheta penal\u0103 privind retroced\u0103rile de terenuri din comuna Nana. Inspec\u021bia judiciar\u0103 va face propria investiga\u021bie \u00een leg\u0103tur\u0103 cu declara\u021biile lui Traian B\u0103sescu. \u201eEu am f\u0103cut referire [&hellip;]<\/p>\n","protected":false},"author":1,"featured_media":185247,"comment_status":"open","ping_status":"","sticky":false,"template":"","format":"standard","meta":{"footnotes":""},"categories":[2],"tags":[11],"class_list":["post-185246","post","type-post","status-publish","format-standard","has-post-thumbnail","hentry","category-politics","tag-digi24"],"_links":{"self":[{"href":"https:\/\/analyse.optim.biz\/index.php?rest_route=\/wp\/v2\/posts\/185246","targetHints":{"allow":["GET"]}}],"collection":[{"href":"https:\/\/analyse.optim.biz\/index.php?rest_route=\/wp\/v2\/posts"}],"about":[{"href":"https:\/\/analyse.optim.biz\/index.php?rest_route=\/wp\/v2\/types\/post"}],"author":[{"embeddable":true,"href":"https:\/\/analyse.optim.biz\/index.php?rest_route=\/wp\/v2\/users\/1"}],"replies":[{"embeddable":true,"href":"https:\/\/analyse.optim.biz\/index.php?rest_route=%2Fwp%2Fv2%2Fcomments&post=185246"}],"version-history":[{"count":0,"href":"https:\/\/analyse.optim.biz\/index.php?rest_route=\/wp\/v2\/posts\/185246\/revisions"}],"wp:featuredmedia":[{"embeddable":true,"href":"https:\/\/analyse.optim.biz\/index.php?rest_route=\/wp\/v2\/media\/185247"}],"wp:attachment":[{"href":"https:\/\/analyse.optim.biz\/index.php?rest_route=%2Fwp%2Fv2%2Fmedia&parent=185246"}],"wp:term":[{"taxonomy":"category","embeddable":true,"href":"https:\/\/analyse.optim.biz\/index.php?rest_route=%2Fwp%2Fv2%2Fcategories&post=185246"},{"taxonomy":"post_tag","embeddable":true,"href":"https:\/\/analyse.optim.biz\/index.php?rest_route=%2Fwp%2Fv2%2Ftags&post=185246"}],"curies":[{"name":"wp","href":"https:\/\/api.w.org\/{rel}","templated":true}]}}