{"id":185235,"date":"2015-03-09T18:40:41","date_gmt":"2015-03-09T15:40:41","guid":{"rendered":"https:\/\/analyse.optim.biz\/?p=185235"},"modified":"2015-03-09T18:40:41","modified_gmt":"2015-03-09T15:40:41","slug":"mircea-geoana-va-fi-sef-al-partidului-social-romanesc","status":"publish","type":"post","link":"https:\/\/analyse.optim.biz\/?p=185235","title":{"rendered":"Mircea Geoan\u0103 va fi \u015fef al Partidului Social Rom\u00e2nesc"},"content":{"rendered":"<div class=\"entry data-app-meta data-app-meta-article\" data-embed-base-url-canonical=\"https:\/\/www.digi24.ro\/embed\/stiri\/actualitate\/politica\/mircea-geoana-va-fi-sef-al-partidului-social-romanesc-368715\">\n<p data-index=\"1\">Grupul de ini\u0163iativ\u0103 lansat de cei doi a depus deja documentele la Tribunal pentru \u00eenregistrarea Partidului Social Rom\u00e2nesc. Noua forma\u0163iune va fi condus\u0103 de senatorul Mircea Geoan\u0103.<\/p>\n<p data-index=\"2\">Potrivit documentelor depuse, noul partid este de st\u00e2nga \u015fi va avea o doctrin\u0103 social-democrat\u0103. Electoratul vizat e format din salaria\u0163i, tineri \u015fi pensionari.<\/p>\n<p data-index=\"3\">\u00cen urm\u0103 cu o lun\u0103, Mircea Geoan\u0103 \u015fi Marian Vanghelie lansau platforma Rom\u00e2nia Noastr\u0103, sus\u0163inut\u0103 de 17 parlamentari. \u00a0<\/p>\n<\/div>\n<p> Source URL: https:\/\/www.digi24.ro\/stiri\/actualitate\/politica\/mircea-geoana-va-fi-sef-al-partidului-social-romanesc-368715<\/p>\n","protected":false},"excerpt":{"rendered":"<p>Grupul de ini\u0163iativ\u0103 lansat de cei doi a depus deja documentele la Tribunal pentru \u00eenregistrarea Partidului Social Rom\u00e2nesc. Noua forma\u0163iune va fi condus\u0103 de senatorul Mircea Geoan\u0103. Potrivit documentelor depuse, noul partid este de st\u00e2nga \u015fi va avea o doctrin\u0103 social-democrat\u0103. Electoratul vizat e format din salaria\u0163i, tineri \u015fi pensionari. \u00cen urm\u0103 cu o lun\u0103, [&hellip;]<\/p>\n","protected":false},"author":1,"featured_media":185236,"comment_status":"open","ping_status":"","sticky":false,"template":"","format":"standard","meta":{"footnotes":""},"categories":[2],"tags":[11],"class_list":["post-185235","post","type-post","status-publish","format-standard","has-post-thumbnail","hentry","category-politics","tag-digi24"],"_links":{"self":[{"href":"https:\/\/analyse.optim.biz\/index.php?rest_route=\/wp\/v2\/posts\/185235","targetHints":{"allow":["GET"]}}],"collection":[{"href":"https:\/\/analyse.optim.biz\/index.php?rest_route=\/wp\/v2\/posts"}],"about":[{"href":"https:\/\/analyse.optim.biz\/index.php?rest_route=\/wp\/v2\/types\/post"}],"author":[{"embeddable":true,"href":"https:\/\/analyse.optim.biz\/index.php?rest_route=\/wp\/v2\/users\/1"}],"replies":[{"embeddable":true,"href":"https:\/\/analyse.optim.biz\/index.php?rest_route=%2Fwp%2Fv2%2Fcomments&post=185235"}],"version-history":[{"count":0,"href":"https:\/\/analyse.optim.biz\/index.php?rest_route=\/wp\/v2\/posts\/185235\/revisions"}],"wp:featuredmedia":[{"embeddable":true,"href":"https:\/\/analyse.optim.biz\/index.php?rest_route=\/wp\/v2\/media\/185236"}],"wp:attachment":[{"href":"https:\/\/analyse.optim.biz\/index.php?rest_route=%2Fwp%2Fv2%2Fmedia&parent=185235"}],"wp:term":[{"taxonomy":"category","embeddable":true,"href":"https:\/\/analyse.optim.biz\/index.php?rest_route=%2Fwp%2Fv2%2Fcategories&post=185235"},{"taxonomy":"post_tag","embeddable":true,"href":"https:\/\/analyse.optim.biz\/index.php?rest_route=%2Fwp%2Fv2%2Ftags&post=185235"}],"curies":[{"name":"wp","href":"https:\/\/api.w.org\/{rel}","templated":true}]}}