{"id":185224,"date":"2015-03-09T18:56:52","date_gmt":"2015-03-09T15:56:52","guid":{"rendered":"https:\/\/analyse.optim.biz\/?p=185224"},"modified":"2015-03-09T18:56:52","modified_gmt":"2015-03-09T15:56:52","slug":"modificarea-constitutiei-din-nou-pe-agenda-alesilor","status":"publish","type":"post","link":"https:\/\/analyse.optim.biz\/?p=185224","title":{"rendered":"Modificarea Constitu\u021biei, din nou pe agenda ale\u0219ilor"},"content":{"rendered":"<div class=\"entry data-app-meta data-app-meta-article\" data-embed-base-url-canonical=\"https:\/\/www.digi24.ro\/embed\/stiri\/actualitate\/politica\/modificarea-constitutiei-din-nou-pe-agenda-alesilor-368720\">\n<p data-index=\"1\">Prima \u0219edin\u021b\u0103 a adus schimb\u0103ri la conducerea Comisiei. \u015eefia acesteia a fost preluat\u0103 de social-democratul Ioan Chelaru, dup\u0103 ce Crin Antonescu a renun\u0163at la aceast\u0103 func\u0163ie.<\/p>\n<p data-index=\"2\"><strong> Membrii comisiei spun c\u0103 proiectul pentru modificarea Constitu\u0163iei va con\u0163ine sanc\u0163iuni pentru traseism.<\/strong> Parlamentarii \u00ee\u015fi propun ca p\u00e2n\u0103 la 1 iunie proiectul de revizuire s\u0103 fie finalizat, astfel \u00eenc\u00e2t s\u0103 treac\u0103 de Senat p\u00e2n\u0103 la finele sesiunii parlamentare.<\/p>\n<p data-index=\"3\"><strong>\u00cen Camera Deputa\u0163ilor, proiectul ar ajunge imediat dup\u0103 vacan\u0163\u0103, la 1 octombrie<\/strong>. Dup\u0103 noul vot din Parlament, proiectul trebuie s\u0103 fie acceptat \u015fi de Curtea Constitu\u0163ional\u0103.<\/p>\n<\/div>\n<p> Source URL: https:\/\/www.digi24.ro\/stiri\/actualitate\/politica\/modificarea-constitutiei-din-nou-pe-agenda-alesilor-368720<\/p>\n","protected":false},"excerpt":{"rendered":"<p>Prima \u0219edin\u021b\u0103 a adus schimb\u0103ri la conducerea Comisiei. \u015eefia acesteia a fost preluat\u0103 de social-democratul Ioan Chelaru, dup\u0103 ce Crin Antonescu a renun\u0163at la aceast\u0103 func\u0163ie. Membrii comisiei spun c\u0103 proiectul pentru modificarea Constitu\u0163iei va con\u0163ine sanc\u0163iuni pentru traseism. Parlamentarii \u00ee\u015fi propun ca p\u00e2n\u0103 la 1 iunie proiectul de revizuire s\u0103 fie finalizat, astfel \u00eenc\u00e2t [&hellip;]<\/p>\n","protected":false},"author":1,"featured_media":185225,"comment_status":"open","ping_status":"","sticky":false,"template":"","format":"standard","meta":{"footnotes":""},"categories":[2],"tags":[11],"class_list":["post-185224","post","type-post","status-publish","format-standard","has-post-thumbnail","hentry","category-politics","tag-digi24"],"_links":{"self":[{"href":"https:\/\/analyse.optim.biz\/index.php?rest_route=\/wp\/v2\/posts\/185224","targetHints":{"allow":["GET"]}}],"collection":[{"href":"https:\/\/analyse.optim.biz\/index.php?rest_route=\/wp\/v2\/posts"}],"about":[{"href":"https:\/\/analyse.optim.biz\/index.php?rest_route=\/wp\/v2\/types\/post"}],"author":[{"embeddable":true,"href":"https:\/\/analyse.optim.biz\/index.php?rest_route=\/wp\/v2\/users\/1"}],"replies":[{"embeddable":true,"href":"https:\/\/analyse.optim.biz\/index.php?rest_route=%2Fwp%2Fv2%2Fcomments&post=185224"}],"version-history":[{"count":0,"href":"https:\/\/analyse.optim.biz\/index.php?rest_route=\/wp\/v2\/posts\/185224\/revisions"}],"wp:featuredmedia":[{"embeddable":true,"href":"https:\/\/analyse.optim.biz\/index.php?rest_route=\/wp\/v2\/media\/185225"}],"wp:attachment":[{"href":"https:\/\/analyse.optim.biz\/index.php?rest_route=%2Fwp%2Fv2%2Fmedia&parent=185224"}],"wp:term":[{"taxonomy":"category","embeddable":true,"href":"https:\/\/analyse.optim.biz\/index.php?rest_route=%2Fwp%2Fv2%2Fcategories&post=185224"},{"taxonomy":"post_tag","embeddable":true,"href":"https:\/\/analyse.optim.biz\/index.php?rest_route=%2Fwp%2Fv2%2Ftags&post=185224"}],"curies":[{"name":"wp","href":"https:\/\/api.w.org\/{rel}","templated":true}]}}