{"id":185213,"date":"2015-03-09T20:42:34","date_gmt":"2015-03-09T17:42:34","guid":{"rendered":"https:\/\/analyse.optim.biz\/?p=185213"},"modified":"2015-03-09T20:42:34","modified_gmt":"2015-03-09T17:42:34","slug":"mama-lui-victor-ponta-l-as-convinge-sa-plece","status":"publish","type":"post","link":"https:\/\/analyse.optim.biz\/?p=185213","title":{"rendered":"Mama lui Victor Ponta: \u201eL-a\u0219 convinge s\u0103 plece\u201d"},"content":{"rendered":"<div class=\"entry data-app-meta data-app-meta-article\" data-embed-base-url-canonical=\"https:\/\/www.digi24.ro\/embed\/stiri\/actualitate\/politica\/mama-lui-victor-ponta-l-as-convinge-sa-plece-368762\">\n<p data-index=\"1\">Revolta vine \u00eentr-un moment \u00een care cumnatul prim-ministrului este anchetat de procurorii anticorup\u0163ie pentru fraud\u0103 cu fonduri europene.<\/p>\n<p data-index=\"2\">\u201e<strong>Dac\u0103 a\u015f avea putere s\u0103-l conving m\u00e2ine s\u0103 plece din aceast\u0103 func\u0163ie, s\u0103-i v\u0103d cum se descurc\u0103 \u00een situa\u0163ia \u00een care suntem azi \u0219i din punct de vedere economic, chiar \u0219i politic, l-a\u015f convinge s\u0103 plece a\u0219a cum l-am sus\u021binut<\/strong>. \u00cens\u0103, nu este un copil mic. De mult timp nu mai face neap\u0103rat ce spune mama\u201d, a spus Cornelia Naum, mama lui Victor Ponta.<\/p>\n<p data-index=\"3\"><a href=\"https:\/\/www.digi24.ro\/Stiri\/Digi24\/Actualitate\/Justitie\/Victor+Ponta+Am+vrut+sa+merg+cu+mama+la+DNA+mi-a+zis+ca+se+va+sp\" target=\"_blank\" data-skip-linkfix=\"1\" rel=\"noopener\">Victor Ponta: Am vrut s\u0103 merg cu mama la DNA, mi-a zis c\u0103 se va spune c\u0103 influen\u0163ez justi\u0163ia<\/a><\/p>\n<p data-index=\"4\"><strong>Cornelia Naum a declarat, s\u00e2mb\u0103t\u0103 sear\u0103, c\u0103 \u00eentregul scandal \u00een care a fost implicat\u0103 dup\u0103 arestarea ginerelui s\u0103u, Iulian Her\u0163anu, \u00eel are ca \u0163int\u0103 pe premier.<\/strong><\/p>\n<p data-index=\"5\"><a href=\"https:\/\/www.digi24.ro\/Stiri\/Digi24\/Actualitate\/Justitie\/Mama+premierului+la+DNA+Ploiesti\" target=\"_blank\" data-skip-linkfix=\"1\" rel=\"noopener\">Mama premierului a fost audiat\u0103 la DNA Ploie\u015fti<\/a><\/p>\n<p data-index=\"6\"><strong><a href=\"https:\/\/www.digi24.ro\/Stiri\/Digi24\/Actualitate\/Justitie\/Victor+Ponta+E+o+mare+suferinta+sa+vad+ca+mama+si+sora+mea+sunt+\" target=\"_blank\" data-skip-linkfix=\"1\" rel=\"noopener\"><strong>Victor Ponta: E o mare suferin\u0163\u0103 s\u0103 v\u0103d c\u0103 mama \u015fi sora mea sunt lin\u015fate mediatic, doar ca s\u0103 fiu eu lovit politic<\/strong><\/a><\/strong><\/p>\n<\/div>\n<p> Source URL: https:\/\/www.digi24.ro\/stiri\/actualitate\/politica\/mama-lui-victor-ponta-l-as-convinge-sa-plece-368762<\/p>\n","protected":false},"excerpt":{"rendered":"<p>Revolta vine \u00eentr-un moment \u00een care cumnatul prim-ministrului este anchetat de procurorii anticorup\u0163ie pentru fraud\u0103 cu fonduri europene. \u201eDac\u0103 a\u015f avea putere s\u0103-l conving m\u00e2ine s\u0103 plece din aceast\u0103 func\u0163ie, s\u0103-i v\u0103d cum se descurc\u0103 \u00een situa\u0163ia \u00een care suntem azi \u0219i din punct de vedere economic, chiar \u0219i politic, l-a\u015f convinge s\u0103 plece a\u0219a [&hellip;]<\/p>\n","protected":false},"author":1,"featured_media":185214,"comment_status":"open","ping_status":"","sticky":false,"template":"","format":"standard","meta":{"footnotes":""},"categories":[2],"tags":[11],"class_list":["post-185213","post","type-post","status-publish","format-standard","has-post-thumbnail","hentry","category-politics","tag-digi24"],"_links":{"self":[{"href":"https:\/\/analyse.optim.biz\/index.php?rest_route=\/wp\/v2\/posts\/185213","targetHints":{"allow":["GET"]}}],"collection":[{"href":"https:\/\/analyse.optim.biz\/index.php?rest_route=\/wp\/v2\/posts"}],"about":[{"href":"https:\/\/analyse.optim.biz\/index.php?rest_route=\/wp\/v2\/types\/post"}],"author":[{"embeddable":true,"href":"https:\/\/analyse.optim.biz\/index.php?rest_route=\/wp\/v2\/users\/1"}],"replies":[{"embeddable":true,"href":"https:\/\/analyse.optim.biz\/index.php?rest_route=%2Fwp%2Fv2%2Fcomments&post=185213"}],"version-history":[{"count":0,"href":"https:\/\/analyse.optim.biz\/index.php?rest_route=\/wp\/v2\/posts\/185213\/revisions"}],"wp:featuredmedia":[{"embeddable":true,"href":"https:\/\/analyse.optim.biz\/index.php?rest_route=\/wp\/v2\/media\/185214"}],"wp:attachment":[{"href":"https:\/\/analyse.optim.biz\/index.php?rest_route=%2Fwp%2Fv2%2Fmedia&parent=185213"}],"wp:term":[{"taxonomy":"category","embeddable":true,"href":"https:\/\/analyse.optim.biz\/index.php?rest_route=%2Fwp%2Fv2%2Fcategories&post=185213"},{"taxonomy":"post_tag","embeddable":true,"href":"https:\/\/analyse.optim.biz\/index.php?rest_route=%2Fwp%2Fv2%2Ftags&post=185213"}],"curies":[{"name":"wp","href":"https:\/\/api.w.org\/{rel}","templated":true}]}}