{"id":1852090,"date":"2026-03-28T05:49:45","date_gmt":"2026-03-28T02:49:45","guid":{"rendered":"https:\/\/analyse.optim.biz\/?p=1852090"},"modified":"2026-03-28T05:49:45","modified_gmt":"2026-03-28T02:49:45","slug":"unda-verde-pentru-proiectul-hidrocentralei-surduc-siriu-controversele-raman-ce-solicita-comunitatea-din-gura-teghii","status":"publish","type":"post","link":"https:\/\/analyse.optim.biz\/?p=1852090","title":{"rendered":"Und\u0103 verde pentru proiectul hidrocentralei Surduc-Siriu, controversele r\u0103m\u00e2n. Ce solicit\u0103 comunitatea din Gura Teghii"},"content":{"rendered":"<p>[analyse_image type=&#8221;featured&#8221; src=&#8221;https:\/\/sansanews.ro\/wp-content\/uploads\/2026\/03\/surduc1.jpghttps:\/\/sansanews.ro\/wp-content\/uploads\/2026\/03\/surduc1.jpg&#8221;]<\/p>\n<div class=\"entry-content herald-entry-content\">\n<p>Dup\u0103<br \/>\nce ministrul Mediului, Diana Buzoianu, a anun\u021bat c\u00e2teva m\u0103suri noi incluse \u00een<br \/>\nacordul de mediu pentru proiectul Surduc\u2013Siriu, m\u0103suri menite s\u0103 evite impactul<br \/>\nnegativ al proiectului asupra comunit\u0103\u021bii \u0219i mediului, localnicii din Gura<br \/>\nTeghii spun c\u0103 e un pas \u00eenainte, dar nu suficient. Ei cer explica\u021bii mai clare<br \/>\n\u00eenainte s\u0103 se ia o decizie final\u0103.<\/p>\n<p>Prof.<br \/>\n\u0218tefan Petriceanu, reprezentantul Asocia\u021biei \u201eTaini\u021ba Ba\u0219tinei\u201d arat\u0103 anun\u021bul<br \/>\nf\u0103cut de ministrul Diana Buzoianu este important, dar nu spulber\u0103 \u00een totalitate<br \/>\ntemerile oamenilor. Printre<br \/>\nlucrurile bune anun\u021bate se num\u0103r\u0103 monitorizarea \u00een timp real a debitului r\u00e2ului<br \/>\nB\u00e2sca Mare, publicarea datelor online \u0219i promisiunea unui studiu care s\u0103 arate<br \/>\nclar dac\u0103 satele din zon\u0103 vor mai avea acces la ap\u0103 sau exist\u0103 riscul afect\u0103rii<br \/>\nsurselor existente. <\/p>\n<blockquote class=\"wp-block-quote\">\n<p>\u201cAsocia\u021bia Social-Cultural\u0103 \u201eTaini\u021ba Ba\u0219tinei\u201d, \u00een numele comunit\u0103\u021bilor active din zona B\u00e2sca \u2013 Gura Teghii, apreciaz\u0103 faptul c\u0103 ministrul mediului a fost prezent \u00een teren \u0219i c\u0103, \u00een proiectul de acord de mediu pentru Surduc \u2013 Nehoia\u0219u II, au fost introduse condi\u021bii suplimentare importante:<\/p>\n<\/blockquote>\n<ul>\n<li>\u2013 monitorizarea \u00een timp real a debitului ecologic<\/li>\n<li>\u2013 transparen\u021ba datelor (publicare online)<\/li>\n<li>\u2013 obliga\u021bia unui studiu dedicat pentru protejarea accesului la ap\u0103 al comunit\u0103\u021bilor<\/li>\n<li>Aceste elemente reprezint\u0103 un pas \u00eenainte \u0219i confirm\u0103 c\u0103 vocea oamenilor din zon\u0103 a fost auzit\u0103.\u201d<\/li>\n<\/ul>\n<div class=\"wp-block-image\">\n<figure class=\"alignright is-resized\"><img loading=\"lazy\" decoding=\"async\" src=\"https:\/\/sansanews.ro\/wp-content\/uploads\/2026\/03\/655864551_1354498640008251_7705381872642095278_n-1024x608.jpg\" alt class=\"wp-image-118502\" width=\"333\" height=\"198\"><figcaption>Foto Taini\u021ba Ba\u0219tinei<\/figcaption><\/figure>\n<\/div>\n<p>Chiar \u0219i a\u0219a, arat\u0103 prof. \u0218tefan Petriceanu, sunt \u00eenc\u0103 multe lucruri neclare. De exemplu, de\u0219i oficial se spune c\u0103 impactul asupra mediului ar fi redus, chiar studiile care stau la baza proiectului ar ar\u0103ta c\u0103 efectele s-ar putea \u00eentinde pe zeci de kilometri \u00een aval de amenajarea hidroenergetic\u0103. Nu doar c\u0103 ecosistemul ar putea fi afectat, dar exist\u0103 riscul ca localnicii s\u0103 r\u0103m\u00e2n\u0103 f\u0103r\u0103 sursele de ap\u0103, \u0219i a\u0219a \u00een sc\u0103dere. De aceea, comunitatea din Gura Teghii cere studii exacte \u0219i m\u0103suri pentru protec\u021bia mediului \u0219i oamenilor.<\/p>\n<figure class=\"wp-block-audio\"><figcaption>Prof. \u0218tefan Petriceanu<\/figcaption><\/figure>\n<p>\u00cen<br \/>\nplus, localnicii nu sunt convin\u0219i c\u0103 merit\u0103 riscul acestei investi\u021bii. \u00centrebarea<br \/>\nprincipal\u0103 r\u0103m\u00e2ne: merit\u0103 energia produs\u0103 impactul asupra naturii \u0219i riscurile<br \/>\npentru comunitate?<\/p>\n<figure class=\"wp-block-audio\"><figcaption> Prof. \u0218tefan Petriceanu <\/figcaption><\/figure>\n<p>O reac\u021bie dup\u0103 deblocarea proiectului Surduc-Siriu prin emiterea acordului de mediu \u0219i punerea documentului \u00een transparen\u021b\u0103 decizional\u0103 a venit \u0219i de la fostul ministru al Mediului, Mircea Fechet. Fostul ministru apreciaz\u0103 c\u0103 aceast\u0103 etap\u0103 reprezint\u0103 un pas \u00eenainte, dar, totodat\u0103, critic\u0103 actuala conducere a ministerului pentru modul \u00een care ac\u021bionat \u00een acest caz \u0219i \u00eent\u00e2rzierea semnificativ\u0103 cu care a fost emis documentul.<\/p>\n<blockquote class=\"wp-block-quote\">\n<p>\u201dAmenajarea hidroenergetic\u0103 Surduc\u2013Siriu, din jude\u021bele Buz\u0103u, Covasna \u0219i Vrancea, are \u00een sf\u00e2r\u0219it acord de mediu. Faptul c\u0103, dup\u0103 ani de blocaje, dup\u0103 proceduri reluate, dup\u0103 presiuni \u0219i am\u00e2n\u0103ri, inclusiv cu fakenews-uri despre decizii ale instan\u021belor privind demolarea, un proiect ajuns la 85% stadiu de realizare prime\u0219te und\u0103 verde, e un pas \u00eenainte. Nu, \u00eens\u0103, o victorie. \u2026 Am fi putut avea un proiect realizat la nivel de 100% dac\u0103 actuala conducere a ministerului Mediului n-ar fi cerut revizuirea studiilor, adic\u0103 verificarea verific\u0103rilor. <\/p>\n<p>Rolul unui ministru al Mediului nu este s\u0103 pun\u0103 fr\u00e2n\u0103 dezvolt\u0103rii\u2026Datoria unui ministru NU este s\u0103 blocheze investi\u021bii pe care Consiliul Suprem de Ap\u0103rare a \u021a\u0103rii le declar\u0103 \u201cde importan\u021b\u0103 na\u021bional\u0103\u201d. Nici s\u0103 \u00eent\u00e2rzie exact acele investi\u021bii care ar aduce locuri de munc\u0103, infrastructur\u0103 \u0219i dezvoltare local\u0103. Nici s\u0103 se ghideze dup\u0103 politici publice scrise sub presiunea celor mai vocale grupuri de sus\u021bin\u0103tori, nu a interesului na\u021bional.\u201d<\/p>\n<\/blockquote>\n<p>Proiectul amenaj\u0103rii hidroenergetice Surduc-Siriu a fost intens contestat, \u00een ultimii ani, at\u00e2t de localnici, c\u00e2t \u0219i de activi\u0219tii de mediu, care au f\u0103cut inclusiv ac\u021biuni \u00een instan\u021b\u0103. Cu to\u021bii au reclamat faptul c\u0103 r\u00e2ul B\u00e2sca mare ar putea seca, ecosistemul ar fi distrus iar localnicii din mai multe localit\u0103\u021bi ar r\u0103m\u00e2ne f\u0103r\u0103 sursa de ap\u0103.<\/p>\n<div class=\"meta-tags\"><span>Etichete<\/span><a href=\"https:\/\/sansanews.ro\/tag\/acord-de-mediu\/\" rel=\"tag\">acord de mediu<\/a><a href=\"https:\/\/sansanews.ro\/tag\/ministerul-mediului\/\" rel=\"tag\">ministerul mediului<\/a><a href=\"https:\/\/sansanews.ro\/tag\/surduc-siriu\/\" rel=\"tag\">surduc siriu<\/a><a href=\"https:\/\/sansanews.ro\/tag\/tainita-bastinei\/\" rel=\"tag\">taini\u021ba ba\u0219tinei<\/a><\/div>\n<div class=\"herald-share-content\">\n<div class=\"meks_ess rectangle no-labels outline\"><a class=\"meks_ess-item socicon-facebook\" data-url=\"http:\/\/www.facebook.com\/sharer\/sharer.php?u=https%3A%2F%2Fsansanews.ro%2Funda-verde-pentru-proiectul-hidrocentralei-surduc-siriu-controversele-raman-ce-solicita-comunitatea-din-gura-teghii%2F&amp;t=Und%C4%83%20verde%20pentru%20proiectul%20hidrocentralei%20Surduc-Siriu%2C%20controversele%20r%C4%83m%C3%A2n.%20Ce%20solicit%C4%83%20comunitatea%20din%20Gura%20Teghii\"><span>Facebook<\/span><\/a><a href=\"https:\/\/api.whatsapp.com\/send?text=Und%C4%83%20verde%20pentru%20proiectul%20hidrocentralei%20Surduc-Siriu%2C%20controversele%20r%C4%83m%C3%A2n.%20Ce%20solicit%C4%83%20comunitatea%20din%20Gura%20Teghii%20https%3A%2F%2Fsansanews.ro%2Funda-verde-pentru-proiectul-hidrocentralei-surduc-siriu-controversele-raman-ce-solicita-comunitatea-din-gura-teghii%2F\" class=\"meks_ess-item socicon-whatsapp prevent-share-popup\"><span>WhatsApp<\/span><\/a><a class=\"meks_ess-item socicon-twitter\" data-url=\"http:\/\/twitter.com\/intent\/tweet?url=https%3A%2F%2Fsansanews.ro%2Funda-verde-pentru-proiectul-hidrocentralei-surduc-siriu-controversele-raman-ce-solicita-comunitatea-din-gura-teghii%2F&amp;text=Und%C4%83%20verde%20pentru%20proiectul%20hidrocentralei%20Surduc-Siriu%2C%20controversele%20r%C4%83m%C3%A2n.%20Ce%20solicit%C4%83%20comunitatea%20din%20Gura%20Teghii\"><span>Twitter<\/span><\/a><a class=\"meks_ess-item socicon-pinterest\" data-url=\"http:\/\/pinterest.com\/pin\/create\/button\/?url=https%3A%2F%2Fsansanews.ro%2Funda-verde-pentru-proiectul-hidrocentralei-surduc-siriu-controversele-raman-ce-solicita-comunitatea-din-gura-teghii%2F&amp;media=https%3A%2F%2Fsansanews.ro%2Fwp-content%2Fuploads%2F2026%2F03%2Fsurduc1.jpg&amp;description=Und%C4%83%20verde%20pentru%20proiectul%20hidrocentralei%20Surduc-Siriu%2C%20controversele%20r%C4%83m%C3%A2n.%20Ce%20solicit%C4%83%20comunitatea%20din%20Gura%20Teghii\"><span>Pinterest<\/span><\/a><\/div>\n<\/div>\n<\/div>\n<div class=\"entry-content herald-entry-content\">\n<p>Dup\u0103<br \/>\nce ministrul Mediului, Diana Buzoianu, a anun\u021bat c\u00e2teva m\u0103suri noi incluse \u00een<br \/>\nacordul de mediu pentru proiectul Surduc\u2013Siriu, m\u0103suri menite s\u0103 evite impactul<br \/>\nnegativ al proiectului asupra comunit\u0103\u021bii \u0219i mediului, localnicii din Gura<br \/>\nTeghii spun c\u0103 e un pas \u00eenainte, dar nu suficient. Ei cer explica\u021bii mai clare<br \/>\n\u00eenainte s\u0103 se ia o decizie final\u0103.<\/p>\n<p>Prof.<br \/>\n\u0218tefan Petriceanu, reprezentantul Asocia\u021biei \u201eTaini\u021ba Ba\u0219tinei\u201d arat\u0103 anun\u021bul<br \/>\nf\u0103cut de ministrul Diana Buzoianu este important, dar nu spulber\u0103 \u00een totalitate<br \/>\ntemerile oamenilor. Printre<br \/>\nlucrurile bune anun\u021bate se num\u0103r\u0103 monitorizarea \u00een timp real a debitului r\u00e2ului<br \/>\nB\u00e2sca Mare, publicarea datelor online \u0219i promisiunea unui studiu care s\u0103 arate<br \/>\nclar dac\u0103 satele din zon\u0103 vor mai avea acces la ap\u0103 sau exist\u0103 riscul afect\u0103rii<br \/>\nsurselor existente. <\/p>\n<blockquote class=\"wp-block-quote\">\n<p>\u201cAsocia\u021bia Social-Cultural\u0103 \u201eTaini\u021ba Ba\u0219tinei\u201d, \u00een numele comunit\u0103\u021bilor active din zona B\u00e2sca \u2013 Gura Teghii, apreciaz\u0103 faptul c\u0103 ministrul mediului a fost prezent \u00een teren \u0219i c\u0103, \u00een proiectul de acord de mediu pentru Surduc \u2013 Nehoia\u0219u II, au fost introduse condi\u021bii suplimentare importante:<\/p>\n<\/blockquote>\n<ul>\n<li>\u2013 monitorizarea \u00een timp real a debitului ecologic<\/li>\n<li>\u2013 transparen\u021ba datelor (publicare online)<\/li>\n<li>\u2013 obliga\u021bia unui studiu dedicat pentru protejarea accesului la ap\u0103 al comunit\u0103\u021bilor<\/li>\n<li>Aceste elemente reprezint\u0103 un pas \u00eenainte \u0219i confirm\u0103 c\u0103 vocea oamenilor din zon\u0103 a fost auzit\u0103.\u201d<\/li>\n<\/ul>\n<div class=\"wp-block-image\">\n<figure class=\"alignright is-resized\"><img loading=\"lazy\" decoding=\"async\" src=\"https:\/\/sansanews.ro\/wp-content\/uploads\/2026\/03\/655864551_1354498640008251_7705381872642095278_n-1024x608.jpg\" alt class=\"wp-image-118502\" width=\"333\" height=\"198\"><figcaption>Foto Taini\u021ba Ba\u0219tinei<\/figcaption><\/figure>\n<\/div>\n<p>Chiar \u0219i a\u0219a, arat\u0103 prof. \u0218tefan Petriceanu, sunt \u00eenc\u0103 multe lucruri neclare. De exemplu, de\u0219i oficial se spune c\u0103 impactul asupra mediului ar fi redus, chiar studiile care stau la baza proiectului ar ar\u0103ta c\u0103 efectele s-ar putea \u00eentinde pe zeci de kilometri \u00een aval de amenajarea hidroenergetic\u0103. Nu doar c\u0103 ecosistemul ar putea fi afectat, dar exist\u0103 riscul ca localnicii s\u0103 r\u0103m\u00e2n\u0103 f\u0103r\u0103 sursele de ap\u0103, \u0219i a\u0219a \u00een sc\u0103dere. De aceea, comunitatea din Gura Teghii cere studii exacte \u0219i m\u0103suri pentru protec\u021bia mediului \u0219i oamenilor.<\/p>\n<figure class=\"wp-block-audio\"><figcaption>Prof. \u0218tefan Petriceanu<\/figcaption><\/figure>\n<p>\u00cen<br \/>\nplus, localnicii nu sunt convin\u0219i c\u0103 merit\u0103 riscul acestei investi\u021bii. \u00centrebarea<br \/>\nprincipal\u0103 r\u0103m\u00e2ne: merit\u0103 energia produs\u0103 impactul asupra naturii \u0219i riscurile<br \/>\npentru comunitate?<\/p>\n<figure class=\"wp-block-audio\"><figcaption> Prof. \u0218tefan Petriceanu <\/figcaption><\/figure>\n<p>O reac\u021bie dup\u0103 deblocarea proiectului Surduc-Siriu prin emiterea acordului de mediu \u0219i punerea documentului \u00een transparen\u021b\u0103 decizional\u0103 a venit \u0219i de la fostul ministru al Mediului, Mircea Fechet. Fostul ministru apreciaz\u0103 c\u0103 aceast\u0103 etap\u0103 reprezint\u0103 un pas \u00eenainte, dar, totodat\u0103, critic\u0103 actuala conducere a ministerului pentru modul \u00een care ac\u021bionat \u00een acest caz \u0219i \u00eent\u00e2rzierea semnificativ\u0103 cu care a fost emis documentul.<\/p>\n<blockquote class=\"wp-block-quote\">\n<p>\u201dAmenajarea hidroenergetic\u0103 Surduc\u2013Siriu, din jude\u021bele Buz\u0103u, Covasna \u0219i Vrancea, are \u00een sf\u00e2r\u0219it acord de mediu. Faptul c\u0103, dup\u0103 ani de blocaje, dup\u0103 proceduri reluate, dup\u0103 presiuni \u0219i am\u00e2n\u0103ri, inclusiv cu fakenews-uri despre decizii ale instan\u021belor privind demolarea, un proiect ajuns la 85% stadiu de realizare prime\u0219te und\u0103 verde, e un pas \u00eenainte. Nu, \u00eens\u0103, o victorie. \u2026 Am fi putut avea un proiect realizat la nivel de 100% dac\u0103 actuala conducere a ministerului Mediului n-ar fi cerut revizuirea studiilor, adic\u0103 verificarea verific\u0103rilor. <\/p>\n<p>Rolul unui ministru al Mediului nu este s\u0103 pun\u0103 fr\u00e2n\u0103 dezvolt\u0103rii\u2026Datoria unui ministru NU este s\u0103 blocheze investi\u021bii pe care Consiliul Suprem de Ap\u0103rare a \u021a\u0103rii le declar\u0103 \u201cde importan\u021b\u0103 na\u021bional\u0103\u201d. Nici s\u0103 \u00eent\u00e2rzie exact acele investi\u021bii care ar aduce locuri de munc\u0103, infrastructur\u0103 \u0219i dezvoltare local\u0103. Nici s\u0103 se ghideze dup\u0103 politici publice scrise sub presiunea celor mai vocale grupuri de sus\u021bin\u0103tori, nu a interesului na\u021bional.\u201d<\/p>\n<\/blockquote>\n<p>Proiectul amenaj\u0103rii hidroenergetice Surduc-Siriu a fost intens contestat, \u00een ultimii ani, at\u00e2t de localnici, c\u00e2t \u0219i de activi\u0219tii de mediu, care au f\u0103cut inclusiv ac\u021biuni \u00een instan\u021b\u0103. Cu to\u021bii au reclamat faptul c\u0103 r\u00e2ul B\u00e2sca mare ar putea seca, ecosistemul ar fi distrus iar localnicii din mai multe localit\u0103\u021bi ar r\u0103m\u00e2ne f\u0103r\u0103 sursa de ap\u0103.<\/p>\n<div class=\"meta-tags\"><span>Etichete<\/span><a href=\"https:\/\/sansanews.ro\/tag\/acord-de-mediu\/\" rel=\"tag\">acord de mediu<\/a><a href=\"https:\/\/sansanews.ro\/tag\/ministerul-mediului\/\" rel=\"tag\">ministerul mediului<\/a><a href=\"https:\/\/sansanews.ro\/tag\/surduc-siriu\/\" rel=\"tag\">surduc siriu<\/a><a href=\"https:\/\/sansanews.ro\/tag\/tainita-bastinei\/\" rel=\"tag\">taini\u021ba ba\u0219tinei<\/a><\/div>\n<div class=\"herald-share-content\">\n<div class=\"meks_ess rectangle no-labels outline\"><a class=\"meks_ess-item socicon-facebook\" data-url=\"http:\/\/www.facebook.com\/sharer\/sharer.php?u=https%3A%2F%2Fsansanews.ro%2Funda-verde-pentru-proiectul-hidrocentralei-surduc-siriu-controversele-raman-ce-solicita-comunitatea-din-gura-teghii%2F&amp;t=Und%C4%83%20verde%20pentru%20proiectul%20hidrocentralei%20Surduc-Siriu%2C%20controversele%20r%C4%83m%C3%A2n.%20Ce%20solicit%C4%83%20comunitatea%20din%20Gura%20Teghii\"><span>Facebook<\/span><\/a><a href=\"https:\/\/api.whatsapp.com\/send?text=Und%C4%83%20verde%20pentru%20proiectul%20hidrocentralei%20Surduc-Siriu%2C%20controversele%20r%C4%83m%C3%A2n.%20Ce%20solicit%C4%83%20comunitatea%20din%20Gura%20Teghii%20https%3A%2F%2Fsansanews.ro%2Funda-verde-pentru-proiectul-hidrocentralei-surduc-siriu-controversele-raman-ce-solicita-comunitatea-din-gura-teghii%2F\" class=\"meks_ess-item socicon-whatsapp prevent-share-popup\"><span>WhatsApp<\/span><\/a><a class=\"meks_ess-item socicon-twitter\" data-url=\"http:\/\/twitter.com\/intent\/tweet?url=https%3A%2F%2Fsansanews.ro%2Funda-verde-pentru-proiectul-hidrocentralei-surduc-siriu-controversele-raman-ce-solicita-comunitatea-din-gura-teghii%2F&amp;text=Und%C4%83%20verde%20pentru%20proiectul%20hidrocentralei%20Surduc-Siriu%2C%20controversele%20r%C4%83m%C3%A2n.%20Ce%20solicit%C4%83%20comunitatea%20din%20Gura%20Teghii\"><span>Twitter<\/span><\/a><a class=\"meks_ess-item socicon-pinterest\" data-url=\"http:\/\/pinterest.com\/pin\/create\/button\/?url=https%3A%2F%2Fsansanews.ro%2Funda-verde-pentru-proiectul-hidrocentralei-surduc-siriu-controversele-raman-ce-solicita-comunitatea-din-gura-teghii%2F&amp;media=https%3A%2F%2Fsansanews.ro%2Fwp-content%2Fuploads%2F2026%2F03%2Fsurduc1.jpg&amp;description=Und%C4%83%20verde%20pentru%20proiectul%20hidrocentralei%20Surduc-Siriu%2C%20controversele%20r%C4%83m%C3%A2n.%20Ce%20solicit%C4%83%20comunitatea%20din%20Gura%20Teghii\"><span>Pinterest<\/span><\/a><\/div>\n<\/div>\n<\/div>\n<p>[analyse_source url=&#8221;https:\/\/sansanews.ro\/unda-verde-pentru-proiectul-hidrocentralei-surduc-siriu-controversele-raman-ce-solicita-comunitatea-din-gura-teghii\/&#8221;]<\/p>\n","protected":false},"excerpt":{"rendered":"<p>[analyse_image type=&#8221;featured&#8221; src=&#8221;https:\/\/sansanews.ro\/wp-content\/uploads\/2026\/03\/surduc1.jpghttps:\/\/sansanews.ro\/wp-content\/uploads\/2026\/03\/surduc1.jpg&#8221;] Dup\u0103 ce ministrul Mediului, Diana Buzoianu, a anun\u021bat c\u00e2teva m\u0103suri noi incluse \u00een acordul de mediu pentru proiectul Surduc\u2013Siriu, m\u0103suri menite s\u0103 evite impactul negativ al proiectului asupra comunit\u0103\u021bii \u0219i mediului, localnicii din Gura Teghii spun c\u0103 e un pas \u00eenainte, dar nu suficient. Ei cer explica\u021bii mai clare \u00eenainte s\u0103 se [&hellip;]<\/p>\n","protected":false},"author":1,"featured_media":0,"comment_status":"open","ping_status":"","sticky":false,"template":"","format":"standard","meta":{"footnotes":""},"categories":[2],"tags":[226,51],"class_list":["post-1852090","post","type-post","status-publish","format-standard","hentry","category-politics","tag-crawlmanager","tag-sansanews-ro"],"_links":{"self":[{"href":"https:\/\/analyse.optim.biz\/index.php?rest_route=\/wp\/v2\/posts\/1852090","targetHints":{"allow":["GET"]}}],"collection":[{"href":"https:\/\/analyse.optim.biz\/index.php?rest_route=\/wp\/v2\/posts"}],"about":[{"href":"https:\/\/analyse.optim.biz\/index.php?rest_route=\/wp\/v2\/types\/post"}],"author":[{"embeddable":true,"href":"https:\/\/analyse.optim.biz\/index.php?rest_route=\/wp\/v2\/users\/1"}],"replies":[{"embeddable":true,"href":"https:\/\/analyse.optim.biz\/index.php?rest_route=%2Fwp%2Fv2%2Fcomments&post=1852090"}],"version-history":[{"count":0,"href":"https:\/\/analyse.optim.biz\/index.php?rest_route=\/wp\/v2\/posts\/1852090\/revisions"}],"wp:attachment":[{"href":"https:\/\/analyse.optim.biz\/index.php?rest_route=%2Fwp%2Fv2%2Fmedia&parent=1852090"}],"wp:term":[{"taxonomy":"category","embeddable":true,"href":"https:\/\/analyse.optim.biz\/index.php?rest_route=%2Fwp%2Fv2%2Fcategories&post=1852090"},{"taxonomy":"post_tag","embeddable":true,"href":"https:\/\/analyse.optim.biz\/index.php?rest_route=%2Fwp%2Fv2%2Ftags&post=1852090"}],"curies":[{"name":"wp","href":"https:\/\/api.w.org\/{rel}","templated":true}]}}