{"id":1852047,"date":"2026-03-28T06:11:12","date_gmt":"2026-03-28T03:11:12","guid":{"rendered":"https:\/\/analyse.optim.biz\/?p=1852047"},"modified":"2026-03-28T06:11:12","modified_gmt":"2026-03-28T03:11:12","slug":"ipj-buzau-156-de-sanctiuni-aplicate-in-24-de-ore-circula-cu-110-km-h-in-localitate","status":"publish","type":"post","link":"https:\/\/analyse.optim.biz\/?p=1852047","title":{"rendered":"IPJ BUZ\u0102U: 156 de sanc\u021biuni aplicate \u00een 24 de ore | Circula cu 110 km\/h \u00een localitate"},"content":{"rendered":"<p>[analyse_image type=&#8221;featured&#8221; src=&#8221;https:\/\/www.buzau.net\/stiri-din-buzau\/wp-content\/uploads\/2025\/01\/2025-la-ce-viteza-ramai-fara-permis-de-conducere-in-afara-localitatii-cum-poti-scapa-de-amenda-de-radar.jpg&#8221;]<\/p>\n<div id=\"mvp-content-main\" class=\"left relative\">\n<p>Poli\u0163i\u015ftii cu atribu\u0163ii pe linie rutier\u0103 din cadrul Inspectoratului de Poli\u0163ie Jude\u0163ean Buz\u0103u au continuat ac\u0163iunile pentru con\u015ftientizarea conduc\u0103torilor auto \u015fi a celorlal\u0163i participan\u0163i la trafic, cu privire la riscurile la care se expun prin nerespectarea regulilor de circula\u0163ie, fiind aplicate 156 de sanc\u021biuni contraven\u021bionale.<\/p>\n<p>Aparatele radar care au ac\u0163ionat pe principalele artere de circula\u0163ie au \u00eenregistrat 40 de autovehicule ce au dep\u0103\u015fit regimul legal de vitez\u0103, fiind re\u021binute 3 permise de conducere.<\/p>\n<blockquote>\n<p>\u00cen urma ac\u021biunilor, poli\u021bi\u0219tii au re\u0163inut un permis de conducere \u00een cazul unui t\u00e2n\u0103r \u0219ofer de 23 de ani, din Arge\u0219, ce a fost depistat conduc\u00e2nd autovehiculul cu o vitez\u0103 de 110 km\/h, pe DN2 E85, \u00een localitatea Cioranca.<\/p>\n<\/blockquote>\n<p>Alte 4 permise de conducere au fost re\u021binute de poli\u021bi\u0219ti pentru conducerea unui autovehicul sub influen\u021ba alcoolului, pentru nerespectarea semnifica\u021biei culorii ro\u0219ii a semaforului \u0219i pentru neacordarea priorit\u0103\u021bii de trecere.<\/p>\n<p>Poli\u0163i\u015ftii au aplicat sanc\u0163iuni contraven\u0163ionale \u00een cazul conduc\u0103torilor auto pentru neutilizarea centurii de siguran\u0163\u0103 (24), pentru conducerea autovehiculelor cu diferite defec\u0163iuni tehnice (5), precum \u015fi pentru alte abateri \u00een trafic (23).<\/p>\n<p>Poli\u021bi\u0219tii rutieri au ac\u021bionat \u0219i pe linia prevenirii evenimentelor rutiere \u00een care ar putea fi implica\u021bi pietonii, bicicli\u0219tii \u0219i utilizatorii de trotinete electrice. Pentru c\u0103 nu au respectat regulile rutiere \u0219i \u0219i-au pus \u00een pericol via\u021ba, 43 de participan\u021bi la trafic din aceste categorii au fost sanc\u021biona\u021bi contraven\u021bional. Valoarea total\u0103 a amenzilor a fost de peste 36.000 de lei.<\/p>\n<div class=\"heateor_sss_sharing_container heateor_sss_horizontal_sharing\" data-heateor-sss-href=\"https:\/\/www.buzau.net\/stiri-din-buzau\/ipj-buzau-156-de-sanctiuni-aplicate-in-24-de-ore-circula-cu-110-km-h-in-localitate\/\">\n<div class=\"heateor_sss_sharing_title\">DISTRIBUIE ACEST ARTICOL<\/div>\n<\/div>\n<\/div>\n<p>[analyse_source url=&#8221;https:\/\/www.buzau.net\/stiri-din-buzau\/ipj-buzau-156-de-sanctiuni-aplicate-in-24-de-ore-circula-cu-110-km-h-in-localitate\/&#8221;]<\/p>\n","protected":false},"excerpt":{"rendered":"<p>[analyse_image type=&#8221;featured&#8221; src=&#8221;https:\/\/www.buzau.net\/stiri-din-buzau\/wp-content\/uploads\/2025\/01\/2025-la-ce-viteza-ramai-fara-permis-de-conducere-in-afara-localitatii-cum-poti-scapa-de-amenda-de-radar.jpg&#8221;] Poli\u0163i\u015ftii cu atribu\u0163ii pe linie rutier\u0103 din cadrul Inspectoratului de Poli\u0163ie Jude\u0163ean Buz\u0103u au continuat ac\u0163iunile pentru con\u015ftientizarea conduc\u0103torilor auto \u015fi a celorlal\u0163i participan\u0163i la trafic, cu privire la riscurile la care se expun prin nerespectarea regulilor de circula\u0163ie, fiind aplicate 156 de sanc\u021biuni contraven\u021bionale. Aparatele radar care au ac\u0163ionat pe principalele [&hellip;]<\/p>\n","protected":false},"author":1,"featured_media":0,"comment_status":"open","ping_status":"","sticky":false,"template":"","format":"standard","meta":{"footnotes":""},"categories":[2],"tags":[113,226],"class_list":["post-1852047","post","type-post","status-publish","format-standard","hentry","category-politics","tag-buzau-net","tag-crawlmanager"],"_links":{"self":[{"href":"https:\/\/analyse.optim.biz\/index.php?rest_route=\/wp\/v2\/posts\/1852047","targetHints":{"allow":["GET"]}}],"collection":[{"href":"https:\/\/analyse.optim.biz\/index.php?rest_route=\/wp\/v2\/posts"}],"about":[{"href":"https:\/\/analyse.optim.biz\/index.php?rest_route=\/wp\/v2\/types\/post"}],"author":[{"embeddable":true,"href":"https:\/\/analyse.optim.biz\/index.php?rest_route=\/wp\/v2\/users\/1"}],"replies":[{"embeddable":true,"href":"https:\/\/analyse.optim.biz\/index.php?rest_route=%2Fwp%2Fv2%2Fcomments&post=1852047"}],"version-history":[{"count":0,"href":"https:\/\/analyse.optim.biz\/index.php?rest_route=\/wp\/v2\/posts\/1852047\/revisions"}],"wp:attachment":[{"href":"https:\/\/analyse.optim.biz\/index.php?rest_route=%2Fwp%2Fv2%2Fmedia&parent=1852047"}],"wp:term":[{"taxonomy":"category","embeddable":true,"href":"https:\/\/analyse.optim.biz\/index.php?rest_route=%2Fwp%2Fv2%2Fcategories&post=1852047"},{"taxonomy":"post_tag","embeddable":true,"href":"https:\/\/analyse.optim.biz\/index.php?rest_route=%2Fwp%2Fv2%2Ftags&post=1852047"}],"curies":[{"name":"wp","href":"https:\/\/api.w.org\/{rel}","templated":true}]}}