{"id":1852042,"date":"2026-03-28T05:08:01","date_gmt":"2026-03-28T02:08:01","guid":{"rendered":"https:\/\/analyse.optim.biz\/?p=1852042"},"modified":"2026-03-28T05:08:01","modified_gmt":"2026-03-28T02:08:01","slug":"medicii-s-j-u-buzau-prezenti-la-gala-medic-pentru-romania","status":"publish","type":"post","link":"https:\/\/analyse.optim.biz\/?p=1852042","title":{"rendered":"Medicii S.J.U. Buz\u0103u, prezen\u021bi la Gala Medic pentru Rom\u00e2nia"},"content":{"rendered":"<p>[analyse_image type=&#8221;featured&#8221; src=&#8221;https:\/\/www.buzau.net\/stiri-din-buzau\/wp-content\/uploads\/2026\/03\/medicii-s.j.u.-buzau-prezenti-la-gala-medic-pentru-romania.jpg&#8221;]<\/p>\n<div id=\"mvp-content-main\" class=\"left relative\">\n<p>O delega\u021bie a Spitalului Jude\u021bean de Urgen\u021b\u0103 Buz\u0103u, format\u0103 din Dr. Drago\u0219 Porumb, pre\u0219edintele Colegiului Medicilor Buz\u0103u, Dr. M\u0103d\u0103lin Claudiu Vasile, directorul medical al unit\u0103\u021bii, \u0219i Dr. Aura-Elena Daniliuc, medic primar A.T.I., a reprezentat comunitatea medical\u0103 local\u0103 la Adunarea General\u0103 a Colegiului Medicilor din Rom\u00e2nia \u0219i la Gala \u201eMedic pentru Rom\u00e2nia. Rom\u00e2nia medical\u0103 conteaz\u0103\u201d. Evenimentul de prestigiu s-a desf\u0103\u0219urat \u00een perioada 26\u201327 martie 2026.<\/p>\n<p>Gala a reunit personalit\u0103\u021bi de seam\u0103 din diverse domenii, subliniind importan\u021ba sistemului medical. Printre invita\u021bi s-au num\u0103rat Excelen\u021ba Sa, Pre\u0219edintele Rom\u00e2niei, Nicu\u0219or Dan, Dr. Alexandru Rogobete, ministrul S\u0103n\u0103t\u0103\u021bii, \u0219i Dl. Prof. univ. dr. Emil Ceban, ministrul S\u0103n\u0103t\u0103\u021bii din Republica Moldova, al\u0103turi de al\u021bi lideri din sfera medical\u0103 \u0219i academic\u0103. \u00centregul eveniment a fost organizat sub \u00eendrumarea doamnei Prof. Univ. Dr. C\u0103t\u0103lina Poiana, Pre\u0219edintele Colegiului Medicilor din Rom\u00e2nia.<\/p>\n<p>Participarea reprezentan\u021bilor S.J.U. Buz\u0103u la aceast\u0103 manifestare de anvergur\u0103 na\u021bional\u0103 reconfirm\u0103 angajamentul ferm al comunit\u0103\u021bii medicale buzoiene fa\u021b\u0103 de excelen\u021b\u0103, profesionalism \u0219i implicarea activ\u0103 \u00een dezvoltarea continu\u0103 a sistemului de s\u0103n\u0103tate din Rom\u00e2nia.<\/p>\n<div class=\"heateor_sss_sharing_container heateor_sss_horizontal_sharing\" data-heateor-sss-href=\"https:\/\/www.buzau.net\/stiri-din-buzau\/medicii-s-j-u-buzau-prezenti-la-gala-medic-pentru-romania\/\">\n<div class=\"heateor_sss_sharing_title\">DISTRIBUIE ACEST ARTICOL<\/div>\n<\/div>\n<\/div>\n<p>[analyse_source url=&#8221;https:\/\/www.buzau.net\/stiri-din-buzau\/medicii-s-j-u-buzau-prezenti-la-gala-medic-pentru-romania\/&#8221;]<\/p>\n","protected":false},"excerpt":{"rendered":"<p>[analyse_image type=&#8221;featured&#8221; src=&#8221;https:\/\/www.buzau.net\/stiri-din-buzau\/wp-content\/uploads\/2026\/03\/medicii-s.j.u.-buzau-prezenti-la-gala-medic-pentru-romania.jpg&#8221;] O delega\u021bie a Spitalului Jude\u021bean de Urgen\u021b\u0103 Buz\u0103u, format\u0103 din Dr. Drago\u0219 Porumb, pre\u0219edintele Colegiului Medicilor Buz\u0103u, Dr. M\u0103d\u0103lin Claudiu Vasile, directorul medical al unit\u0103\u021bii, \u0219i Dr. Aura-Elena Daniliuc, medic primar A.T.I., a reprezentat comunitatea medical\u0103 local\u0103 la Adunarea General\u0103 a Colegiului Medicilor din Rom\u00e2nia \u0219i la Gala \u201eMedic pentru Rom\u00e2nia. Rom\u00e2nia [&hellip;]<\/p>\n","protected":false},"author":1,"featured_media":0,"comment_status":"open","ping_status":"","sticky":false,"template":"","format":"standard","meta":{"footnotes":""},"categories":[2],"tags":[113,226],"class_list":["post-1852042","post","type-post","status-publish","format-standard","hentry","category-politics","tag-buzau-net","tag-crawlmanager"],"_links":{"self":[{"href":"https:\/\/analyse.optim.biz\/index.php?rest_route=\/wp\/v2\/posts\/1852042","targetHints":{"allow":["GET"]}}],"collection":[{"href":"https:\/\/analyse.optim.biz\/index.php?rest_route=\/wp\/v2\/posts"}],"about":[{"href":"https:\/\/analyse.optim.biz\/index.php?rest_route=\/wp\/v2\/types\/post"}],"author":[{"embeddable":true,"href":"https:\/\/analyse.optim.biz\/index.php?rest_route=\/wp\/v2\/users\/1"}],"replies":[{"embeddable":true,"href":"https:\/\/analyse.optim.biz\/index.php?rest_route=%2Fwp%2Fv2%2Fcomments&post=1852042"}],"version-history":[{"count":0,"href":"https:\/\/analyse.optim.biz\/index.php?rest_route=\/wp\/v2\/posts\/1852042\/revisions"}],"wp:attachment":[{"href":"https:\/\/analyse.optim.biz\/index.php?rest_route=%2Fwp%2Fv2%2Fmedia&parent=1852042"}],"wp:term":[{"taxonomy":"category","embeddable":true,"href":"https:\/\/analyse.optim.biz\/index.php?rest_route=%2Fwp%2Fv2%2Fcategories&post=1852042"},{"taxonomy":"post_tag","embeddable":true,"href":"https:\/\/analyse.optim.biz\/index.php?rest_route=%2Fwp%2Fv2%2Ftags&post=1852042"}],"curies":[{"name":"wp","href":"https:\/\/api.w.org\/{rel}","templated":true}]}}