{"id":185188,"date":"2015-03-11T10:56:48","date_gmt":"2015-03-11T07:56:48","guid":{"rendered":"https:\/\/analyse.optim.biz\/?p=185188"},"modified":"2015-03-11T10:56:48","modified_gmt":"2015-03-11T07:56:48","slug":"daniel-constantin-sunt-intr-o-situatie-ireconciliabila-cu-dan-voiculescu","status":"publish","type":"post","link":"https:\/\/analyse.optim.biz\/?p=185188","title":{"rendered":"Daniel Constantin: Sunt \u00eentr-o situa\u021bie ireconciliabil\u0103 cu Dan Voiculescu"},"content":{"rendered":"<div class=\"entry data-app-meta data-app-meta-article\" data-embed-base-url-canonical=\"https:\/\/www.digi24.ro\/embed\/stiri\/actualitate\/politica\/daniel-constantin-sunt-intr-o-situatie-ireconciliabila-cu-dan-voiculescu-369373\">\n<p data-index=\"1\">Daniel Constantin spune c\u0103 atacurile lui Dan Voiculescu fac r\u0103u partidului.<\/p>\n<p data-index=\"2\">Daniel Constantin: E un conflict care exist\u0103 de mai mult timp. Cred c\u0103 ast\u0103zi, din p\u0103cate, suntem \u00eentr-o situa\u0163ie ireconciliabil\u0103. Nu mi-am dorit acest lucru, nu am \u00een\u0163eles de ce acele reac\u0163ii. Cert este c\u0103 dup\u0103 ce s-a \u00eent\u00e2mplat aceast\u0103 condamnare \u015fi dup\u0103 alegerile preziden\u0163iale s-a \u00eenceput un atac, am devenit o \u0163int\u0103 principal\u0103, o campanie de pres\u0103.<\/p>\n<p data-index=\"3\">Daniel Constantin a evitat s\u0103 spun\u0103 clar care sunt motivele conflictului, \u00eens\u0103 a transmis c\u0103 nu mai exist\u0103 vreo cale de \u00eemp\u0103care cu Dan Voiculescu deoarece \u201es-a ajuns prea departe\u201d. Reac\u0163ia sa vine dup\u0103 ce, la \u00eenceputul anului, \u00eentr-un mesaj adresat din \u00eenchisoare tuturor du\u015fmanilor s\u0103u, Dan Voiculescu l-a pomenit \u015fi pe Daniel Constantin.<\/p>\n<p data-index=\"4\">\u201e2014 a fost un an greu, \u00een care am tr\u0103it apogeul luptei mele politice cu B\u0103sescu Traian, atacurile perfide venite din partea Elenei Udrea si Monic\u0103i Macovei \u015fi lipsa de con\u015ftiin\u0163\u0103 a lui Emilian Eva, Daniel Constantin \u015fi Camelia Bogdan. 2015 va fi anul \u00een care B\u0103sescu, Udrea, Macovei, Daniel Constantin vor fi judeca\u0163i de Dumnezeu, dar \u015fi de Justi\u0163ie. Eu nu-mi doresc dec\u00e2t ca Justi\u0163ia s\u0103 fac\u0103 dreptate\u201d, spunea Dan Voiculescu, de dup\u0103 gratii.<\/p>\n<p data-index=\"5\">Daniel Constantin a devenit cel mai t\u00e2n\u0103r pre\u015fedinte de partid \u00een 2010, \u00een urma congresului extraordinar al Partidului Conservator, cu sprijinul fondatorului Dan Voiculescu. \u00a0<\/p>\n<h5>Citi\u021bi \u0219i: <a href=\"https:\/\/www.digi24.ro\/Stiri\/Digi24\/Actualitate\/Politica\/Partidul+lui+Calin+Popescu+Tariceanu+ar+putea+fuziona+cu+partidu\" target=\"_blank\" data-skip-linkfix=\"1\" rel=\"noopener\">Partidul lui C\u0103lin Popescu T\u0103riceanu ar putea fuziona cu partidul fondat de Dan Voiculescu<\/a><\/h5>\n<\/div>\n<p> Source URL: https:\/\/www.digi24.ro\/stiri\/actualitate\/politica\/daniel-constantin-sunt-intr-o-situatie-ireconciliabila-cu-dan-voiculescu-369373<\/p>\n","protected":false},"excerpt":{"rendered":"<p>Daniel Constantin spune c\u0103 atacurile lui Dan Voiculescu fac r\u0103u partidului. Daniel Constantin: E un conflict care exist\u0103 de mai mult timp. Cred c\u0103 ast\u0103zi, din p\u0103cate, suntem \u00eentr-o situa\u0163ie ireconciliabil\u0103. Nu mi-am dorit acest lucru, nu am \u00een\u0163eles de ce acele reac\u0163ii. Cert este c\u0103 dup\u0103 ce s-a \u00eent\u00e2mplat aceast\u0103 condamnare \u015fi dup\u0103 alegerile [&hellip;]<\/p>\n","protected":false},"author":1,"featured_media":185189,"comment_status":"open","ping_status":"","sticky":false,"template":"","format":"standard","meta":{"footnotes":""},"categories":[2],"tags":[11],"class_list":["post-185188","post","type-post","status-publish","format-standard","has-post-thumbnail","hentry","category-politics","tag-digi24"],"_links":{"self":[{"href":"https:\/\/analyse.optim.biz\/index.php?rest_route=\/wp\/v2\/posts\/185188","targetHints":{"allow":["GET"]}}],"collection":[{"href":"https:\/\/analyse.optim.biz\/index.php?rest_route=\/wp\/v2\/posts"}],"about":[{"href":"https:\/\/analyse.optim.biz\/index.php?rest_route=\/wp\/v2\/types\/post"}],"author":[{"embeddable":true,"href":"https:\/\/analyse.optim.biz\/index.php?rest_route=\/wp\/v2\/users\/1"}],"replies":[{"embeddable":true,"href":"https:\/\/analyse.optim.biz\/index.php?rest_route=%2Fwp%2Fv2%2Fcomments&post=185188"}],"version-history":[{"count":0,"href":"https:\/\/analyse.optim.biz\/index.php?rest_route=\/wp\/v2\/posts\/185188\/revisions"}],"wp:featuredmedia":[{"embeddable":true,"href":"https:\/\/analyse.optim.biz\/index.php?rest_route=\/wp\/v2\/media\/185189"}],"wp:attachment":[{"href":"https:\/\/analyse.optim.biz\/index.php?rest_route=%2Fwp%2Fv2%2Fmedia&parent=185188"}],"wp:term":[{"taxonomy":"category","embeddable":true,"href":"https:\/\/analyse.optim.biz\/index.php?rest_route=%2Fwp%2Fv2%2Fcategories&post=185188"},{"taxonomy":"post_tag","embeddable":true,"href":"https:\/\/analyse.optim.biz\/index.php?rest_route=%2Fwp%2Fv2%2Ftags&post=185188"}],"curies":[{"name":"wp","href":"https:\/\/api.w.org\/{rel}","templated":true}]}}