{"id":185185,"date":"2015-03-11T12:57:08","date_gmt":"2015-03-11T09:57:08","guid":{"rendered":"https:\/\/analyse.optim.biz\/?p=185185"},"modified":"2015-03-11T12:57:08","modified_gmt":"2015-03-11T09:57:08","slug":"guvernul-vrea-sa-ii-dea-fostului-presedinte-traian-basescu-o-locuinta-provizorie-pana-cand-resedinta-ii-este-renovata","status":"publish","type":"post","link":"https:\/\/analyse.optim.biz\/?p=185185","title":{"rendered":"Guvernul vrea s\u0103 \u00eei dea fostului pre\u0219edinte Traian B\u0103sescu o locuin\u0163\u0103 provizorie p\u00e2n\u0103 c\u00e2nd re\u015fedin\u0163a \u00eei este renovat\u0103"},"content":{"rendered":"<div class=\"entry data-app-meta data-app-meta-article\" data-embed-base-url-canonical=\"https:\/\/www.digi24.ro\/embed\/stiri\/actualitate\/politica\/guvernul-vrea-sa-ii-dea-fostului-presedinte-traian-basescu-o-locuinta-provizorie-pana-cand-resedinta-ii-este-renovata-369431\">\n<p data-index=\"1\"><img decoding=\"async\" src=\"https:\/\/analyse.optim.biz\/wp-content\/uploads\/2024\/09\/mmfkzmi1mjlhnzc0ognmnwmyowniogfmmgjlzdq-thumb_.jpg\" data-skip-htmlfix=\"1\" title=\"mmfkzmi1mjlhnzc0ognmnwmyowniogfmmgjlzdq-thumb_\"><\/p>\n<p data-index=\"2\">Acordarea unei locuin\u0163e provizorii va fi posibil\u0103 cu schimbarea cadrului legal, au ar\u0103tat sursele.<\/p>\n<p data-index=\"3\">\u00cen urm\u0103 cu o lun\u0103,\u00a0Guvernul a decis ca vila RA-APPS din cartierul Prim\u0103verii \u00een care a locuit p\u00e2n\u0103 \u00een acest an <a href=\"https:\/\/www.digi24.ro\/Stiri\/Digi24\/Actualitate\/Politica\/Guvernul+a+aprobat+atribuirea+catre+fostul+presedinte+Traian+Bas\" target=\"_blank\" data-skip-linkfix=\"1\" rel=\"noopener\"><strong>Mioara Roman,<\/strong><\/a>fosta so\u0163ie a lui Petre Roman, s\u0103 \u00eei fie atribuit\u0103 fostului pre\u015fedinte\u00a0Traian B\u0103sescu\u00a0spre utilizare ca re\u015fedin\u0163\u0103.<\/p>\n<p data-index=\"4\">Imobilul necesit\u0103 \u00eens\u0103 unele repara\u0163ii \u015fi <a href=\"https:\/\/www.digi24.ro\/Stiri\/Digi24\/Actualitate\/Politica\/Basescu+a+semnat+pentru+locuinta+de+protocol+dar+inca+nu+se+poat\" target=\"_blank\" data-skip-linkfix=\"1\" rel=\"noopener\"><strong>lucr\u0103ri de renovare<\/strong><\/a>, care \u00eenc\u0103 sunt \u00een executare.<\/p>\n<p data-index=\"5\">Conform legii, Traian B\u0103sescu trebuia s\u0103 p\u0103r\u0103seasc\u0103 vila Lac 3 \u00een maximum 60 de zile de la \u00eencheierea mandatului preziden\u0163ial, respectiv p\u00e2n\u0103 la 21 februarie.<\/p>\n<p data-index=\"6\">La acel termen, surse oficiale au declarat agen\u0163iei Mediafax c\u0103 fostul pre\u015fedinte Traian B\u0103sescu se va muta din vila Lac 3 dup\u0103 ce lucr\u0103rile de repara\u0163ie \u015fi renovare a vilei care i-a fost atribuit\u0103 recent de Guvern ca re\u015fedin\u0163\u0103 vor fi finalizate.<\/p>\n<p data-index=\"7\">\u00cen decembrie, Guvernul a decis ca pre\u015fedintelui\u00a0Klaus Iohannis\u00a0s\u0103 \u00eei fie acordat\u0103 Vila Lac 2 drept re\u015fedin\u0163\u0103 oficial\u0103, acesta urm\u00e2nd \u00eens\u0103 s\u0103 foloseasc\u0103 imobilul respectiv doar temporar, iar ulterior s\u0103 se mute \u00een Vila Lac 3, dup\u0103 ce aceasta va fi eliberat\u0103 de B\u0103sescu.<\/p>\n<p data-index=\"8\">Legea stabile\u015fte c\u0103 persoanele care au avut calitatea de \u015fef al statului rom\u00e2n beneficiaz\u0103 pe durata vie\u0163ii de folosin\u0163a gratuit\u0103 a unei locuin\u0163e de protocol, cu destina\u0163ia de re\u015fedin\u0163\u0103, care cuprinde \u015fi un spa\u0163iu cu destina\u0163ia de cabinet de lucru, \u00eencadrat cu un post de consilier \u015fi un post de secretar, de o indemniza\u0163ie lunar\u0103 \u00een cuantum egal cu 75% din indemniza\u0163ia acordat\u0103 pre\u015fedintelui \u00een exerci\u0163iu, de paz\u0103 \u015fi protec\u0163ie, precum \u015fi de folosin\u0163a gratuit\u0103 a unui autoturism, asigurate permanent de Serviciul de Protec\u0163ie \u015fi Paz\u0103.<\/p>\n<p data-index=\"9\">Legea mai prevede c\u0103 locuin\u0163a de protocol nu poate fi re\u015fedin\u0163a pe care titularul a avut-o ca pre\u015fedinte \u00een func\u0163ie.<\/p>\n<\/div>\n<p> Source URL: https:\/\/www.digi24.ro\/stiri\/actualitate\/politica\/guvernul-vrea-sa-ii-dea-fostului-presedinte-traian-basescu-o-locuinta-provizorie-pana-cand-resedinta-ii-este-renovata-369431<\/p>\n","protected":false},"excerpt":{"rendered":"<p>Acordarea unei locuin\u0163e provizorii va fi posibil\u0103 cu schimbarea cadrului legal, au ar\u0103tat sursele. \u00cen urm\u0103 cu o lun\u0103,\u00a0Guvernul a decis ca vila RA-APPS din cartierul Prim\u0103verii \u00een care a locuit p\u00e2n\u0103 \u00een acest an Mioara Roman,fosta so\u0163ie a lui Petre Roman, s\u0103 \u00eei fie atribuit\u0103 fostului pre\u015fedinte\u00a0Traian B\u0103sescu\u00a0spre utilizare ca re\u015fedin\u0163\u0103. Imobilul necesit\u0103 \u00eens\u0103 [&hellip;]<\/p>\n","protected":false},"author":1,"featured_media":185186,"comment_status":"open","ping_status":"","sticky":false,"template":"","format":"standard","meta":{"footnotes":""},"categories":[2],"tags":[11],"class_list":["post-185185","post","type-post","status-publish","format-standard","has-post-thumbnail","hentry","category-politics","tag-digi24"],"_links":{"self":[{"href":"https:\/\/analyse.optim.biz\/index.php?rest_route=\/wp\/v2\/posts\/185185","targetHints":{"allow":["GET"]}}],"collection":[{"href":"https:\/\/analyse.optim.biz\/index.php?rest_route=\/wp\/v2\/posts"}],"about":[{"href":"https:\/\/analyse.optim.biz\/index.php?rest_route=\/wp\/v2\/types\/post"}],"author":[{"embeddable":true,"href":"https:\/\/analyse.optim.biz\/index.php?rest_route=\/wp\/v2\/users\/1"}],"replies":[{"embeddable":true,"href":"https:\/\/analyse.optim.biz\/index.php?rest_route=%2Fwp%2Fv2%2Fcomments&post=185185"}],"version-history":[{"count":0,"href":"https:\/\/analyse.optim.biz\/index.php?rest_route=\/wp\/v2\/posts\/185185\/revisions"}],"wp:featuredmedia":[{"embeddable":true,"href":"https:\/\/analyse.optim.biz\/index.php?rest_route=\/wp\/v2\/media\/185186"}],"wp:attachment":[{"href":"https:\/\/analyse.optim.biz\/index.php?rest_route=%2Fwp%2Fv2%2Fmedia&parent=185185"}],"wp:term":[{"taxonomy":"category","embeddable":true,"href":"https:\/\/analyse.optim.biz\/index.php?rest_route=%2Fwp%2Fv2%2Fcategories&post=185185"},{"taxonomy":"post_tag","embeddable":true,"href":"https:\/\/analyse.optim.biz\/index.php?rest_route=%2Fwp%2Fv2%2Ftags&post=185185"}],"curies":[{"name":"wp","href":"https:\/\/api.w.org\/{rel}","templated":true}]}}