{"id":185182,"date":"2015-03-11T14:00:22","date_gmt":"2015-03-11T11:00:22","guid":{"rendered":"https:\/\/analyse.optim.biz\/?p=185182"},"modified":"2015-03-11T14:00:22","modified_gmt":"2015-03-11T11:00:22","slug":"monica-macovei-cere-demisia-ministrului-bogdan-aurescu","status":"publish","type":"post","link":"https:\/\/analyse.optim.biz\/?p=185182","title":{"rendered":"Monica Macovei cere demisia ministrului Bogdan Aurescu"},"content":{"rendered":"<div class=\"entry data-app-meta data-app-meta-article\" data-embed-base-url-canonical=\"https:\/\/www.digi24.ro\/embed\/stiri\/actualitate\/politica\/monica-macovei-cere-demisia-ministrului-bogdan-aurescu-369468\">\n<p data-index=\"1\">\u00a0<img decoding=\"async\" src=\"https:\/\/analyse.optim.biz\/wp-content\/uploads\/2024\/09\/yxnopwi2mtmyzdq0owu4mzrmnda4ndllowm2njnjn2uxngni-thumb_.jpg\" data-skip-htmlfix=\"1\" title=\"yxnopwi2mtmyzdq0owu4mzrmnda4ndllowm2njnjn2uxngni-thumb_\"><\/p>\n<p data-index=\"2\">\u201eMinistrul Afacerilor externe, Bogdan Aurescu, a comis o gaf\u0103 diplomatic\u0103 f\u0103r\u0103 precedent. A oferit ministrului de externe al Germaniei, Frank-Walter Steinmeier, o bro\u0219ur\u0103 pe a c\u0103rei copert\u0103 era prezentat\u0103 harta Fran\u021bei, acoperit\u0103 de steagul Germaniei. Dincolo de aceast\u0103 ru\u0219inoas\u0103 eroare, bro\u0219ura editat\u0103 de Agerpres este \u00een sine o gaf\u0103 diplomatic\u0103. \u00centre coper\u021bile sale, cei 135 de ani de rela\u021bii diplomatice rom\u00e2no-germane debuteaz\u0103 \u00een 1971, iar primele pagini prezint\u0103 imagini cu dictatorul comunist Nicolae Ceau\u0219escu, cu aerul deplinei normalit\u0103\u021bi\u201d,<a href=\"https:\/\/www.facebook.com\/MonicaMacoveiUE\/posts\/775507192544460\" data-skip-linkfix=\"1\"> se arat\u0103 \u00eentr-un mesaj postat pe pagina de Facebook a Monic\u0103i Macovei<\/a>.<\/p>\n<p data-index=\"3\">\u201e<strong>Realizarea acestei bro\u0219uri este un festivism gratuit \u0219i ridicol.<\/strong> Din cei 135 de ani invoca\u021bi \u00een bro\u0219ur\u0103, mul\u021bi sunt greu de celebrat, din cauza r\u0103zboaielor mondiale, diviz\u0103rii Germaniei \u0219i dictaturilor care au subjugat cele dou\u0103 state. O rela\u021bie diplomatic\u0103 modern\u0103 \u00eentre Rom\u00e2nia \u0219i Germania, \u021b\u0103ri aflate \u00eentr-un punct maxim al colabor\u0103rii politice \u0219i economice, nu are nevoie s\u0103 recupereze festivist istoria dictaturilor de dinainte de 1989\u201d, se mai arat\u0103 \u00eem mesaj.<\/p>\n<p data-index=\"4\">\u201eM10 consider\u0103 c\u0103 domnul Aurescu a dat dovad\u0103 de o grav\u0103 lips\u0103 de profesionalism dac\u0103 a oferit bro\u0219ura f\u0103r\u0103 s\u0103 o parcurg\u0103 \u00eenainte, sau de o la fel de grav\u0103 lips\u0103 de discern\u0103m\u00e2nt dac\u0103, dup\u0103 ce a parcurs-o, a acceptat s\u0103 o ofere omologului s\u0103u german. Imaginea pe care a oferit-o lumii \u00eentregi este cea a unui sistem diplomatic neprofesionist \u0219i incapabil s\u0103 se desprind\u0103 de epoca Ceau\u0219escu. Cerem a\u0219adar demisia de onoare a ministrului Aurescu \u0219i sanc\u021bionarea tuturor celor care, la Agerpres \u0219i \u00een cadrul MAE, au cheltuit banul public concep\u00e2nd \u0219i promov\u00e2nd aceast\u0103 bro\u0219ur\u0103 ru\u0219inoas\u0103\u201d, se mai arat\u0103 \u00eentr-un mesaj comun semnat de Monica Macovei \u0219i Adrian Papahagi.<\/p>\n<p data-index=\"5\">Ast\u0103zi, <a href=\"https:\/\/www.digi24.ro\/Stiri\/Digi24\/Actualitate\/Stiri\/Purtatorul+de+cuvant+al+MAE+a+fost+demis+dupa+gafa+diplomatica+d\" data-skip-linkfix=\"1\">purt\u0103torul de cuv\u00e2nt al Ministerului Afacerilor Externe a fost demis<\/a>. Potrivit unui comunicat al MAE, Br\u00e2ndu\u0219a Predescu \u201e\u015fi-a asumat responsabilitatea neverific\u0103rii integrale a bro\u015furii respective \u00eenainte de a-i fi prezentat\u0103 \u015fefului institu\u0163iei spre a fi oferit\u0103 oaspetelui german\u201d.\u00a0<\/p>\n<\/div>\n<p> Source URL: https:\/\/www.digi24.ro\/stiri\/actualitate\/politica\/monica-macovei-cere-demisia-ministrului-bogdan-aurescu-369468<\/p>\n","protected":false},"excerpt":{"rendered":"<p>\u00a0 \u201eMinistrul Afacerilor externe, Bogdan Aurescu, a comis o gaf\u0103 diplomatic\u0103 f\u0103r\u0103 precedent. A oferit ministrului de externe al Germaniei, Frank-Walter Steinmeier, o bro\u0219ur\u0103 pe a c\u0103rei copert\u0103 era prezentat\u0103 harta Fran\u021bei, acoperit\u0103 de steagul Germaniei. Dincolo de aceast\u0103 ru\u0219inoas\u0103 eroare, bro\u0219ura editat\u0103 de Agerpres este \u00een sine o gaf\u0103 diplomatic\u0103. \u00centre coper\u021bile sale, cei [&hellip;]<\/p>\n","protected":false},"author":1,"featured_media":185183,"comment_status":"open","ping_status":"","sticky":false,"template":"","format":"standard","meta":{"footnotes":""},"categories":[2],"tags":[11],"class_list":["post-185182","post","type-post","status-publish","format-standard","has-post-thumbnail","hentry","category-politics","tag-digi24"],"_links":{"self":[{"href":"https:\/\/analyse.optim.biz\/index.php?rest_route=\/wp\/v2\/posts\/185182","targetHints":{"allow":["GET"]}}],"collection":[{"href":"https:\/\/analyse.optim.biz\/index.php?rest_route=\/wp\/v2\/posts"}],"about":[{"href":"https:\/\/analyse.optim.biz\/index.php?rest_route=\/wp\/v2\/types\/post"}],"author":[{"embeddable":true,"href":"https:\/\/analyse.optim.biz\/index.php?rest_route=\/wp\/v2\/users\/1"}],"replies":[{"embeddable":true,"href":"https:\/\/analyse.optim.biz\/index.php?rest_route=%2Fwp%2Fv2%2Fcomments&post=185182"}],"version-history":[{"count":0,"href":"https:\/\/analyse.optim.biz\/index.php?rest_route=\/wp\/v2\/posts\/185182\/revisions"}],"wp:featuredmedia":[{"embeddable":true,"href":"https:\/\/analyse.optim.biz\/index.php?rest_route=\/wp\/v2\/media\/185183"}],"wp:attachment":[{"href":"https:\/\/analyse.optim.biz\/index.php?rest_route=%2Fwp%2Fv2%2Fmedia&parent=185182"}],"wp:term":[{"taxonomy":"category","embeddable":true,"href":"https:\/\/analyse.optim.biz\/index.php?rest_route=%2Fwp%2Fv2%2Fcategories&post=185182"},{"taxonomy":"post_tag","embeddable":true,"href":"https:\/\/analyse.optim.biz\/index.php?rest_route=%2Fwp%2Fv2%2Ftags&post=185182"}],"curies":[{"name":"wp","href":"https:\/\/api.w.org\/{rel}","templated":true}]}}