{"id":185171,"date":"2015-03-11T15:27:06","date_gmt":"2015-03-11T12:27:06","guid":{"rendered":"https:\/\/analyse.optim.biz\/?p=185171"},"modified":"2015-03-11T15:27:06","modified_gmt":"2015-03-11T12:27:06","slug":"incurcati-de-programul-de-lucru-alesii-nu-mai-vor-sedinte-in-zilele-de-miercuri","status":"publish","type":"post","link":"https:\/\/analyse.optim.biz\/?p=185171","title":{"rendered":"\u00cencurca\u0163i de programul de lucru. Ale\u015fii nu mai vor \u015fedin\u0163e \u00een zilele de miercuri"},"content":{"rendered":"<div class=\"entry data-app-meta data-app-meta-article\" data-embed-base-url-canonical=\"https:\/\/www.digi24.ro\/embed\/stiri\/actualitate\/politica\/incurcati-de-programul-de-lucru-alesii-nu-mai-vor-sedinte-in-zilele-de-miercuri-369522\">\n<p data-index=\"1\">Absenta ale\u015filor din sala de plen a fost remarcat\u0103 de senatorii opozi\u0163iei. De\u015fi chiar colegi de-ai lor lipseau din sal\u0103, ale\u015fii au dat vina pe cei de la Putere, care au votat schimbarea programului de lucru din Parlament.<\/p>\n<p data-index=\"2\">Pa\u015fcan Emil-Marius: Nu ne-au mandatat cet\u0103\u0163enii s\u0103 venim \u00een Parlament \u015fi s\u0103 d\u0103m doar un vot la comand\u0103 dup\u0103 o indica\u0163ie de lider. Eu v\u0103 rog s\u0103 revenim la formula \u00een care&#8230; V\u0103 rog p\u0103stra\u0163i-v\u0103 calmul. <\/p>\n<p data-index=\"3\">Replica liderului senatorilor PSD nu s-a l\u0103sat a\u015fteptat\u0103. El le-a repro\u015fat celor din Opozi\u0163ie c\u0103 se pl\u00e2ng degeaba, de vreme ce nu vin la serviciu.<\/p>\n<p data-index=\"4\">Ilie S\u00e2rbu: C\u00e2nd li se d\u0103 aceast\u0103 posibilitate, c\u00e2nd am creat cadrul pentru dezbateri, atunci nu mai venim. <\/p>\n<p data-index=\"5\">Puiu Ha\u0219otti: Opozi\u021bia nu trebuie s\u0103 asigure cvorumul. Aceast\u0103 formul\u0103 de program nu este dec\u00e2t o form\u0103 de a ne fura c\u0103ciula pentru c\u0103 nu se legifereaz\u0103 mai mult dec\u00e2t cu o or\u0103, dar se st\u0103 cu o zi mai mult. Asta pentru imagine, ca s\u0103 fim foarte one\u0219ti.<\/p>\n<p data-index=\"6\">\u00cen discu\u0163ie a intervenit \u015fi senatorul UDMR, Verestoy Attila, cu un argument oarecum surprinz\u0103tor &#8211; dac\u0103 ale\u015fii nu sunt chema\u0163i de luni la munc\u0103, nu mai vin apoi toat\u0103 s\u0103pt\u0103m\u00e2na. <\/p>\n<p data-index=\"7\">Verestoy Attila: Ziua de luni trebuie valorificat\u0103 pentru a avea plen, pentru a avea vot a\u015fa cum am avut \u015fi p\u00e2n\u0103 acum. <\/p>\n<p data-index=\"8\">De la \u00eenceputul anului, una dintre cele dou\u0103 \u015fedin\u0163e de plen s\u0103pt\u0103m\u00e2nale din Senat nu se mai \u0163ine lunea, ci miercurea. Anul trecut, din cele dou\u0103sprezece luni ale anului, parlamentarii au muncit doar \u015fase. Deputa\u0163ii \u015fi senatorii au avut doar 65 de \u015fedin\u0163e de plen \u00een anul 2014.<\/p>\n<p data-index=\"9\">\u00cen toat\u0103 aceast\u0103 perioad\u0103, ei au \u00eencasat toate beneficiile financiare: indemniza\u0163ia de 5.000 de lei, 4.000 de lei pentru cazare \u015fi aproape 10.000 de lei pentru cabinetul parlamentar.\u00a0<\/p>\n<\/div>\n<p> Source URL: https:\/\/www.digi24.ro\/stiri\/actualitate\/politica\/incurcati-de-programul-de-lucru-alesii-nu-mai-vor-sedinte-in-zilele-de-miercuri-369522<\/p>\n","protected":false},"excerpt":{"rendered":"<p>Absenta ale\u015filor din sala de plen a fost remarcat\u0103 de senatorii opozi\u0163iei. De\u015fi chiar colegi de-ai lor lipseau din sal\u0103, ale\u015fii au dat vina pe cei de la Putere, care au votat schimbarea programului de lucru din Parlament. Pa\u015fcan Emil-Marius: Nu ne-au mandatat cet\u0103\u0163enii s\u0103 venim \u00een Parlament \u015fi s\u0103 d\u0103m doar un vot la [&hellip;]<\/p>\n","protected":false},"author":1,"featured_media":185172,"comment_status":"open","ping_status":"","sticky":false,"template":"","format":"standard","meta":{"footnotes":""},"categories":[2],"tags":[11],"class_list":["post-185171","post","type-post","status-publish","format-standard","has-post-thumbnail","hentry","category-politics","tag-digi24"],"_links":{"self":[{"href":"https:\/\/analyse.optim.biz\/index.php?rest_route=\/wp\/v2\/posts\/185171","targetHints":{"allow":["GET"]}}],"collection":[{"href":"https:\/\/analyse.optim.biz\/index.php?rest_route=\/wp\/v2\/posts"}],"about":[{"href":"https:\/\/analyse.optim.biz\/index.php?rest_route=\/wp\/v2\/types\/post"}],"author":[{"embeddable":true,"href":"https:\/\/analyse.optim.biz\/index.php?rest_route=\/wp\/v2\/users\/1"}],"replies":[{"embeddable":true,"href":"https:\/\/analyse.optim.biz\/index.php?rest_route=%2Fwp%2Fv2%2Fcomments&post=185171"}],"version-history":[{"count":0,"href":"https:\/\/analyse.optim.biz\/index.php?rest_route=\/wp\/v2\/posts\/185171\/revisions"}],"wp:featuredmedia":[{"embeddable":true,"href":"https:\/\/analyse.optim.biz\/index.php?rest_route=\/wp\/v2\/media\/185172"}],"wp:attachment":[{"href":"https:\/\/analyse.optim.biz\/index.php?rest_route=%2Fwp%2Fv2%2Fmedia&parent=185171"}],"wp:term":[{"taxonomy":"category","embeddable":true,"href":"https:\/\/analyse.optim.biz\/index.php?rest_route=%2Fwp%2Fv2%2Fcategories&post=185171"},{"taxonomy":"post_tag","embeddable":true,"href":"https:\/\/analyse.optim.biz\/index.php?rest_route=%2Fwp%2Fv2%2Ftags&post=185171"}],"curies":[{"name":"wp","href":"https:\/\/api.w.org\/{rel}","templated":true}]}}