{"id":185160,"date":"2015-03-11T17:20:03","date_gmt":"2015-03-11T14:20:03","guid":{"rendered":"https:\/\/analyse.optim.biz\/?p=185160"},"modified":"2015-03-11T17:20:03","modified_gmt":"2015-03-11T14:20:03","slug":"scandalul-hartii-premierul-ii-ia-apararea-ministrului-aurescu","status":"publish","type":"post","link":"https:\/\/analyse.optim.biz\/?p=185160","title":{"rendered":"Scandalul h\u0103r\u021bii. Premierul \u00eei ia ap\u0103rarea ministrului Aurescu"},"content":{"rendered":"<div class=\"entry data-app-meta data-app-meta-article\" data-embed-base-url-canonical=\"https:\/\/www.digi24.ro\/embed\/stiri\/actualitate\/politica\/scandalul-hartii-premierul-ii-ia-apararea-ministrului-aurescu-369586\">\n<p data-index=\"1\">\u00a0\u201eDomnu&#8217; ministru Aurescu, degeaba a\u021bi f\u0103cut at\u00e2tea lucruri bune pentru Rom\u00e2nia \u00een to\u021bi ace\u0219ti ani! \u00cen\u021beleg c\u0103 a\u021bi gre\u0219it o hart\u0103!\u201d, a afirmat premierul Victor Ponta, ironic la adresa propor\u021biilor pe care le-a luat scandalul \u00een raport cu cel c\u0103ruia i se atribuie meritele de a fi c\u00e2\u0219tigat procesul de la Haga \u00eempotriva Ucrainei prin care Rom\u00e2nia a ob\u021binut delimitarea platoului continental \u00een Marea Neagr\u0103. Tot Bogdan Aurescu este cel care a condus echipa care a negociat cu Statele Unite instalarea scutului antirachet\u0103 la Deveselu.<\/p>\n<p data-index=\"2\">\u201eEu vreau s\u0103 v\u0103 urez mult succes \u00een continuare, s\u0103 face\u021bi lucruri bune pentru Rom\u00e2nia\u201d, a punctat premierul, d\u00e2nd de \u00een\u021beles clar c\u0103 nu a\u0219teapt\u0103 demisia ministrului de Externe.<\/p>\n<p data-index=\"3\">\u201eCine a gre\u0219it pl\u0103te\u0219te\u201d, a ad\u0103ugat, totu\u0219i, premierul. \u201e\u00cen\u021beleg c\u0103 se \u00eent\u00e2mpl\u0103 \u0219i la case mai mari\u201d, a continuat Victor Ponta, minimiz\u00e2nd gravitatea incidentului diplomatic: \u201e\u00cen\u021beleg c\u0103 domnu&#8217; Plevneliev Rosen este pre\u0219edintele Rom\u00e2niei, pe pagina oficial\u0103 a MAE german\u201d, a spus \u0219eful executivului cu un z\u00e2mbet larg. \u201eVreau doar s\u0103 v\u0103 rog s\u0103 v\u0103 vede\u021bi de treab\u0103 \u00een continuare, de ministru de Externe, Ministerul de Externe s\u0103-\u0219i fac\u0103 treaba \u0219i dac\u0103 cineva, sigur, gre\u0219e\u0219te, \u00een\u021beleg c\u0103 pl\u0103te\u0219te (aluzie la <a href=\"https:\/\/www.digi24.ro\/Stiri\/Digi24\/Actualitate\/Stiri\/Purtatorul+de+cuvant+al+MAE+a+fost+demis+dupa+gafa+diplomatica+d\" target=\"_blank\" data-skip-linkfix=\"1\" rel=\"noopener\">demiterea purt\u0103torului de cuv\u00e2nt al MAE, Br\u00e2ndu\u0219a Predescu<\/a> \u2013 n.r.)\u201d, a spus Victor Ponta.<\/p>\n<p data-index=\"4\">\u201e<strong>Vreau s\u0103 dau acest mesaj public \u0219i s\u0103 v\u0103 spun tuturor s\u0103 ave\u021bi grij\u0103 la func\u021bionari<\/strong>\u201d, a \u00eencheiat premierul, adres\u00e2ndu-se tuturor mini\u0219trilor.<\/p>\n<\/div>\n<p> Source URL: https:\/\/www.digi24.ro\/stiri\/actualitate\/politica\/scandalul-hartii-premierul-ii-ia-apararea-ministrului-aurescu-369586<\/p>\n","protected":false},"excerpt":{"rendered":"<p>\u00a0\u201eDomnu&#8217; ministru Aurescu, degeaba a\u021bi f\u0103cut at\u00e2tea lucruri bune pentru Rom\u00e2nia \u00een to\u021bi ace\u0219ti ani! \u00cen\u021beleg c\u0103 a\u021bi gre\u0219it o hart\u0103!\u201d, a afirmat premierul Victor Ponta, ironic la adresa propor\u021biilor pe care le-a luat scandalul \u00een raport cu cel c\u0103ruia i se atribuie meritele de a fi c\u00e2\u0219tigat procesul de la Haga \u00eempotriva Ucrainei prin [&hellip;]<\/p>\n","protected":false},"author":1,"featured_media":185161,"comment_status":"open","ping_status":"","sticky":false,"template":"","format":"standard","meta":{"footnotes":""},"categories":[2],"tags":[11],"class_list":["post-185160","post","type-post","status-publish","format-standard","has-post-thumbnail","hentry","category-politics","tag-digi24"],"_links":{"self":[{"href":"https:\/\/analyse.optim.biz\/index.php?rest_route=\/wp\/v2\/posts\/185160","targetHints":{"allow":["GET"]}}],"collection":[{"href":"https:\/\/analyse.optim.biz\/index.php?rest_route=\/wp\/v2\/posts"}],"about":[{"href":"https:\/\/analyse.optim.biz\/index.php?rest_route=\/wp\/v2\/types\/post"}],"author":[{"embeddable":true,"href":"https:\/\/analyse.optim.biz\/index.php?rest_route=\/wp\/v2\/users\/1"}],"replies":[{"embeddable":true,"href":"https:\/\/analyse.optim.biz\/index.php?rest_route=%2Fwp%2Fv2%2Fcomments&post=185160"}],"version-history":[{"count":0,"href":"https:\/\/analyse.optim.biz\/index.php?rest_route=\/wp\/v2\/posts\/185160\/revisions"}],"wp:featuredmedia":[{"embeddable":true,"href":"https:\/\/analyse.optim.biz\/index.php?rest_route=\/wp\/v2\/media\/185161"}],"wp:attachment":[{"href":"https:\/\/analyse.optim.biz\/index.php?rest_route=%2Fwp%2Fv2%2Fmedia&parent=185160"}],"wp:term":[{"taxonomy":"category","embeddable":true,"href":"https:\/\/analyse.optim.biz\/index.php?rest_route=%2Fwp%2Fv2%2Fcategories&post=185160"},{"taxonomy":"post_tag","embeddable":true,"href":"https:\/\/analyse.optim.biz\/index.php?rest_route=%2Fwp%2Fv2%2Ftags&post=185160"}],"curies":[{"name":"wp","href":"https:\/\/api.w.org\/{rel}","templated":true}]}}