{"id":1851532,"date":"2026-03-26T14:05:28","date_gmt":"2026-03-26T11:05:28","guid":{"rendered":"https:\/\/analyse.optim.biz\/?p=1851532"},"modified":"2026-03-26T14:05:28","modified_gmt":"2026-03-26T11:05:28","slug":"ipj-valcea-si-a-schimbat-seful-de-ziua-politiei","status":"publish","type":"post","link":"https:\/\/analyse.optim.biz\/?p=1851532","title":{"rendered":"IPJ V\u00e2lcea \u0219i-a schimbat \u0219eful de \u00abZiua Poli\u021biei\u00bb"},"content":{"rendered":"<p>[analyse_image type=&#8221;featured&#8221; src=&#8221;https:\/\/www.curierul.ro\/wp-content\/uploads\/2026\/03\/nicolae_ionel-marius-1-1152&#215;1536-1-e1774532590561.jpghttps:\/\/i0.wp.com\/www.curierul.ro\/wp-content\/uploads\/2026\/03\/nicolae_ionel-marius-1-1152&#215;1536-1-e1774532590561.jpg?fit=1124%2C1200&amp;ssl=1&#8243;]<\/p>\n<article id=\"196775\" class=\"post-196775 post type-post status-publish format-standard has-post-thumbnail hentry category-eveniment-social category-politie category-social tag-ipj-valcea-3 tag-schimbat tag-sef tag-ziua-politiei\">\n<header class=\"post-header\">\n<ul class=\"breadcrumbs\">\n<li><a href=\"https:\/\/www.curierul.ro\">Home<\/a><\/li>\n<li class=\"breadcrumbs-active .category-eveniment-social\"><a href=\"https:\/\/www.curierul.ro\/index.php?cat=928\">Eveniment<\/a><\/li>\n<li class=\"breadcrumbs-active .category-eveniment-social\">IPJ V\u00e2lcea \u0219i-a schimbat \u0219eful de \u00abZiua Poli\u021biei\u00bb<\/li>\n<\/ul>\n<div class=\"featured-photo\"><img loading=\"lazy\" decoding=\"async\" width=\"1152\" height=\"1230\" src=\"https:\/\/i0.wp.com\/www.curierul.ro\/wp-content\/uploads\/2026\/03\/nicolae_ionel-marius-1-1152x1536-1-e1774532590561.jpg?fit=281%2C300&amp;ssl=1\" class=\"attachment-single size-single wp-post-image\" alt><\/div>\n<h1 class=\"headline\">IPJ V\u00e2lcea \u0219i-a schimbat \u0219eful de \u00abZiua Poli\u021biei\u00bb<\/h1>\n<p class=\"byline\">\n\t\tScris de<a href=\"https:\/\/www.curierul.ro\/author\/curierul\/\">Curierul de Valcea<\/a>, \t\t26 martie 2026\t\t\t\t<\/p>\n<hr>\n<\/header>\n<p>\u00cencep\u00e2nd din 25 martie 2026, comisar-\u0219ef de poli\u021bie Nicolae Ionel\u00a0 Marius a fost \u00eemputernicit s\u0103 \u00eendeplineasc\u0103 atribu\u021biile de inspector-\u0219ef al Inspectoratului de Poli\u021bie Jude\u021bean V\u00e2lcea. Acesta a activat anterior \u00een func\u021bii de conducere \u00een cadrul Inspectoratului de Poli\u021bie Jude\u021bean Arge\u0219, experien\u021ba dob\u00e2ndit\u0103 recomand\u00e2ndu-l pentru exercitarea noilor responsabilit\u0103\u021bi.<\/p>\n<p>Numirea \u00een aceast\u0103 func\u021bie are ca obiectiv principal asigurarea unui management eficient \u0219i coerent al activit\u0103\u021bilor institu\u021biei, \u00een vederea cre\u0219terii gradului de siguran\u021b\u0103 public\u0103 \u0219i a \u00eencrederii cet\u0103\u021benilor \u00een structurile de poli\u021bie.<\/p>\n<p>\u00cen perioada urm\u0103toare, vor fi intensificate ac\u021biunile pentru prevenirea \u0219i combaterea faptelor antisociale, cu accent pe reducerea infrac\u021bionalit\u0103\u021bii stradale, precum \u0219i pe cre\u0219terea gradului de siguran\u021b\u0103 rutier\u0103, prin desf\u0103\u0219urarea de activit\u0103\u021bi specifice pentru prevenirea accidentelor de circula\u021bie \u0219i combaterea principalelor cauze generatoare de evenimente rutiere.<\/p>\n<p>De asemenea, conducerea inspectoratului va urm\u0103ri adaptarea permanent\u0103 a dispozitivelor de ordine public\u0103 \u0219i rutier\u0103 la nevoile comunit\u0103\u021bii, precum \u0219i consolidarea cooper\u0103rii cu celelalte institu\u021bii cu atribu\u021bii \u00een domeniul siguran\u021bei publice.<\/p>\n<div class=\"sharedaddy sd-sharing-enabled\">\n<div class=\"robots-nocontent sd-block sd-social sd-social-official sd-sharing\">\n<h3 class=\"sd-title\">Distribuie pe:<\/h3>\n<div class=\"sd-content\">\n<ul>\n<li class=\"share-facebook\">\n<li class=\"share-twitter\"><a href=\"https:\/\/twitter.com\/share\" class=\"twitter-share-button\" data-url=\"https:\/\/www.curierul.ro\/ipj-valcea-si-a-schimbat-seful-de-ziua-politiei\/\" data-text=\"IPJ V\u00e2lcea \u0219i-a schimbat \u0219eful de \u00abZiua Poli\u021biei\u00bb\" data-via=\"curierulvl\">Tweet<\/a><\/li>\n<li class=\"share-jetpack-whatsapp\"><a rel=\"nofollow noopener noreferrer\" data-shared=\"sharing-whatsapp-196775\" class=\"share-jetpack-whatsapp sd-button\" href=\"https:\/\/www.curierul.ro\/ipj-valcea-si-a-schimbat-seful-de-ziua-politiei\/?share=jetpack-whatsapp\" target=\"_blank\" aria-labelledby=\"sharing-whatsapp-196775\"><span id=\"sharing-whatsapp-196775\" hidden>Partajeaz\u0103 prin WhatsApp(Se deschide \u00eentr-o fereastr\u0103 nou\u0103)<\/span><span>WhatsApp<\/span><\/a><\/li>\n<li><a href=\"https:\/\/www.curierul.ro\/ipj-valcea-si-a-schimbat-seful-de-ziua-politiei\/\" class=\"sharing-anchor sd-button share-more\"><span>Mai mult<\/span><\/a><\/li>\n<li class=\"share-end\"><\/ul>\n<div class=\"sharing-hidden\">\n<div class=\"inner\">\n<ul>\n<li class=\"share-email\"><a rel=\"nofollow noopener noreferrer\" data-shared=\"sharing-email-196775\" class=\"share-email sd-button\" href=\"mailto:?subject=%5BArticol%20partajat%5D%20IPJ%20V%C3%A2lcea%20%C8%99i-a%20schimbat%20%C8%99eful%20de%20%C2%ABZiua%20Poli%C8%9Biei%C2%BB&amp;body=https%3A%2F%2Fwww.curierul.ro%2Fipj-valcea-si-a-schimbat-seful-de-ziua-politiei%2F&amp;share=email\" target=\"_blank\" aria-labelledby=\"sharing-email-196775\" data-email-share-error-title=\"\u021ai-ai configurat emailul?\" data-email-share-error-text=\"Dac\u0103 ai probleme la partajarea prin email, probabil nu ai configurat emailul pentru navigator. Poate trebuie s\u0103 creezi singur un email nou.\" data-email-share-nonce=\"fd1d9b9fb5\" data-email-share-track-url=\"https:\/\/www.curierul.ro\/ipj-valcea-si-a-schimbat-seful-de-ziua-politiei\/?share=email\"><span id=\"sharing-email-196775\" hidden>Trimite unui prieten un email cu o leg\u0103tur\u0103(Se deschide \u00eentr-o fereastr\u0103 nou\u0103)<\/span><span>Email<\/span><\/a><\/li>\n<li class=\"share-print\"><a rel=\"nofollow noopener noreferrer\" data-shared=\"sharing-print-196775\" class=\"share-print sd-button\" href=\"https:\/\/www.curierul.ro\/ipj-valcea-si-a-schimbat-seful-de-ziua-politiei\/#print?share=print\" target=\"_blank\" aria-labelledby=\"sharing-print-196775\"><span id=\"sharing-print-196775\" hidden>Imprimare(Se deschide \u00eentr-o fereastr\u0103 nou\u0103)<\/span><span>Imprimare<\/span><\/a><\/li>\n<li class=\"share-end\"><\/ul>\n<\/div>\n<\/div>\n<\/div>\n<\/div>\n<\/div>\n<div id=\"jp-relatedposts\" class=\"jp-relatedposts\">\n<h3 class=\"jp-relatedposts-headline\"><em>Similare<\/em><\/h3>\n<\/div>\n<footer class=\"post-footer\">\n<p class=\"tags\"><strong>Tags: <\/strong><a href=\"https:\/\/www.curierul.ro\/tag\/ipj-valcea-3\/\" rel=\"tag\">IPJ Valcea<\/a>, <a href=\"https:\/\/www.curierul.ro\/tag\/schimbat\/\" rel=\"tag\">schimbat<\/a>, <a href=\"https:\/\/www.curierul.ro\/tag\/sef\/\" rel=\"tag\">\u0219ef<\/a>, <a href=\"https:\/\/www.curierul.ro\/tag\/ziua-politiei\/\" rel=\"tag\">Ziua Poli\u021biei<\/a><\/p>\n<div class=\"post-navigation clearfix\">\n<div class=\"previous-post\">\n<div class=\"featured-photo\"><img loading=\"lazy\" decoding=\"async\" width=\"1220\" height=\"665\" src=\"https:\/\/i0.wp.com\/www.curierul.ro\/wp-content\/uploads\/2026\/03\/Florentin-Pera.jpeg?fit=300%2C164&amp;ssl=1\" class=\"attachment-post-thumbnail size-post-thumbnail wp-post-image\" alt><\/div>\n<p class=\"paginate-title\">\u00ab\u00ab <a href=\"https:\/\/www.curierul.ro\/florentin-pera-dupa-a-saptea-victorie-impotriva-csm-bucuresti-valcea-revine-in-prim-planul-handbalului-romanesc\/\" rel=\"prev\">Florentin Pera dup\u0103 a \u0219aptea victorie \u00eempotriva CSM Bucure\u0219ti: \u201eV\u00c2LCEA REVINE \u00ceN PRIM-PLANUL HANDBALULUI ROM\u00c2NESC\u201d<\/a><\/p>\n<\/div>\n<div class=\"next-post\">\n<div class=\"featured-photo\"><img decoding=\"async\" width=\"1666\" height=\"935\" src=\"https:\/\/i0.wp.com\/www.curierul.ro\/wp-content\/uploads\/2025\/11\/Primaria-Horezu-e1762263364590.jpg?fit=300%2C168&amp;ssl=1\" class=\"attachment-post-thumbnail size-post-thumbnail wp-post-image\" alt loading=\"lazy\"><\/div>\n<p class=\"paginate-title\"><a href=\"https:\/\/www.curierul.ro\/primaria-horezu-oficial-in-casa-noua\/\" rel=\"next\">Prim\u0103ria Horezu, oficial \u00een \u201ecas\u0103 nou\u0103\u201d<\/a> \u00bb\u00bb<\/p>\n<\/div>\n<\/div>\n<div id=\"comments\" class=\"comments-area\">\n<div id=\"respond\" class=\"comment-respond\">\n<h3 id=\"reply-title\" class=\"comment-reply-title\">Po\u021bi comenta aici<small><a rel=\"nofollow\" id=\"cancel-comment-reply-link\" href=\"https:\/\/www.curierul.ro\/ipj-valcea-si-a-schimbat-seful-de-ziua-politiei\/#respond\">Anuleaz\u0103 r\u0103spunsul<\/a><\/small><\/h3>\n<\/div>\n<p class=\"akismet_comment_form_privacy_notice\">Acest site folose\u0219te Akismet pentru a reduce spamul. <a href=\"https:\/\/akismet.com\/privacy\/\" target=\"_blank\" rel=\"nofollow noopener\">Afl\u0103 cum sunt procesate datele comentariilor tale<\/a>.<\/p>\n<\/div>\n<section class=\"related-stories\">\n<h2>Related Stories<\/h2>\n<div class=\"stories-container\">\n<article id=\"latest-179922\" class=\"story post-179922 post type-post status-publish format-standard has-post-thumbnail hentry category-ceasul-rau category-impact category-politie category-social tag-accident tag-dn-64 tag-ipj-valcea-3 tag-raureni-2 tag-sofer-teribilist\">\n<div class=\"photo\"><img decoding=\"async\" width=\"735\" height=\"440\" src=\"https:\/\/i0.wp.com\/www.curierul.ro\/wp-content\/uploads\/2023\/01\/ACC-RAURENI-2-1.jpg?fit=300%2C199&amp;ssl=1\" class=\"attachment-giornalismo-single size-giornalismo-single wp-post-image\" alt loading=\"lazy\"><\/div>\n<p class=\"headline\"><a href=\"https:\/\/www.curierul.ro\/s-a-aflat-sub-influenta-caror-substante-se-afla-tanarul-care-a-zburat-cu-masina-langa-sectia-de-politie-de-la-raureni\/\">S-A AFLAT SUB INFLUEN\u021aA C\u0102ROR SUBSTAN\u021aE se afla t\u00e2n\u0103rul care a \u00abzburat\u00bb cu ma\u0219ina l\u00e2ng\u0103 sec\u021bia de Poli\u021bie de la R\u00e2ureni<\/a><\/p>\n<\/article>\n<article id=\"latest-178804\" class=\"story post-178804 post type-post status-publish format-standard has-post-thumbnail hentry category-comunicate category-impact category-invatamant category-politie category-social tag-actiune tag-elevi tag-ipj-valcea-3\">\n<div class=\"photo\"><img decoding=\"async\" width=\"735\" height=\"440\" src=\"https:\/\/i0.wp.com\/www.curierul.ro\/wp-content\/uploads\/2022\/12\/POLITIA-ELEVI-1.jpeg?fit=300%2C169&amp;ssl=1\" class=\"attachment-giornalismo-single size-giornalismo-single wp-post-image\" alt loading=\"lazy\"><\/div>\n<p class=\"headline\"><a href=\"https:\/\/www.curierul.ro\/politistii-valceni-din-nou-la-scoala\/\">POLI\u021aI\u0218TII V\u00c2LCENI, din nou la \u0219coal\u0103<\/a><\/p>\n<\/article>\n<\/div>\n<\/section>\n<section class=\"latest-category clearfix\">\n<h2 class=\"title\">More Stories From Eveniment<\/h2>\n<\/section>\n<section class=\"author-bio clearfix\">\n<div class=\"mug-shot\"><img decoding=\"async\" alt src=\"https:\/\/secure.gravatar.com\/avatar\/2a58d181c1d85262357d59db6fc29158130ca794fc45057783762a4c0eb9167f?s=96&amp;d=mm&amp;r=g\" class=\"avatar avatar-96 photo\" height=\"96\" width=\"96\" loading=\"lazy\"><\/div>\n<div class=\"author-info\">\n<p class=\"title\">About Curierul de Valcea, <\/p>\n<div class=\"author-social-area\"><a href=\"mailto:curierul@curierul.ro\"><span class=\"fal fa-envelope\"><span class=\"screen-reader-text\">Email the Author<\/span><\/span><\/a><\/div>\n<\/div>\n<\/section>\n<\/footer>\n<\/article>\n<article id=\"196775\" class=\"post-196775 post type-post status-publish format-standard has-post-thumbnail hentry category-eveniment-social category-politie category-social tag-ipj-valcea-3 tag-schimbat tag-sef tag-ziua-politiei\">\n<header class=\"post-header\">\n<ul class=\"breadcrumbs\">\n<li><a href=\"https:\/\/www.curierul.ro\">Home<\/a><\/li>\n<li class=\"breadcrumbs-active .category-eveniment-social\"><a href=\"https:\/\/www.curierul.ro\/index.php?cat=928\">Eveniment<\/a><\/li>\n<li class=\"breadcrumbs-active .category-eveniment-social\">IPJ V\u00e2lcea \u0219i-a schimbat \u0219eful de \u00abZiua Poli\u021biei\u00bb<\/li>\n<\/ul>\n<div class=\"featured-photo\"><img loading=\"lazy\" decoding=\"async\" width=\"1152\" height=\"1230\" src=\"https:\/\/i0.wp.com\/www.curierul.ro\/wp-content\/uploads\/2026\/03\/nicolae_ionel-marius-1-1152x1536-1-e1774532590561.jpg?fit=281%2C300&amp;ssl=1\" class=\"attachment-single size-single wp-post-image\" alt><\/div>\n<h1 class=\"headline\">IPJ V\u00e2lcea \u0219i-a schimbat \u0219eful de \u00abZiua Poli\u021biei\u00bb<\/h1>\n<p class=\"byline\">\n\t\tScris de<a href=\"https:\/\/www.curierul.ro\/author\/curierul\/\">Curierul de Valcea<\/a>, \t\t26 martie 2026\t\t\t\t<\/p>\n<hr>\n<\/header>\n<p>\u00cencep\u00e2nd din 25 martie 2026, comisar-\u0219ef de poli\u021bie Nicolae Ionel\u00a0 Marius a fost \u00eemputernicit s\u0103 \u00eendeplineasc\u0103 atribu\u021biile de inspector-\u0219ef al Inspectoratului de Poli\u021bie Jude\u021bean V\u00e2lcea. Acesta a activat anterior \u00een func\u021bii de conducere \u00een cadrul Inspectoratului de Poli\u021bie Jude\u021bean Arge\u0219, experien\u021ba dob\u00e2ndit\u0103 recomand\u00e2ndu-l pentru exercitarea noilor responsabilit\u0103\u021bi.<\/p>\n<p>Numirea \u00een aceast\u0103 func\u021bie are ca obiectiv principal asigurarea unui management eficient \u0219i coerent al activit\u0103\u021bilor institu\u021biei, \u00een vederea cre\u0219terii gradului de siguran\u021b\u0103 public\u0103 \u0219i a \u00eencrederii cet\u0103\u021benilor \u00een structurile de poli\u021bie.<\/p>\n<p>\u00cen perioada urm\u0103toare, vor fi intensificate ac\u021biunile pentru prevenirea \u0219i combaterea faptelor antisociale, cu accent pe reducerea infrac\u021bionalit\u0103\u021bii stradale, precum \u0219i pe cre\u0219terea gradului de siguran\u021b\u0103 rutier\u0103, prin desf\u0103\u0219urarea de activit\u0103\u021bi specifice pentru prevenirea accidentelor de circula\u021bie \u0219i combaterea principalelor cauze generatoare de evenimente rutiere.<\/p>\n<p>De asemenea, conducerea inspectoratului va urm\u0103ri adaptarea permanent\u0103 a dispozitivelor de ordine public\u0103 \u0219i rutier\u0103 la nevoile comunit\u0103\u021bii, precum \u0219i consolidarea cooper\u0103rii cu celelalte institu\u021bii cu atribu\u021bii \u00een domeniul siguran\u021bei publice.<\/p>\n<div class=\"sharedaddy sd-sharing-enabled\">\n<div class=\"robots-nocontent sd-block sd-social sd-social-official sd-sharing\">\n<h3 class=\"sd-title\">Distribuie pe:<\/h3>\n<div class=\"sd-content\">\n<ul>\n<li class=\"share-facebook\">\n<li class=\"share-twitter\"><a href=\"https:\/\/twitter.com\/share\" class=\"twitter-share-button\" data-url=\"https:\/\/www.curierul.ro\/ipj-valcea-si-a-schimbat-seful-de-ziua-politiei\/\" data-text=\"IPJ V\u00e2lcea \u0219i-a schimbat \u0219eful de \u00abZiua Poli\u021biei\u00bb\" data-via=\"curierulvl\">Tweet<\/a><\/li>\n<li class=\"share-jetpack-whatsapp\"><a rel=\"nofollow noopener noreferrer\" data-shared=\"sharing-whatsapp-196775\" class=\"share-jetpack-whatsapp sd-button\" href=\"https:\/\/www.curierul.ro\/ipj-valcea-si-a-schimbat-seful-de-ziua-politiei\/?share=jetpack-whatsapp\" target=\"_blank\" aria-labelledby=\"sharing-whatsapp-196775\"><span id=\"sharing-whatsapp-196775\" hidden>Partajeaz\u0103 prin WhatsApp(Se deschide \u00eentr-o fereastr\u0103 nou\u0103)<\/span><span>WhatsApp<\/span><\/a><\/li>\n<li><a href=\"https:\/\/www.curierul.ro\/ipj-valcea-si-a-schimbat-seful-de-ziua-politiei\/\" class=\"sharing-anchor sd-button share-more\"><span>Mai mult<\/span><\/a><\/li>\n<li class=\"share-end\"><\/ul>\n<div class=\"sharing-hidden\">\n<div class=\"inner\">\n<ul>\n<li class=\"share-email\"><a rel=\"nofollow noopener noreferrer\" data-shared=\"sharing-email-196775\" class=\"share-email sd-button\" href=\"mailto:?subject=%5BArticol%20partajat%5D%20IPJ%20V%C3%A2lcea%20%C8%99i-a%20schimbat%20%C8%99eful%20de%20%C2%ABZiua%20Poli%C8%9Biei%C2%BB&amp;body=https%3A%2F%2Fwww.curierul.ro%2Fipj-valcea-si-a-schimbat-seful-de-ziua-politiei%2F&amp;share=email\" target=\"_blank\" aria-labelledby=\"sharing-email-196775\" data-email-share-error-title=\"\u021ai-ai configurat emailul?\" data-email-share-error-text=\"Dac\u0103 ai probleme la partajarea prin email, probabil nu ai configurat emailul pentru navigator. Poate trebuie s\u0103 creezi singur un email nou.\" data-email-share-nonce=\"fd1d9b9fb5\" data-email-share-track-url=\"https:\/\/www.curierul.ro\/ipj-valcea-si-a-schimbat-seful-de-ziua-politiei\/?share=email\"><span id=\"sharing-email-196775\" hidden>Trimite unui prieten un email cu o leg\u0103tur\u0103(Se deschide \u00eentr-o fereastr\u0103 nou\u0103)<\/span><span>Email<\/span><\/a><\/li>\n<li class=\"share-print\"><a rel=\"nofollow noopener noreferrer\" data-shared=\"sharing-print-196775\" class=\"share-print sd-button\" href=\"https:\/\/www.curierul.ro\/ipj-valcea-si-a-schimbat-seful-de-ziua-politiei\/#print?share=print\" target=\"_blank\" aria-labelledby=\"sharing-print-196775\"><span id=\"sharing-print-196775\" hidden>Imprimare(Se deschide \u00eentr-o fereastr\u0103 nou\u0103)<\/span><span>Imprimare<\/span><\/a><\/li>\n<li class=\"share-end\"><\/ul>\n<\/div>\n<\/div>\n<\/div>\n<\/div>\n<\/div>\n<div id=\"jp-relatedposts\" class=\"jp-relatedposts\">\n<h3 class=\"jp-relatedposts-headline\"><em>Similare<\/em><\/h3>\n<\/div>\n<footer class=\"post-footer\">\n<p class=\"tags\"><strong>Tags: <\/strong><a href=\"https:\/\/www.curierul.ro\/tag\/ipj-valcea-3\/\" rel=\"tag\">IPJ Valcea<\/a>, <a href=\"https:\/\/www.curierul.ro\/tag\/schimbat\/\" rel=\"tag\">schimbat<\/a>, <a href=\"https:\/\/www.curierul.ro\/tag\/sef\/\" rel=\"tag\">\u0219ef<\/a>, <a href=\"https:\/\/www.curierul.ro\/tag\/ziua-politiei\/\" rel=\"tag\">Ziua Poli\u021biei<\/a><\/p>\n<div class=\"post-navigation clearfix\">\n<div class=\"previous-post\">\n<div class=\"featured-photo\"><img loading=\"lazy\" decoding=\"async\" width=\"1220\" height=\"665\" src=\"https:\/\/i0.wp.com\/www.curierul.ro\/wp-content\/uploads\/2026\/03\/Florentin-Pera.jpeg?fit=300%2C164&amp;ssl=1\" class=\"attachment-post-thumbnail size-post-thumbnail wp-post-image\" alt><\/div>\n<p class=\"paginate-title\">\u00ab\u00ab <a href=\"https:\/\/www.curierul.ro\/florentin-pera-dupa-a-saptea-victorie-impotriva-csm-bucuresti-valcea-revine-in-prim-planul-handbalului-romanesc\/\" rel=\"prev\">Florentin Pera dup\u0103 a \u0219aptea victorie \u00eempotriva CSM Bucure\u0219ti: \u201eV\u00c2LCEA REVINE \u00ceN PRIM-PLANUL HANDBALULUI ROM\u00c2NESC\u201d<\/a><\/p>\n<\/div>\n<div class=\"next-post\">\n<div class=\"featured-photo\"><img decoding=\"async\" width=\"1666\" height=\"935\" src=\"https:\/\/i0.wp.com\/www.curierul.ro\/wp-content\/uploads\/2025\/11\/Primaria-Horezu-e1762263364590.jpg?fit=300%2C168&amp;ssl=1\" class=\"attachment-post-thumbnail size-post-thumbnail wp-post-image\" alt loading=\"lazy\"><\/div>\n<p class=\"paginate-title\"><a href=\"https:\/\/www.curierul.ro\/primaria-horezu-oficial-in-casa-noua\/\" rel=\"next\">Prim\u0103ria Horezu, oficial \u00een \u201ecas\u0103 nou\u0103\u201d<\/a> \u00bb\u00bb<\/p>\n<\/div>\n<\/div>\n<div id=\"comments\" class=\"comments-area\">\n<div id=\"respond\" class=\"comment-respond\">\n<h3 id=\"reply-title\" class=\"comment-reply-title\">Po\u021bi comenta aici<small><a rel=\"nofollow\" id=\"cancel-comment-reply-link\" href=\"https:\/\/www.curierul.ro\/ipj-valcea-si-a-schimbat-seful-de-ziua-politiei\/#respond\">Anuleaz\u0103 r\u0103spunsul<\/a><\/small><\/h3>\n<\/div>\n<p class=\"akismet_comment_form_privacy_notice\">Acest site folose\u0219te Akismet pentru a reduce spamul. <a href=\"https:\/\/akismet.com\/privacy\/\" target=\"_blank\" rel=\"nofollow noopener\">Afl\u0103 cum sunt procesate datele comentariilor tale<\/a>.<\/p>\n<\/div>\n<section class=\"related-stories\">\n<h2>Related Stories<\/h2>\n<div class=\"stories-container\">\n<article id=\"latest-179922\" class=\"story post-179922 post type-post status-publish format-standard has-post-thumbnail hentry category-ceasul-rau category-impact category-politie category-social tag-accident tag-dn-64 tag-ipj-valcea-3 tag-raureni-2 tag-sofer-teribilist\">\n<div class=\"photo\"><img decoding=\"async\" width=\"735\" height=\"440\" src=\"https:\/\/i0.wp.com\/www.curierul.ro\/wp-content\/uploads\/2023\/01\/ACC-RAURENI-2-1.jpg?fit=300%2C199&amp;ssl=1\" class=\"attachment-giornalismo-single size-giornalismo-single wp-post-image\" alt loading=\"lazy\"><\/div>\n<p class=\"headline\"><a href=\"https:\/\/www.curierul.ro\/s-a-aflat-sub-influenta-caror-substante-se-afla-tanarul-care-a-zburat-cu-masina-langa-sectia-de-politie-de-la-raureni\/\">S-A AFLAT SUB INFLUEN\u021aA C\u0102ROR SUBSTAN\u021aE se afla t\u00e2n\u0103rul care a \u00abzburat\u00bb cu ma\u0219ina l\u00e2ng\u0103 sec\u021bia de Poli\u021bie de la R\u00e2ureni<\/a><\/p>\n<\/article>\n<article id=\"latest-178804\" class=\"story post-178804 post type-post status-publish format-standard has-post-thumbnail hentry category-comunicate category-impact category-invatamant category-politie category-social tag-actiune tag-elevi tag-ipj-valcea-3\">\n<div class=\"photo\"><img decoding=\"async\" width=\"735\" height=\"440\" src=\"https:\/\/i0.wp.com\/www.curierul.ro\/wp-content\/uploads\/2022\/12\/POLITIA-ELEVI-1.jpeg?fit=300%2C169&amp;ssl=1\" class=\"attachment-giornalismo-single size-giornalismo-single wp-post-image\" alt loading=\"lazy\"><\/div>\n<p class=\"headline\"><a href=\"https:\/\/www.curierul.ro\/politistii-valceni-din-nou-la-scoala\/\">POLI\u021aI\u0218TII V\u00c2LCENI, din nou la \u0219coal\u0103<\/a><\/p>\n<\/article>\n<\/div>\n<\/section>\n<section class=\"latest-category clearfix\">\n<h2 class=\"title\">More Stories From Eveniment<\/h2>\n<\/section>\n<section class=\"author-bio clearfix\">\n<div class=\"mug-shot\"><img decoding=\"async\" alt src=\"https:\/\/secure.gravatar.com\/avatar\/2a58d181c1d85262357d59db6fc29158130ca794fc45057783762a4c0eb9167f?s=96&amp;d=mm&amp;r=g\" class=\"avatar avatar-96 photo\" height=\"96\" width=\"96\" loading=\"lazy\"><\/div>\n<div class=\"author-info\">\n<p class=\"title\">About Curierul de Valcea, <\/p>\n<div class=\"author-social-area\"><a href=\"mailto:curierul@curierul.ro\"><span class=\"fal fa-envelope\"><span class=\"screen-reader-text\">Email the Author<\/span><\/span><\/a><\/div>\n<\/div>\n<\/section>\n<\/footer>\n<\/article>\n<article id=\"latest-179922\" class=\"story post-179922 post type-post status-publish format-standard has-post-thumbnail hentry category-ceasul-rau category-impact category-politie category-social tag-accident tag-dn-64 tag-ipj-valcea-3 tag-raureni-2 tag-sofer-teribilist\">\n<div class=\"photo\"><img decoding=\"async\" width=\"735\" height=\"440\" src=\"https:\/\/i0.wp.com\/www.curierul.ro\/wp-content\/uploads\/2023\/01\/ACC-RAURENI-2-1.jpg?fit=300%2C199&amp;ssl=1\" class=\"attachment-giornalismo-single size-giornalismo-single wp-post-image\" alt loading=\"lazy\"><\/div>\n<p class=\"headline\"><a href=\"https:\/\/www.curierul.ro\/s-a-aflat-sub-influenta-caror-substante-se-afla-tanarul-care-a-zburat-cu-masina-langa-sectia-de-politie-de-la-raureni\/\">S-A AFLAT SUB INFLUEN\u021aA C\u0102ROR SUBSTAN\u021aE se afla t\u00e2n\u0103rul care a \u00abzburat\u00bb cu ma\u0219ina l\u00e2ng\u0103 sec\u021bia de Poli\u021bie de la R\u00e2ureni<\/a><\/p>\n<\/article>\n<article id=\"latest-178804\" class=\"story post-178804 post type-post status-publish format-standard has-post-thumbnail hentry category-comunicate category-impact category-invatamant category-politie category-social tag-actiune tag-elevi tag-ipj-valcea-3\">\n<div class=\"photo\"><img decoding=\"async\" width=\"735\" height=\"440\" src=\"https:\/\/i0.wp.com\/www.curierul.ro\/wp-content\/uploads\/2022\/12\/POLITIA-ELEVI-1.jpeg?fit=300%2C169&amp;ssl=1\" class=\"attachment-giornalismo-single size-giornalismo-single wp-post-image\" alt loading=\"lazy\"><\/div>\n<p class=\"headline\"><a href=\"https:\/\/www.curierul.ro\/politistii-valceni-din-nou-la-scoala\/\">POLI\u021aI\u0218TII V\u00c2LCENI, din nou la \u0219coal\u0103<\/a><\/p>\n<\/article>\n<p>[analyse_source url=&#8221;https:\/\/www.curierul.ro\/ipj-valcea-si-a-schimbat-seful-de-ziua-politiei\/&#8221;]<\/p>\n","protected":false},"excerpt":{"rendered":"<p>[analyse_image type=&#8221;featured&#8221; src=&#8221;https:\/\/www.curierul.ro\/wp-content\/uploads\/2026\/03\/nicolae_ionel-marius-1-1152&#215;1536-1-e1774532590561.jpghttps:\/\/i0.wp.com\/www.curierul.ro\/wp-content\/uploads\/2026\/03\/nicolae_ionel-marius-1-1152&#215;1536-1-e1774532590561.jpg?fit=1124%2C1200&amp;ssl=1&#8243;] Home Eveniment IPJ V\u00e2lcea \u0219i-a schimbat \u0219eful de \u00abZiua Poli\u021biei\u00bb IPJ V\u00e2lcea \u0219i-a schimbat \u0219eful de \u00abZiua Poli\u021biei\u00bb Scris deCurierul de Valcea, 26 martie 2026 \u00cencep\u00e2nd din 25 martie 2026, comisar-\u0219ef de poli\u021bie Nicolae Ionel\u00a0 Marius a fost \u00eemputernicit s\u0103 \u00eendeplineasc\u0103 atribu\u021biile de inspector-\u0219ef al Inspectoratului de Poli\u021bie Jude\u021bean V\u00e2lcea. Acesta a [&hellip;]<\/p>\n","protected":false},"author":1,"featured_media":0,"comment_status":"open","ping_status":"","sticky":false,"template":"","format":"standard","meta":{"footnotes":""},"categories":[89],"tags":[226,213],"class_list":["post-1851532","post","type-post","status-publish","format-standard","hentry","category-romania","tag-crawlmanager","tag-curierul-ro"],"_links":{"self":[{"href":"https:\/\/analyse.optim.biz\/index.php?rest_route=\/wp\/v2\/posts\/1851532","targetHints":{"allow":["GET"]}}],"collection":[{"href":"https:\/\/analyse.optim.biz\/index.php?rest_route=\/wp\/v2\/posts"}],"about":[{"href":"https:\/\/analyse.optim.biz\/index.php?rest_route=\/wp\/v2\/types\/post"}],"author":[{"embeddable":true,"href":"https:\/\/analyse.optim.biz\/index.php?rest_route=\/wp\/v2\/users\/1"}],"replies":[{"embeddable":true,"href":"https:\/\/analyse.optim.biz\/index.php?rest_route=%2Fwp%2Fv2%2Fcomments&post=1851532"}],"version-history":[{"count":0,"href":"https:\/\/analyse.optim.biz\/index.php?rest_route=\/wp\/v2\/posts\/1851532\/revisions"}],"wp:attachment":[{"href":"https:\/\/analyse.optim.biz\/index.php?rest_route=%2Fwp%2Fv2%2Fmedia&parent=1851532"}],"wp:term":[{"taxonomy":"category","embeddable":true,"href":"https:\/\/analyse.optim.biz\/index.php?rest_route=%2Fwp%2Fv2%2Fcategories&post=1851532"},{"taxonomy":"post_tag","embeddable":true,"href":"https:\/\/analyse.optim.biz\/index.php?rest_route=%2Fwp%2Fv2%2Ftags&post=1851532"}],"curies":[{"name":"wp","href":"https:\/\/api.w.org\/{rel}","templated":true}]}}