{"id":1851528,"date":"2026-03-27T15:59:29","date_gmt":"2026-03-27T12:59:29","guid":{"rendered":"https:\/\/analyse.optim.biz\/?p=1851528"},"modified":"2026-03-27T15:59:29","modified_gmt":"2026-03-27T12:59:29","slug":"arheologii-valceni-ion-tutulescu-si-carol-terteci-au-prezentat-descoperirea-istorica-de-la-cazanesti-in-fata-academiei-romane","status":"publish","type":"post","link":"https:\/\/analyse.optim.biz\/?p=1851528","title":{"rendered":"Arheologii v\u00e2lceni Ion Tu\u021bulescu \u0219i Carol Terteci au prezentat descoperirea istoric\u0103 de la C\u0103z\u0103ne\u0219ti \u00een fa\u021ba Academiei Rom\u00e2ne"},"content":{"rendered":"<p>[analyse_image type=&#8221;featured&#8221; src=&#8221;https:\/\/www.curierul.ro\/wp-content\/uploads\/2026\/03\/TT.webphttps:\/\/i0.wp.com\/www.curierul.ro\/wp-content\/uploads\/2026\/03\/TT.webp?fit=1080%2C623&amp;ssl=1&#8243;]<\/p>\n<article id=\"196786\" class=\"post-196786 post type-post status-publish format-standard has-post-thumbnail hentry category-actualitate category-cultura category-eveniment-social category-headlines category-impact tag-academia-romana tag-carol-terteci tag-ion-tutulescu\">\n<header class=\"post-header\">\n<ul class=\"breadcrumbs\">\n<li><a href=\"https:\/\/www.curierul.ro\">Home<\/a><\/li>\n<li class=\"breadcrumbs-active .category-actualitate\"><a href=\"https:\/\/www.curierul.ro\/index.php?cat=1615\">Actualitate<\/a><\/li>\n<li class=\"breadcrumbs-active .category-actualitate\">Arheologii v\u00e2lceni Ion Tu\u021bulescu \u0219i Carol Terteci au prezentat descoperirea istoric\u0103 de la C\u0103z\u0103ne\u0219ti \u00een fa\u021ba Academiei Rom\u00e2ne<\/li>\n<\/ul>\n<div class=\"featured-photo\"><img loading=\"lazy\" decoding=\"async\" width=\"1080\" height=\"623\" src=\"https:\/\/i0.wp.com\/www.curierul.ro\/wp-content\/uploads\/2026\/03\/TT.webp?fit=300%2C173&amp;ssl=1\" class=\"attachment-single size-single wp-post-image\" alt><\/div>\n<h1 class=\"headline\">Arheologii v\u00e2lceni Ion Tu\u021bulescu \u0219i Carol Terteci au prezentat descoperirea istoric\u0103 de la C\u0103z\u0103ne\u0219ti \u00een fa\u021ba Academiei Rom\u00e2ne<\/h1>\n<p class=\"byline\">\n\t\tScris de<a href=\"https:\/\/www.curierul.ro\/author\/ipopa\/\">Ionut Popa<\/a>, \t\t27 martie 2026\t\t\t\t<\/p>\n<hr>\n<\/header>\n<h4 class=\"wp-block-heading\"><strong><em>\u2022 cei doi muzeografi au impresionat cu detaliile despre a\u0219ezarea de tip S\u00e2ntana de Mure\u0219 Cerneahov, prima de acest gen atestat\u0103 \u00een jude\u021bul V\u00e2lcea<\/em><\/strong><\/h4>\n<p>\u00centre 25-27 martie 2026, Institutul de Arheologie \u201eVasile P\u00e2rvan\u201d \u00een colaborare cu Biblioteca Academiei Rom\u00e2ne \u2013 Cabinetul Numismatic \u0219i Muzeul Municipiului Bucure\u0219ti au organizat sesiunea \u201eMetod\u0103, teorie \u0219i practic\u0103 \u00een arheologia contemporan\u0103\u201d. Desf\u0103\u0219urate \u00een amfiteatrul \u201eIon Heliade R\u0103dulescu\u201d \u0219i Cabinetul Numismatic (Biblioteca Academiei Rom\u00e2ne), lucr\u0103rile sesiunii au inclus \u0219i prezentarea celor mai importan\u021bi arheologi v\u00e2lceni, dr. Ion Tu\u021bulescu \u0219i dr. Carol Terteci despre a\u0219ezarea post-roman\u0103 descoperit\u0103 la C\u0103z\u0103ne\u0219ti, \u201eLa Plut\u0103\u201d : \u201eCercetarea arheologic\u0103 realizat\u0103 la C\u0103z\u0103ne\u0219ti a contribuit substan\u021bial la cunoa\u0219terea evolu\u021biei comunit\u0103\u021bilor umane din zon\u0103, pentru o perioad\u0103 \u00eentunecat\u0103, imediat dup\u0103 retragerea roman\u0103 din Dacia. <strong>P\u00e2n\u0103 anul trecut, perioada cuprins\u0103 \u00eentre 271- sec V d. Chr. lipsea cu des\u0103v\u00e2r\u0219ire \u00een arheologia v\u00e2lcean\u0103. Cercetarea demarat\u0103 aici a condus la descoperirea unei a\u0219ez\u0103ri de tip S\u00e2ntana de Mure\u0219 Cerneahov, fiind prima a\u0219ezare de acest gen atestat\u0103 \u00een jude\u021bul V\u00e2lcea. Tot anul trecut, num\u0103rul a\u0219ez\u0103rilor de acest tip s-a \u00eembog\u0103\u021bit prin descoperirea unei noi a\u0219ez\u0103ri la Mih\u0103e\u0219ti-punct M\u0103gura.<\/strong><\/p>\n<p>Pentru aceste comunit\u0103\u021bi se observ\u0103 amplasarea \u00een zonele de lunc\u0103 la o anumit\u0103 distan\u021b\u0103 de drumul roman, care era cu sigurant\u0103 \u00eenc\u0103 \u00een uz, refuz\u00e2nd s\u0103 se stabileasc\u0103 \u00een fostele a\u0219ez\u0103ri romane din zon\u0103 (aici ne referim la situa\u021bia microzonei C\u0103z\u0103ne\u0219ti). Interesant este faptul c\u0103 reutilizeaz\u0103 material de construc\u021bie roman, dar \u0219i faptul c\u0103 \u00eentre\u021bin rela\u021bii comerciale cu imperiul.<\/p>\n<p>Amplasarea \u00een aceste zone denot\u0103 o perioad\u0103 mai lini\u0219tit\u0103, \u00een raport cu perioada secolelor VI-VII unde observ\u0103m c\u0103 noile comunit\u0103\u021bi evit\u0103 rutele principale \u0219i se retrag \u00een zone adiacente acestora (cazul a\u0219ez\u0103rii de tip Ipote\u0219ti-C\u00e2nde\u0219ti de la Mih\u0103e\u0219ti, punct Huidu II, cultur\u0103 arheologic\u0103 ulterioar\u0103 comunit\u0103\u021bilor de tip S\u00e2ntana de Mure\u0219-Cerneahov).<\/p>\n<p>Pentru zona Oltenie, reprezint\u0103 al patrulea punct atestat arheologic \u0219i singurul cercetat. \u00cen anul 2002, Florin Petrescu realiza un repertoriu al descoperirilor de tip S\u00e2ntana de Mure\u0219-Cerneahov, identific\u00e2nd \u00een Rom\u00e2nia un num\u0103r de 1915 puncte. Interesant este faptul c\u0103 acesta nu men\u021bioneaz\u0103 nici un punct pentru Oltenia, pun\u00e2nd sub semnul \u00eentreb\u0103rii primele trei puncte men\u021bionate de arheologul Ion Ioni\u021b\u0103 (descoperirile de la B\u0103beni-Olte\u021bu, Almaj \u0219i Lazu).<\/p>\n<p>Am prelevat probe pentru dat\u0103rile radio-carbon, dat\u0103ri transmise la laboratorul din Debrecen.\u00a0 Rezultatele acestor importante cercet\u0103ri pentru jude\u021bul V\u00e2lcea, dar \u0219i implicit pentru \u00eentreaga zon\u0103 a Olteniei vor fi subiectul unei importante lucr\u0103ri stiin\u021bifice, lucrare care sper\u0103m c\u0103 o s\u0103 vad\u0103 tiparul acest an.<\/p>\n<p>Ce am cercetat?<\/p>\n<p>O a\u0219ezare deschis\u0103, nefortificat\u0103, a\u0219ezare care se \u00eentinde pe aproximativ 14 ha.<\/p>\n<p>Ce astept\u0103ri sunt?<\/p>\n<p>Continuarea cercet\u0103rilor \u0219i de ce nu, descoperirea necropolei \u0219i corelarea informa\u021biilor dintre necropol\u0103 \u0219i a\u0219ezare\u201d au fost explica\u021biile echipei Tu\u021bulescu-Terteci \u00een fa\u021ba celor prezen\u021bi.<\/p>\n<div class=\"sharedaddy sd-sharing-enabled\">\n<div class=\"robots-nocontent sd-block sd-social sd-social-official sd-sharing\">\n<h3 class=\"sd-title\">Distribuie pe:<\/h3>\n<div class=\"sd-content\">\n<ul>\n<li class=\"share-facebook\">\n<li class=\"share-twitter\"><a href=\"https:\/\/twitter.com\/share\" class=\"twitter-share-button\" data-url=\"https:\/\/www.curierul.ro\/arheologii-valceni-ion-tutulescu-si-carol-terteci-au-prezentat-descoperirea-istorica-de-la-cazanesti-in-fata-academiei-romane\/\" data-text=\"Arheologii v\u00e2lceni Ion Tu\u021bulescu \u0219i Carol Terteci au prezentat descoperirea istoric\u0103 de la C\u0103z\u0103ne\u0219ti \u00een fa\u021ba Academiei Rom\u00e2ne\" data-via=\"curierulvl\">Tweet<\/a><\/li>\n<li class=\"share-jetpack-whatsapp\"><a rel=\"nofollow noopener noreferrer\" data-shared=\"sharing-whatsapp-196786\" class=\"share-jetpack-whatsapp sd-button\" href=\"https:\/\/www.curierul.ro\/arheologii-valceni-ion-tutulescu-si-carol-terteci-au-prezentat-descoperirea-istorica-de-la-cazanesti-in-fata-academiei-romane\/?share=jetpack-whatsapp\" target=\"_blank\" aria-labelledby=\"sharing-whatsapp-196786\"><span id=\"sharing-whatsapp-196786\" hidden>Partajeaz\u0103 prin WhatsApp(Se deschide \u00eentr-o fereastr\u0103 nou\u0103)<\/span><span>WhatsApp<\/span><\/a><\/li>\n<li><a href=\"https:\/\/www.curierul.ro\/arheologii-valceni-ion-tutulescu-si-carol-terteci-au-prezentat-descoperirea-istorica-de-la-cazanesti-in-fata-academiei-romane\/\" class=\"sharing-anchor sd-button share-more\"><span>Mai mult<\/span><\/a><\/li>\n<li class=\"share-end\"><\/ul>\n<div class=\"sharing-hidden\">\n<div class=\"inner\">\n<ul>\n<li class=\"share-email\"><a rel=\"nofollow noopener noreferrer\" data-shared=\"sharing-email-196786\" class=\"share-email sd-button\" href=\"mailto:?subject=%5BArticol%20partajat%5D%20Arheologii%20v%C3%A2lceni%20Ion%20Tu%C8%9Bulescu%20%C8%99i%20Carol%20Terteci%20au%20prezentat%20descoperirea%20istoric%C4%83%20de%20la%20C%C4%83z%C4%83ne%C8%99ti%20%C3%AEn%20fa%C8%9Ba%20Academiei%20Rom%C3%A2ne&amp;body=https%3A%2F%2Fwww.curierul.ro%2Farheologii-valceni-ion-tutulescu-si-carol-terteci-au-prezentat-descoperirea-istorica-de-la-cazanesti-in-fata-academiei-romane%2F&amp;share=email\" target=\"_blank\" aria-labelledby=\"sharing-email-196786\" data-email-share-error-title=\"\u021ai-ai configurat emailul?\" data-email-share-error-text=\"Dac\u0103 ai probleme la partajarea prin email, probabil nu ai configurat emailul pentru navigator. Poate trebuie s\u0103 creezi singur un email nou.\" data-email-share-nonce=\"2d6c699383\" data-email-share-track-url=\"https:\/\/www.curierul.ro\/arheologii-valceni-ion-tutulescu-si-carol-terteci-au-prezentat-descoperirea-istorica-de-la-cazanesti-in-fata-academiei-romane\/?share=email\"><span id=\"sharing-email-196786\" hidden>Trimite unui prieten un email cu o leg\u0103tur\u0103(Se deschide \u00eentr-o fereastr\u0103 nou\u0103)<\/span><span>Email<\/span><\/a><\/li>\n<li class=\"share-print\"><a rel=\"nofollow noopener noreferrer\" data-shared=\"sharing-print-196786\" class=\"share-print sd-button\" href=\"https:\/\/www.curierul.ro\/arheologii-valceni-ion-tutulescu-si-carol-terteci-au-prezentat-descoperirea-istorica-de-la-cazanesti-in-fata-academiei-romane\/#print?share=print\" target=\"_blank\" aria-labelledby=\"sharing-print-196786\"><span id=\"sharing-print-196786\" hidden>Imprimare(Se deschide \u00eentr-o fereastr\u0103 nou\u0103)<\/span><span>Imprimare<\/span><\/a><\/li>\n<li class=\"share-end\"><\/ul>\n<\/div>\n<\/div>\n<\/div>\n<\/div>\n<\/div>\n<div id=\"jp-relatedposts\" class=\"jp-relatedposts\">\n<h3 class=\"jp-relatedposts-headline\"><em>Similare<\/em><\/h3>\n<\/div>\n<footer class=\"post-footer\">\n<p class=\"tags\"><strong>Tags: <\/strong><a href=\"https:\/\/www.curierul.ro\/tag\/academia-romana\/\" rel=\"tag\">Academia Rom\u00e2n\u0103<\/a>, <a href=\"https:\/\/www.curierul.ro\/tag\/carol-terteci\/\" rel=\"tag\">Carol TERTECI<\/a>, <a href=\"https:\/\/www.curierul.ro\/tag\/ion-tutulescu\/\" rel=\"tag\">Ion Tu\u021bulescu<\/a><\/p>\n<div class=\"post-navigation clearfix\">\n<div class=\"previous-post\">\n<div class=\"featured-photo\"><img loading=\"lazy\" decoding=\"async\" width=\"1666\" height=\"935\" src=\"https:\/\/i0.wp.com\/www.curierul.ro\/wp-content\/uploads\/2025\/11\/Primaria-Horezu-e1762263364590.jpg?fit=300%2C168&amp;ssl=1\" class=\"attachment-post-thumbnail size-post-thumbnail wp-post-image\" alt><\/div>\n<p class=\"paginate-title\">\u00ab\u00ab <a href=\"https:\/\/www.curierul.ro\/primaria-horezu-oficial-in-casa-noua\/\" rel=\"prev\">Prim\u0103ria Horezu, oficial \u00een \u201ecas\u0103 nou\u0103\u201d<\/a><\/p>\n<\/div>\n<\/div>\n<div id=\"comments\" class=\"comments-area\">\n<div id=\"respond\" class=\"comment-respond\">\n<h3 id=\"reply-title\" class=\"comment-reply-title\">Po\u021bi comenta aici<small><a rel=\"nofollow\" id=\"cancel-comment-reply-link\" href=\"https:\/\/www.curierul.ro\/arheologii-valceni-ion-tutulescu-si-carol-terteci-au-prezentat-descoperirea-istorica-de-la-cazanesti-in-fata-academiei-romane\/#respond\">Anuleaz\u0103 r\u0103spunsul<\/a><\/small><\/h3>\n<\/div>\n<p class=\"akismet_comment_form_privacy_notice\">Acest site folose\u0219te Akismet pentru a reduce spamul. <a href=\"https:\/\/akismet.com\/privacy\/\" target=\"_blank\" rel=\"nofollow noopener\">Afl\u0103 cum sunt procesate datele comentariilor tale<\/a>.<\/p>\n<\/div>\n<section class=\"related-stories\">\n<h2>Related Stories<\/h2>\n<div class=\"stories-container\">\n<article id=\"latest-176631\" class=\"story post-176631 post type-post status-publish format-standard has-post-thumbnail hentry category-cultura category-in-memoriam category-pensionari category-social tag-academia-romana tag-deces tag-eugen-simion tag-in-memoriam tag-presedinte-2\">\n<div class=\"photo\"><img decoding=\"async\" width=\"735\" height=\"440\" src=\"https:\/\/i0.wp.com\/www.curierul.ro\/wp-content\/uploads\/2022\/10\/EUGEN-SIMION.jpg?fit=300%2C216&amp;ssl=1\" class=\"attachment-giornalismo-single size-giornalismo-single wp-post-image\" alt loading=\"lazy\"><\/div>\n<p class=\"headline\"><a href=\"https:\/\/www.curierul.ro\/ne-a-parasit-o-personalitate-a-culturii-romanesti-condoleante\/\">NE-A P\u0102R\u0102SIT O PERSONALITATE a culturii rom\u00e2ne\u0219ti. Condolean\u021be!<\/a><\/p>\n<\/article>\n<article id=\"latest-176618\" class=\"story post-176618 post type-post status-publish format-standard has-post-thumbnail hentry category-cultura category-eveniment-social category-impact category-social tag-academia-romana tag-c-s-nicolaescu-plopsor-2 tag-cercetatori tag-conferinta-nationala tag-icsu-craiova\">\n<div class=\"photo\"><img decoding=\"async\" width=\"735\" height=\"440\" src=\"https:\/\/i0.wp.com\/www.curierul.ro\/wp-content\/uploads\/2022\/10\/PETRESCU-PLOPSOR-1.jpg?fit=300%2C177&amp;ssl=1\" class=\"attachment-giornalismo-single size-giornalismo-single wp-post-image\" alt loading=\"lazy\"><\/div>\n<p class=\"headline\"><a href=\"https:\/\/www.curierul.ro\/conferinta-nationala-organizata-de-icsu-c-s-nicolaescu-plopsor-al-academiei-romane-din-craiova\/\">Conferin\u021b\u0103 na\u021bional\u0103 organizat\u0103 de ICSU \u201eC.S. Nicol\u0103escu-Plop\u0219or\u201d al Academiei Rom\u00e2ne, din Craiova<\/a><\/p>\n<\/article>\n<article id=\"latest-157687\" class=\"story post-157687 post type-post status-publish format-standard has-post-thumbnail hentry category-cultura category-eveniment-social category-impact category-social tag-academia-romana tag-c-s-nicolaescu-plopsor tag-cercetari-socio-umane tag-conferinta-internationala tag-institut\">\n<div class=\"photo\"><img decoding=\"async\" width=\"425\" height=\"343\" src=\"https:\/\/i0.wp.com\/www.curierul.ro\/wp-content\/uploads\/2021\/05\/INSTITUTUL-PLOPSOR.jpg?fit=300%2C242&amp;ssl=1\" class=\"attachment-giornalismo-single size-giornalismo-single wp-post-image\" alt loading=\"lazy\"><\/div>\n<p class=\"headline\"><a href=\"https:\/\/www.curierul.ro\/institutul-de-cercetari-socio-umane-c-s-nicolaescu-plopsor-partener-al-conferintei-internationale-frontiere-si-contacte-fenomene-locale-regionale-si-globale\/\">Institutul de Cercet\u0103ri Socio-Umane \u201eC. S. Nicol\u0103escu-Plop\u0219or\u201d, partener al Conferin\u021bei Interna\u021bionale \u201eFrontiere \u0219i contacte. Fenomene locale, regionale \u0219i globale\u201d<\/a><\/p>\n<\/article>\n<\/div>\n<\/section>\n<section class=\"latest-category clearfix\">\n<h2 class=\"title\">More Stories From Actualitate<\/h2>\n<div class=\"stories-container\">\n<article id=\"related-196778\" class=\"story post-196778 post type-post status-publish format-standard has-post-thumbnail hentry category-actualitate category-politica tag-casa-noua tag-oficial tag-primaria-horezu\">\n<div class=\"photo\"><img decoding=\"async\" width=\"735\" height=\"440\" src=\"https:\/\/i0.wp.com\/www.curierul.ro\/wp-content\/uploads\/2025\/11\/Primaria-Horezu-e1762263364590.jpg?fit=300%2C168&amp;ssl=1\" class=\"attachment-giornalismo-single size-giornalismo-single wp-post-image\" alt loading=\"lazy\"><\/div>\n<p class=\"headline\"><a href=\"https:\/\/www.curierul.ro\/primaria-horezu-oficial-in-casa-noua\/\">Prim\u0103ria Horezu, oficial \u00een \u201ecas\u0103 nou\u0103\u201d<\/a><\/p>\n<\/article>\n<article id=\"related-196753\" class=\"story post-196753 post type-post status-publish format-standard hentry category-actualitate category-anunturi category-publicitate tag-esterea-performantei-energetice-in-blocurile-de-locuinte-din-municipiul-ramnicu-valcea-lot-3 tag-lot-3\">\n<p class=\"headline\"><a href=\"https:\/\/www.curierul.ro\/comunicat-de-presafinalizarea-proiectului-cresterea-performantei-energetice-in-blocurile-de-locuinte-din-municipiul-ramnicu-valcea-lot-3\/\">Comunicat de pres\u0103<br \/>Finalizarea proiectului: \u201eCre\u0219terea performan\u021bei energetice \u00een blocurile de locuin\u021be\u00a0din Municipiul R\u00e2mnicu V\u00e2lcea \u2013 Lot 3\u201d<\/a><\/p>\n<\/article>\n<article id=\"related-196751\" class=\"story post-196751 post type-post status-publish format-standard has-post-thumbnail hentry category-actualitate category-anunturi tag-articol-de-la-partener\">\n<div class=\"photo\"><img decoding=\"async\" width=\"735\" height=\"440\" src=\"https:\/\/i0.wp.com\/www.curierul.ro\/wp-content\/uploads\/2026\/03\/1774440163-iejp_wp.jpg?fit=300%2C225&amp;ssl=1\" class=\"attachment-giornalismo-single size-giornalismo-single wp-post-image\" alt loading=\"lazy\"><\/div>\n<p class=\"headline\"><a href=\"https:\/\/www.curierul.ro\/de-ce-storcatoarele-profesionale-sunt-esentiale-in-locatiile-horeca\/\">De ce storc\u0103toarele profesionale sunt esen\u021biale \u00een loca\u021biile HoReCa<\/a><\/p>\n<\/article>\n<\/div>\n<\/section>\n<section class=\"author-bio clearfix\">\n<div class=\"mug-shot\"><img decoding=\"async\" alt src=\"https:\/\/secure.gravatar.com\/avatar\/71797bb2441db6347bb197c6f7923349c8f14a8f4a1cae2dc340b7586da67587?s=96&amp;d=mm&amp;r=g\" class=\"avatar avatar-96 photo\" height=\"96\" width=\"96\" loading=\"lazy\"><\/div>\n<div class=\"author-info\">\n<p class=\"title\">About Ionut Popa, <\/p>\n<div class=\"author-social-area\"><a href=\"mailto:ipopa@curierul.ro\"><span class=\"fal fa-envelope\"><span class=\"screen-reader-text\">Email the Author<\/span><\/span><\/a><\/div>\n<\/div>\n<\/section>\n<\/footer>\n<\/article>\n<article id=\"196786\" class=\"post-196786 post type-post status-publish format-standard has-post-thumbnail hentry category-actualitate category-cultura category-eveniment-social category-headlines category-impact tag-academia-romana tag-carol-terteci tag-ion-tutulescu\">\n<header class=\"post-header\">\n<ul class=\"breadcrumbs\">\n<li><a href=\"https:\/\/www.curierul.ro\">Home<\/a><\/li>\n<li class=\"breadcrumbs-active .category-actualitate\"><a href=\"https:\/\/www.curierul.ro\/index.php?cat=1615\">Actualitate<\/a><\/li>\n<li class=\"breadcrumbs-active .category-actualitate\">Arheologii v\u00e2lceni Ion Tu\u021bulescu \u0219i Carol Terteci au prezentat descoperirea istoric\u0103 de la C\u0103z\u0103ne\u0219ti \u00een fa\u021ba Academiei Rom\u00e2ne<\/li>\n<\/ul>\n<div class=\"featured-photo\"><img loading=\"lazy\" decoding=\"async\" width=\"1080\" height=\"623\" src=\"https:\/\/i0.wp.com\/www.curierul.ro\/wp-content\/uploads\/2026\/03\/TT.webp?fit=300%2C173&amp;ssl=1\" class=\"attachment-single size-single wp-post-image\" alt><\/div>\n<h1 class=\"headline\">Arheologii v\u00e2lceni Ion Tu\u021bulescu \u0219i Carol Terteci au prezentat descoperirea istoric\u0103 de la C\u0103z\u0103ne\u0219ti \u00een fa\u021ba Academiei Rom\u00e2ne<\/h1>\n<p class=\"byline\">\n\t\tScris de<a href=\"https:\/\/www.curierul.ro\/author\/ipopa\/\">Ionut Popa<\/a>, \t\t27 martie 2026\t\t\t\t<\/p>\n<hr>\n<\/header>\n<h4 class=\"wp-block-heading\"><strong><em>\u2022 cei doi muzeografi au impresionat cu detaliile despre a\u0219ezarea de tip S\u00e2ntana de Mure\u0219 Cerneahov, prima de acest gen atestat\u0103 \u00een jude\u021bul V\u00e2lcea<\/em><\/strong><\/h4>\n<p>\u00centre 25-27 martie 2026, Institutul de Arheologie \u201eVasile P\u00e2rvan\u201d \u00een colaborare cu Biblioteca Academiei Rom\u00e2ne \u2013 Cabinetul Numismatic \u0219i Muzeul Municipiului Bucure\u0219ti au organizat sesiunea \u201eMetod\u0103, teorie \u0219i practic\u0103 \u00een arheologia contemporan\u0103\u201d. Desf\u0103\u0219urate \u00een amfiteatrul \u201eIon Heliade R\u0103dulescu\u201d \u0219i Cabinetul Numismatic (Biblioteca Academiei Rom\u00e2ne), lucr\u0103rile sesiunii au inclus \u0219i prezentarea celor mai importan\u021bi arheologi v\u00e2lceni, dr. Ion Tu\u021bulescu \u0219i dr. Carol Terteci despre a\u0219ezarea post-roman\u0103 descoperit\u0103 la C\u0103z\u0103ne\u0219ti, \u201eLa Plut\u0103\u201d : \u201eCercetarea arheologic\u0103 realizat\u0103 la C\u0103z\u0103ne\u0219ti a contribuit substan\u021bial la cunoa\u0219terea evolu\u021biei comunit\u0103\u021bilor umane din zon\u0103, pentru o perioad\u0103 \u00eentunecat\u0103, imediat dup\u0103 retragerea roman\u0103 din Dacia. <strong>P\u00e2n\u0103 anul trecut, perioada cuprins\u0103 \u00eentre 271- sec V d. Chr. lipsea cu des\u0103v\u00e2r\u0219ire \u00een arheologia v\u00e2lcean\u0103. Cercetarea demarat\u0103 aici a condus la descoperirea unei a\u0219ez\u0103ri de tip S\u00e2ntana de Mure\u0219 Cerneahov, fiind prima a\u0219ezare de acest gen atestat\u0103 \u00een jude\u021bul V\u00e2lcea. Tot anul trecut, num\u0103rul a\u0219ez\u0103rilor de acest tip s-a \u00eembog\u0103\u021bit prin descoperirea unei noi a\u0219ez\u0103ri la Mih\u0103e\u0219ti-punct M\u0103gura.<\/strong><\/p>\n<p>Pentru aceste comunit\u0103\u021bi se observ\u0103 amplasarea \u00een zonele de lunc\u0103 la o anumit\u0103 distan\u021b\u0103 de drumul roman, care era cu sigurant\u0103 \u00eenc\u0103 \u00een uz, refuz\u00e2nd s\u0103 se stabileasc\u0103 \u00een fostele a\u0219ez\u0103ri romane din zon\u0103 (aici ne referim la situa\u021bia microzonei C\u0103z\u0103ne\u0219ti). Interesant este faptul c\u0103 reutilizeaz\u0103 material de construc\u021bie roman, dar \u0219i faptul c\u0103 \u00eentre\u021bin rela\u021bii comerciale cu imperiul.<\/p>\n<p>Amplasarea \u00een aceste zone denot\u0103 o perioad\u0103 mai lini\u0219tit\u0103, \u00een raport cu perioada secolelor VI-VII unde observ\u0103m c\u0103 noile comunit\u0103\u021bi evit\u0103 rutele principale \u0219i se retrag \u00een zone adiacente acestora (cazul a\u0219ez\u0103rii de tip Ipote\u0219ti-C\u00e2nde\u0219ti de la Mih\u0103e\u0219ti, punct Huidu II, cultur\u0103 arheologic\u0103 ulterioar\u0103 comunit\u0103\u021bilor de tip S\u00e2ntana de Mure\u0219-Cerneahov).<\/p>\n<p>Pentru zona Oltenie, reprezint\u0103 al patrulea punct atestat arheologic \u0219i singurul cercetat. \u00cen anul 2002, Florin Petrescu realiza un repertoriu al descoperirilor de tip S\u00e2ntana de Mure\u0219-Cerneahov, identific\u00e2nd \u00een Rom\u00e2nia un num\u0103r de 1915 puncte. Interesant este faptul c\u0103 acesta nu men\u021bioneaz\u0103 nici un punct pentru Oltenia, pun\u00e2nd sub semnul \u00eentreb\u0103rii primele trei puncte men\u021bionate de arheologul Ion Ioni\u021b\u0103 (descoperirile de la B\u0103beni-Olte\u021bu, Almaj \u0219i Lazu).<\/p>\n<p>Am prelevat probe pentru dat\u0103rile radio-carbon, dat\u0103ri transmise la laboratorul din Debrecen.\u00a0 Rezultatele acestor importante cercet\u0103ri pentru jude\u021bul V\u00e2lcea, dar \u0219i implicit pentru \u00eentreaga zon\u0103 a Olteniei vor fi subiectul unei importante lucr\u0103ri stiin\u021bifice, lucrare care sper\u0103m c\u0103 o s\u0103 vad\u0103 tiparul acest an.<\/p>\n<p>Ce am cercetat?<\/p>\n<p>O a\u0219ezare deschis\u0103, nefortificat\u0103, a\u0219ezare care se \u00eentinde pe aproximativ 14 ha.<\/p>\n<p>Ce astept\u0103ri sunt?<\/p>\n<p>Continuarea cercet\u0103rilor \u0219i de ce nu, descoperirea necropolei \u0219i corelarea informa\u021biilor dintre necropol\u0103 \u0219i a\u0219ezare\u201d au fost explica\u021biile echipei Tu\u021bulescu-Terteci \u00een fa\u021ba celor prezen\u021bi.<\/p>\n<div class=\"sharedaddy sd-sharing-enabled\">\n<div class=\"robots-nocontent sd-block sd-social sd-social-official sd-sharing\">\n<h3 class=\"sd-title\">Distribuie pe:<\/h3>\n<div class=\"sd-content\">\n<ul>\n<li class=\"share-facebook\">\n<li class=\"share-twitter\"><a href=\"https:\/\/twitter.com\/share\" class=\"twitter-share-button\" data-url=\"https:\/\/www.curierul.ro\/arheologii-valceni-ion-tutulescu-si-carol-terteci-au-prezentat-descoperirea-istorica-de-la-cazanesti-in-fata-academiei-romane\/\" data-text=\"Arheologii v\u00e2lceni Ion Tu\u021bulescu \u0219i Carol Terteci au prezentat descoperirea istoric\u0103 de la C\u0103z\u0103ne\u0219ti \u00een fa\u021ba Academiei Rom\u00e2ne\" data-via=\"curierulvl\">Tweet<\/a><\/li>\n<li class=\"share-jetpack-whatsapp\"><a rel=\"nofollow noopener noreferrer\" data-shared=\"sharing-whatsapp-196786\" class=\"share-jetpack-whatsapp sd-button\" href=\"https:\/\/www.curierul.ro\/arheologii-valceni-ion-tutulescu-si-carol-terteci-au-prezentat-descoperirea-istorica-de-la-cazanesti-in-fata-academiei-romane\/?share=jetpack-whatsapp\" target=\"_blank\" aria-labelledby=\"sharing-whatsapp-196786\"><span id=\"sharing-whatsapp-196786\" hidden>Partajeaz\u0103 prin WhatsApp(Se deschide \u00eentr-o fereastr\u0103 nou\u0103)<\/span><span>WhatsApp<\/span><\/a><\/li>\n<li><a href=\"https:\/\/www.curierul.ro\/arheologii-valceni-ion-tutulescu-si-carol-terteci-au-prezentat-descoperirea-istorica-de-la-cazanesti-in-fata-academiei-romane\/\" class=\"sharing-anchor sd-button share-more\"><span>Mai mult<\/span><\/a><\/li>\n<li class=\"share-end\"><\/ul>\n<div class=\"sharing-hidden\">\n<div class=\"inner\">\n<ul>\n<li class=\"share-email\"><a rel=\"nofollow noopener noreferrer\" data-shared=\"sharing-email-196786\" class=\"share-email sd-button\" href=\"mailto:?subject=%5BArticol%20partajat%5D%20Arheologii%20v%C3%A2lceni%20Ion%20Tu%C8%9Bulescu%20%C8%99i%20Carol%20Terteci%20au%20prezentat%20descoperirea%20istoric%C4%83%20de%20la%20C%C4%83z%C4%83ne%C8%99ti%20%C3%AEn%20fa%C8%9Ba%20Academiei%20Rom%C3%A2ne&amp;body=https%3A%2F%2Fwww.curierul.ro%2Farheologii-valceni-ion-tutulescu-si-carol-terteci-au-prezentat-descoperirea-istorica-de-la-cazanesti-in-fata-academiei-romane%2F&amp;share=email\" target=\"_blank\" aria-labelledby=\"sharing-email-196786\" data-email-share-error-title=\"\u021ai-ai configurat emailul?\" data-email-share-error-text=\"Dac\u0103 ai probleme la partajarea prin email, probabil nu ai configurat emailul pentru navigator. Poate trebuie s\u0103 creezi singur un email nou.\" data-email-share-nonce=\"2d6c699383\" data-email-share-track-url=\"https:\/\/www.curierul.ro\/arheologii-valceni-ion-tutulescu-si-carol-terteci-au-prezentat-descoperirea-istorica-de-la-cazanesti-in-fata-academiei-romane\/?share=email\"><span id=\"sharing-email-196786\" hidden>Trimite unui prieten un email cu o leg\u0103tur\u0103(Se deschide \u00eentr-o fereastr\u0103 nou\u0103)<\/span><span>Email<\/span><\/a><\/li>\n<li class=\"share-print\"><a rel=\"nofollow noopener noreferrer\" data-shared=\"sharing-print-196786\" class=\"share-print sd-button\" href=\"https:\/\/www.curierul.ro\/arheologii-valceni-ion-tutulescu-si-carol-terteci-au-prezentat-descoperirea-istorica-de-la-cazanesti-in-fata-academiei-romane\/#print?share=print\" target=\"_blank\" aria-labelledby=\"sharing-print-196786\"><span id=\"sharing-print-196786\" hidden>Imprimare(Se deschide \u00eentr-o fereastr\u0103 nou\u0103)<\/span><span>Imprimare<\/span><\/a><\/li>\n<li class=\"share-end\"><\/ul>\n<\/div>\n<\/div>\n<\/div>\n<\/div>\n<\/div>\n<div id=\"jp-relatedposts\" class=\"jp-relatedposts\">\n<h3 class=\"jp-relatedposts-headline\"><em>Similare<\/em><\/h3>\n<\/div>\n<footer class=\"post-footer\">\n<p class=\"tags\"><strong>Tags: <\/strong><a href=\"https:\/\/www.curierul.ro\/tag\/academia-romana\/\" rel=\"tag\">Academia Rom\u00e2n\u0103<\/a>, <a href=\"https:\/\/www.curierul.ro\/tag\/carol-terteci\/\" rel=\"tag\">Carol TERTECI<\/a>, <a href=\"https:\/\/www.curierul.ro\/tag\/ion-tutulescu\/\" rel=\"tag\">Ion Tu\u021bulescu<\/a><\/p>\n<div class=\"post-navigation clearfix\">\n<div class=\"previous-post\">\n<div class=\"featured-photo\"><img loading=\"lazy\" decoding=\"async\" width=\"1666\" height=\"935\" src=\"https:\/\/i0.wp.com\/www.curierul.ro\/wp-content\/uploads\/2025\/11\/Primaria-Horezu-e1762263364590.jpg?fit=300%2C168&amp;ssl=1\" class=\"attachment-post-thumbnail size-post-thumbnail wp-post-image\" alt><\/div>\n<p class=\"paginate-title\">\u00ab\u00ab <a href=\"https:\/\/www.curierul.ro\/primaria-horezu-oficial-in-casa-noua\/\" rel=\"prev\">Prim\u0103ria Horezu, oficial \u00een \u201ecas\u0103 nou\u0103\u201d<\/a><\/p>\n<\/div>\n<\/div>\n<div id=\"comments\" class=\"comments-area\">\n<div id=\"respond\" class=\"comment-respond\">\n<h3 id=\"reply-title\" class=\"comment-reply-title\">Po\u021bi comenta aici<small><a rel=\"nofollow\" id=\"cancel-comment-reply-link\" href=\"https:\/\/www.curierul.ro\/arheologii-valceni-ion-tutulescu-si-carol-terteci-au-prezentat-descoperirea-istorica-de-la-cazanesti-in-fata-academiei-romane\/#respond\">Anuleaz\u0103 r\u0103spunsul<\/a><\/small><\/h3>\n<\/div>\n<p class=\"akismet_comment_form_privacy_notice\">Acest site folose\u0219te Akismet pentru a reduce spamul. <a href=\"https:\/\/akismet.com\/privacy\/\" target=\"_blank\" rel=\"nofollow noopener\">Afl\u0103 cum sunt procesate datele comentariilor tale<\/a>.<\/p>\n<\/div>\n<section class=\"related-stories\">\n<h2>Related Stories<\/h2>\n<div class=\"stories-container\">\n<article id=\"latest-176631\" class=\"story post-176631 post type-post status-publish format-standard has-post-thumbnail hentry category-cultura category-in-memoriam category-pensionari category-social tag-academia-romana tag-deces tag-eugen-simion tag-in-memoriam tag-presedinte-2\">\n<div class=\"photo\"><img decoding=\"async\" width=\"735\" height=\"440\" src=\"https:\/\/i0.wp.com\/www.curierul.ro\/wp-content\/uploads\/2022\/10\/EUGEN-SIMION.jpg?fit=300%2C216&amp;ssl=1\" class=\"attachment-giornalismo-single size-giornalismo-single wp-post-image\" alt loading=\"lazy\"><\/div>\n<p class=\"headline\"><a href=\"https:\/\/www.curierul.ro\/ne-a-parasit-o-personalitate-a-culturii-romanesti-condoleante\/\">NE-A P\u0102R\u0102SIT O PERSONALITATE a culturii rom\u00e2ne\u0219ti. Condolean\u021be!<\/a><\/p>\n<\/article>\n<article id=\"latest-176618\" class=\"story post-176618 post type-post status-publish format-standard has-post-thumbnail hentry category-cultura category-eveniment-social category-impact category-social tag-academia-romana tag-c-s-nicolaescu-plopsor-2 tag-cercetatori tag-conferinta-nationala tag-icsu-craiova\">\n<div class=\"photo\"><img decoding=\"async\" width=\"735\" height=\"440\" src=\"https:\/\/i0.wp.com\/www.curierul.ro\/wp-content\/uploads\/2022\/10\/PETRESCU-PLOPSOR-1.jpg?fit=300%2C177&amp;ssl=1\" class=\"attachment-giornalismo-single size-giornalismo-single wp-post-image\" alt loading=\"lazy\"><\/div>\n<p class=\"headline\"><a href=\"https:\/\/www.curierul.ro\/conferinta-nationala-organizata-de-icsu-c-s-nicolaescu-plopsor-al-academiei-romane-din-craiova\/\">Conferin\u021b\u0103 na\u021bional\u0103 organizat\u0103 de ICSU \u201eC.S. Nicol\u0103escu-Plop\u0219or\u201d al Academiei Rom\u00e2ne, din Craiova<\/a><\/p>\n<\/article>\n<article id=\"latest-157687\" class=\"story post-157687 post type-post status-publish format-standard has-post-thumbnail hentry category-cultura category-eveniment-social category-impact category-social tag-academia-romana tag-c-s-nicolaescu-plopsor tag-cercetari-socio-umane tag-conferinta-internationala tag-institut\">\n<div class=\"photo\"><img decoding=\"async\" width=\"425\" height=\"343\" src=\"https:\/\/i0.wp.com\/www.curierul.ro\/wp-content\/uploads\/2021\/05\/INSTITUTUL-PLOPSOR.jpg?fit=300%2C242&amp;ssl=1\" class=\"attachment-giornalismo-single size-giornalismo-single wp-post-image\" alt loading=\"lazy\"><\/div>\n<p class=\"headline\"><a href=\"https:\/\/www.curierul.ro\/institutul-de-cercetari-socio-umane-c-s-nicolaescu-plopsor-partener-al-conferintei-internationale-frontiere-si-contacte-fenomene-locale-regionale-si-globale\/\">Institutul de Cercet\u0103ri Socio-Umane \u201eC. S. Nicol\u0103escu-Plop\u0219or\u201d, partener al Conferin\u021bei Interna\u021bionale \u201eFrontiere \u0219i contacte. Fenomene locale, regionale \u0219i globale\u201d<\/a><\/p>\n<\/article>\n<\/div>\n<\/section>\n<section class=\"latest-category clearfix\">\n<h2 class=\"title\">More Stories From Actualitate<\/h2>\n<div class=\"stories-container\">\n<article id=\"related-196778\" class=\"story post-196778 post type-post status-publish format-standard has-post-thumbnail hentry category-actualitate category-politica tag-casa-noua tag-oficial tag-primaria-horezu\">\n<div class=\"photo\"><img decoding=\"async\" width=\"735\" height=\"440\" src=\"https:\/\/i0.wp.com\/www.curierul.ro\/wp-content\/uploads\/2025\/11\/Primaria-Horezu-e1762263364590.jpg?fit=300%2C168&amp;ssl=1\" class=\"attachment-giornalismo-single size-giornalismo-single wp-post-image\" alt loading=\"lazy\"><\/div>\n<p class=\"headline\"><a href=\"https:\/\/www.curierul.ro\/primaria-horezu-oficial-in-casa-noua\/\">Prim\u0103ria Horezu, oficial \u00een \u201ecas\u0103 nou\u0103\u201d<\/a><\/p>\n<\/article>\n<article id=\"related-196753\" class=\"story post-196753 post type-post status-publish format-standard hentry category-actualitate category-anunturi category-publicitate tag-esterea-performantei-energetice-in-blocurile-de-locuinte-din-municipiul-ramnicu-valcea-lot-3 tag-lot-3\">\n<p class=\"headline\"><a href=\"https:\/\/www.curierul.ro\/comunicat-de-presafinalizarea-proiectului-cresterea-performantei-energetice-in-blocurile-de-locuinte-din-municipiul-ramnicu-valcea-lot-3\/\">Comunicat de pres\u0103<br \/>Finalizarea proiectului: \u201eCre\u0219terea performan\u021bei energetice \u00een blocurile de locuin\u021be\u00a0din Municipiul R\u00e2mnicu V\u00e2lcea \u2013 Lot 3\u201d<\/a><\/p>\n<\/article>\n<article id=\"related-196751\" class=\"story post-196751 post type-post status-publish format-standard has-post-thumbnail hentry category-actualitate category-anunturi tag-articol-de-la-partener\">\n<div class=\"photo\"><img decoding=\"async\" width=\"735\" height=\"440\" src=\"https:\/\/i0.wp.com\/www.curierul.ro\/wp-content\/uploads\/2026\/03\/1774440163-iejp_wp.jpg?fit=300%2C225&amp;ssl=1\" class=\"attachment-giornalismo-single size-giornalismo-single wp-post-image\" alt loading=\"lazy\"><\/div>\n<p class=\"headline\"><a href=\"https:\/\/www.curierul.ro\/de-ce-storcatoarele-profesionale-sunt-esentiale-in-locatiile-horeca\/\">De ce storc\u0103toarele profesionale sunt esen\u021biale \u00een loca\u021biile HoReCa<\/a><\/p>\n<\/article>\n<\/div>\n<\/section>\n<section class=\"author-bio clearfix\">\n<div class=\"mug-shot\"><img decoding=\"async\" alt src=\"https:\/\/secure.gravatar.com\/avatar\/71797bb2441db6347bb197c6f7923349c8f14a8f4a1cae2dc340b7586da67587?s=96&amp;d=mm&amp;r=g\" class=\"avatar avatar-96 photo\" height=\"96\" width=\"96\" loading=\"lazy\"><\/div>\n<div class=\"author-info\">\n<p class=\"title\">About Ionut Popa, <\/p>\n<div class=\"author-social-area\"><a href=\"mailto:ipopa@curierul.ro\"><span class=\"fal fa-envelope\"><span class=\"screen-reader-text\">Email the Author<\/span><\/span><\/a><\/div>\n<\/div>\n<\/section>\n<\/footer>\n<\/article>\n<article id=\"latest-176631\" class=\"story post-176631 post type-post status-publish format-standard has-post-thumbnail hentry category-cultura category-in-memoriam category-pensionari category-social tag-academia-romana tag-deces tag-eugen-simion tag-in-memoriam tag-presedinte-2\">\n<div class=\"photo\"><img decoding=\"async\" width=\"735\" height=\"440\" src=\"https:\/\/i0.wp.com\/www.curierul.ro\/wp-content\/uploads\/2022\/10\/EUGEN-SIMION.jpg?fit=300%2C216&amp;ssl=1\" class=\"attachment-giornalismo-single size-giornalismo-single wp-post-image\" alt loading=\"lazy\"><\/div>\n<p class=\"headline\"><a href=\"https:\/\/www.curierul.ro\/ne-a-parasit-o-personalitate-a-culturii-romanesti-condoleante\/\">NE-A P\u0102R\u0102SIT O PERSONALITATE a culturii rom\u00e2ne\u0219ti. Condolean\u021be!<\/a><\/p>\n<\/article>\n<article id=\"latest-176618\" class=\"story post-176618 post type-post status-publish format-standard has-post-thumbnail hentry category-cultura category-eveniment-social category-impact category-social tag-academia-romana tag-c-s-nicolaescu-plopsor-2 tag-cercetatori tag-conferinta-nationala tag-icsu-craiova\">\n<div class=\"photo\"><img decoding=\"async\" width=\"735\" height=\"440\" src=\"https:\/\/i0.wp.com\/www.curierul.ro\/wp-content\/uploads\/2022\/10\/PETRESCU-PLOPSOR-1.jpg?fit=300%2C177&amp;ssl=1\" class=\"attachment-giornalismo-single size-giornalismo-single wp-post-image\" alt loading=\"lazy\"><\/div>\n<p class=\"headline\"><a href=\"https:\/\/www.curierul.ro\/conferinta-nationala-organizata-de-icsu-c-s-nicolaescu-plopsor-al-academiei-romane-din-craiova\/\">Conferin\u021b\u0103 na\u021bional\u0103 organizat\u0103 de ICSU \u201eC.S. Nicol\u0103escu-Plop\u0219or\u201d al Academiei Rom\u00e2ne, din Craiova<\/a><\/p>\n<\/article>\n<article id=\"latest-157687\" class=\"story post-157687 post type-post status-publish format-standard has-post-thumbnail hentry category-cultura category-eveniment-social category-impact category-social tag-academia-romana tag-c-s-nicolaescu-plopsor tag-cercetari-socio-umane tag-conferinta-internationala tag-institut\">\n<div class=\"photo\"><img decoding=\"async\" width=\"425\" height=\"343\" src=\"https:\/\/i0.wp.com\/www.curierul.ro\/wp-content\/uploads\/2021\/05\/INSTITUTUL-PLOPSOR.jpg?fit=300%2C242&amp;ssl=1\" class=\"attachment-giornalismo-single size-giornalismo-single wp-post-image\" alt loading=\"lazy\"><\/div>\n<p class=\"headline\"><a href=\"https:\/\/www.curierul.ro\/institutul-de-cercetari-socio-umane-c-s-nicolaescu-plopsor-partener-al-conferintei-internationale-frontiere-si-contacte-fenomene-locale-regionale-si-globale\/\">Institutul de Cercet\u0103ri Socio-Umane \u201eC. S. Nicol\u0103escu-Plop\u0219or\u201d, partener al Conferin\u021bei Interna\u021bionale \u201eFrontiere \u0219i contacte. Fenomene locale, regionale \u0219i globale\u201d<\/a><\/p>\n<\/article>\n<article id=\"related-196778\" class=\"story post-196778 post type-post status-publish format-standard has-post-thumbnail hentry category-actualitate category-politica tag-casa-noua tag-oficial tag-primaria-horezu\">\n<div class=\"photo\"><img decoding=\"async\" width=\"735\" height=\"440\" src=\"https:\/\/i0.wp.com\/www.curierul.ro\/wp-content\/uploads\/2025\/11\/Primaria-Horezu-e1762263364590.jpg?fit=300%2C168&amp;ssl=1\" class=\"attachment-giornalismo-single size-giornalismo-single wp-post-image\" alt loading=\"lazy\"><\/div>\n<p class=\"headline\"><a href=\"https:\/\/www.curierul.ro\/primaria-horezu-oficial-in-casa-noua\/\">Prim\u0103ria Horezu, oficial \u00een \u201ecas\u0103 nou\u0103\u201d<\/a><\/p>\n<\/article>\n<article id=\"related-196753\" class=\"story post-196753 post type-post status-publish format-standard hentry category-actualitate category-anunturi category-publicitate tag-esterea-performantei-energetice-in-blocurile-de-locuinte-din-municipiul-ramnicu-valcea-lot-3 tag-lot-3\">\n<p class=\"headline\"><a href=\"https:\/\/www.curierul.ro\/comunicat-de-presafinalizarea-proiectului-cresterea-performantei-energetice-in-blocurile-de-locuinte-din-municipiul-ramnicu-valcea-lot-3\/\">Comunicat de pres\u0103<br \/>Finalizarea proiectului: \u201eCre\u0219terea performan\u021bei energetice \u00een blocurile de locuin\u021be\u00a0din Municipiul R\u00e2mnicu V\u00e2lcea \u2013 Lot 3\u201d<\/a><\/p>\n<\/article>\n<article id=\"related-196751\" class=\"story post-196751 post type-post status-publish format-standard has-post-thumbnail hentry category-actualitate category-anunturi tag-articol-de-la-partener\">\n<div class=\"photo\"><img decoding=\"async\" width=\"735\" height=\"440\" src=\"https:\/\/i0.wp.com\/www.curierul.ro\/wp-content\/uploads\/2026\/03\/1774440163-iejp_wp.jpg?fit=300%2C225&amp;ssl=1\" class=\"attachment-giornalismo-single size-giornalismo-single wp-post-image\" alt loading=\"lazy\"><\/div>\n<p class=\"headline\"><a href=\"https:\/\/www.curierul.ro\/de-ce-storcatoarele-profesionale-sunt-esentiale-in-locatiile-horeca\/\">De ce storc\u0103toarele profesionale sunt esen\u021biale \u00een loca\u021biile HoReCa<\/a><\/p>\n<\/article>\n<p>[analyse_source url=&#8221;https:\/\/www.curierul.ro\/arheologii-valceni-ion-tutulescu-si-carol-terteci-au-prezentat-descoperirea-istorica-de-la-cazanesti-in-fata-academiei-romane\/&#8221;]<\/p>\n","protected":false},"excerpt":{"rendered":"<p>[analyse_image type=&#8221;featured&#8221; src=&#8221;https:\/\/www.curierul.ro\/wp-content\/uploads\/2026\/03\/TT.webphttps:\/\/i0.wp.com\/www.curierul.ro\/wp-content\/uploads\/2026\/03\/TT.webp?fit=1080%2C623&amp;ssl=1&#8243;] Home Actualitate Arheologii v\u00e2lceni Ion Tu\u021bulescu \u0219i Carol Terteci au prezentat descoperirea istoric\u0103 de la C\u0103z\u0103ne\u0219ti \u00een fa\u021ba Academiei Rom\u00e2ne Arheologii v\u00e2lceni Ion Tu\u021bulescu \u0219i Carol Terteci au prezentat descoperirea istoric\u0103 de la C\u0103z\u0103ne\u0219ti \u00een fa\u021ba Academiei Rom\u00e2ne Scris deIonut Popa, 27 martie 2026 \u2022 cei doi muzeografi au impresionat cu detaliile [&hellip;]<\/p>\n","protected":false},"author":1,"featured_media":0,"comment_status":"open","ping_status":"","sticky":false,"template":"","format":"standard","meta":{"footnotes":""},"categories":[89],"tags":[226,213],"class_list":["post-1851528","post","type-post","status-publish","format-standard","hentry","category-romania","tag-crawlmanager","tag-curierul-ro"],"_links":{"self":[{"href":"https:\/\/analyse.optim.biz\/index.php?rest_route=\/wp\/v2\/posts\/1851528","targetHints":{"allow":["GET"]}}],"collection":[{"href":"https:\/\/analyse.optim.biz\/index.php?rest_route=\/wp\/v2\/posts"}],"about":[{"href":"https:\/\/analyse.optim.biz\/index.php?rest_route=\/wp\/v2\/types\/post"}],"author":[{"embeddable":true,"href":"https:\/\/analyse.optim.biz\/index.php?rest_route=\/wp\/v2\/users\/1"}],"replies":[{"embeddable":true,"href":"https:\/\/analyse.optim.biz\/index.php?rest_route=%2Fwp%2Fv2%2Fcomments&post=1851528"}],"version-history":[{"count":0,"href":"https:\/\/analyse.optim.biz\/index.php?rest_route=\/wp\/v2\/posts\/1851528\/revisions"}],"wp:attachment":[{"href":"https:\/\/analyse.optim.biz\/index.php?rest_route=%2Fwp%2Fv2%2Fmedia&parent=1851528"}],"wp:term":[{"taxonomy":"category","embeddable":true,"href":"https:\/\/analyse.optim.biz\/index.php?rest_route=%2Fwp%2Fv2%2Fcategories&post=1851528"},{"taxonomy":"post_tag","embeddable":true,"href":"https:\/\/analyse.optim.biz\/index.php?rest_route=%2Fwp%2Fv2%2Ftags&post=1851528"}],"curies":[{"name":"wp","href":"https:\/\/api.w.org\/{rel}","templated":true}]}}