{"id":1851366,"date":"2026-03-27T18:57:08","date_gmt":"2026-03-27T15:57:08","guid":{"rendered":"https:\/\/analyse.optim.biz\/?p=1851366"},"modified":"2026-03-27T18:57:08","modified_gmt":"2026-03-27T15:57:08","slug":"haos-marca-urbis-serv-locatarii-de-pe-bulevardul-maresal-averescu-uitati-de-autoritati-si-treziti-cu-amenzi-in-geam","status":"publish","type":"post","link":"https:\/\/analyse.optim.biz\/?p=1851366","title":{"rendered":"HAOS MARCA URBIS SERV: Locatarii de pe Bulevardul Mare\u0219al Averescu, \u201euita\u021bi\u201d de autorit\u0103\u021bi \u0219i trezi\u021bi cu amenzi \u00een geam"},"content":{"rendered":"<p>[analyse_image type=&#8221;featured&#8221; src=&#8221;https:\/\/www.buzau.net\/stiri-din-buzau\/wp-content\/uploads\/2026\/03\/urbis-buzau.jpg&#8221;]<\/p>\n<div id=\"mvp-content-main\" class=\"left relative\">\n<p data-path-to-node=\"3\"><b data-path-to-node=\"3\" data-index-in-node=\"0\">Incompeten\u021ba celor de la <span>URBIS SERV<\/span> love\u0219te din nou, de data aceasta pe Bulevardul Mare\u0219al Averescu. O parcare public\u0103(vis-a-vis de Biserica Militar\u0103) utilizat\u0103 de ani de zile de reziden\u021bii din zon\u0103 a fost transformat\u0103, peste noapte \u0219i f\u0103r\u0103 nicio notificare prealabil\u0103 c\u0103tre asocia\u021biile de propritari din zona, \u00een parcare rezervat\u0103 pentru persoane care locuiesc la sute de metri distan\u021b\u0103. Rezultatul? Amenzi curg\u00e2nd pe band\u0103 rulant\u0103 \u0219i ro\u021bi blocate pentru buzoienii care au avut \u201eghinionul\u201d s\u0103 parcheze unde o f\u0103ceau de o via\u021b\u0103.<\/b><\/p>\n<p data-path-to-node=\"5\"><strong><span>Administra\u021bie \u201epe genunchi\u201d \u0219i lips\u0103 total\u0103 de comunicare.<\/span><\/strong>De\u0219i atribuirea locurilor de parcare ar trebui s\u0103 fie un proces transparent, angaja\u021bii URBIS SERV par s\u0103 lucreze dup\u0103 propriile reguli, ignor\u00e2nd complet <span>asocia\u021biile de proprietari<\/span> din proximitate acestea fiind abordate doar cand exist\u0103 interese personale. F\u0103r\u0103 niciun anun\u021b oficial, locatarii de pe Averescu <span>s-au trezit cu ma\u0219inile luate \u00een vizor<\/span> de Poli\u021bia Local\u0103, chemat\u0103 prompt de noii \u201est\u0103p\u00e2ni\u201d de abonamente, care nici <span>nu au a\u0219teptat s\u0103 se usuce bine cerneala<\/span> pe tichetele de atribuire \u00eenainte de a reclama vecinii.<\/p>\n<p data-path-to-node=\"6\">Este revolt\u0103tor cum o decizie administrativ\u0103, luat\u0103 f\u0103r\u0103 a g\u00e2ndi impactul social, transform\u0103 o zon\u0103 lini\u0219tit\u0103 \u00eentr-un c\u00e2mp de lupt\u0103 \u00eentre cet\u0103\u021beni. Locatarii reclam\u0103 o b\u0103taie de joc generalizat\u0103: \u00een timp ce unii primesc locuri la distan\u021be uria\u0219e de cas\u0103, ceilal\u021bi sunt sanc\u021biona\u021bi \u00een propria curte.<\/p>\n<p data-path-to-node=\"8\"><span><strong>Precedente periculoase: \u201eDe trei ori am intervenit la Primar!\u201d.<\/strong><\/span>Nu este prima dat\u0103 c\u00e2nd redactarea noastr\u0103 trebuie s\u0103 intervin\u0103 pentru a corecta erorile flagrante de pe teren. Reamintim cititorilor cazul trecerii de pietoni desfiin\u021bate \u0219i mutate, care a r\u0103mas trasat\u0103 pe asfalt mult timp dup\u0103 modificare, induc\u00e2nd \u00een eroare \u0219oferii \u0219i pietonii deopotriv\u0103. A fost nevoie de trei interven\u021bii directe la Prim\u0103rie \u0219i de presiunea echipei noastre pentru ca acele dungi albe s\u0103 fie \u0219terse \u00een sf\u00e2r\u0219it<span>(<a href=\"http:\/\/avertisment%20pentru%20autorit%C4%83%C8%9Bi%20%7C%20trecerea%20de%20pietoni%20este%20un%20real%20pericol%20%E2%A4%B5%EF%B8%8F%20https\/\/www.buzau.net\/stiri-din-buzau\/avertisment-pentru-autoritati-trecerea-de-pietoni-de-la-buzau-un-real-pericol\/\">vezi articolul aici<\/a>)<\/span><\/p>\n<blockquote>\n<p data-path-to-node=\"9\">Se pare c\u0103 la URBIS SERV, munca se face \u201ela norm\u0103\u201d, f\u0103r\u0103 o minim\u0103 verificare a realit\u0103\u021bii din teren.<\/p>\n<\/blockquote>\n<p data-path-to-node=\"11\"><strong><span>Sesiza\u021bi neregulile!.<\/span><\/strong> Redac\u021bia noastr\u0103 continu\u0103 s\u0103 monitorizeze modul defectuos \u00een care sunt gestionate parc\u0103rile \u0219i infrastructura rutier\u0103 din Buz\u0103u. Dac\u0103 v\u0103 confrunta\u021bi cu situa\u021bii similare \u00een cartierul dumneavoastr\u0103, unde deciziile absurde ale autorit\u0103\u021bilor v\u0103 transform\u0103 \u00een victime peste noapte, v\u0103 rug\u0103m s\u0103 ne scrie\u021bi pe adresa redac\u021biei <span><strong><a href=\"https:\/\/www.buzau.net\/cdn-cgi\/l\/email-protection\" class=\"__cf_email__\" data-cfemail=\"8cefe3e2f8edeff8cceef9f6edf9a2e2e9f8\">[email\u00a0protected]<\/a><\/strong><\/span><\/p>\n<div class=\"heateor_sss_sharing_container heateor_sss_horizontal_sharing\" data-heateor-sss-href=\"https:\/\/www.buzau.net\/stiri-din-buzau\/haos-marca-urbis-serv-locatarii-de-pe-bulevardul-maresal-averescu-uitati-de-autoritati-si-treziti-cu-amenzi-in-geam\/\">\n<div class=\"heateor_sss_sharing_title\">DISTRIBUIE ACEST ARTICOL<\/div>\n<\/div>\n<\/div>\n<p>[analyse_source url=&#8221;https:\/\/www.buzau.net\/stiri-din-buzau\/haos-marca-urbis-serv-locatarii-de-pe-bulevardul-maresal-averescu-uitati-de-autoritati-si-treziti-cu-amenzi-in-geam\/&#8221;]<\/p>\n","protected":false},"excerpt":{"rendered":"<p>[analyse_image type=&#8221;featured&#8221; src=&#8221;https:\/\/www.buzau.net\/stiri-din-buzau\/wp-content\/uploads\/2026\/03\/urbis-buzau.jpg&#8221;] Incompeten\u021ba celor de la URBIS SERV love\u0219te din nou, de data aceasta pe Bulevardul Mare\u0219al Averescu. O parcare public\u0103(vis-a-vis de Biserica Militar\u0103) utilizat\u0103 de ani de zile de reziden\u021bii din zon\u0103 a fost transformat\u0103, peste noapte \u0219i f\u0103r\u0103 nicio notificare prealabil\u0103 c\u0103tre asocia\u021biile de propritari din zona, \u00een parcare rezervat\u0103 pentru persoane [&hellip;]<\/p>\n","protected":false},"author":1,"featured_media":0,"comment_status":"open","ping_status":"","sticky":false,"template":"","format":"standard","meta":{"footnotes":""},"categories":[2],"tags":[113,226],"class_list":["post-1851366","post","type-post","status-publish","format-standard","hentry","category-politics","tag-buzau-net","tag-crawlmanager"],"_links":{"self":[{"href":"https:\/\/analyse.optim.biz\/index.php?rest_route=\/wp\/v2\/posts\/1851366","targetHints":{"allow":["GET"]}}],"collection":[{"href":"https:\/\/analyse.optim.biz\/index.php?rest_route=\/wp\/v2\/posts"}],"about":[{"href":"https:\/\/analyse.optim.biz\/index.php?rest_route=\/wp\/v2\/types\/post"}],"author":[{"embeddable":true,"href":"https:\/\/analyse.optim.biz\/index.php?rest_route=\/wp\/v2\/users\/1"}],"replies":[{"embeddable":true,"href":"https:\/\/analyse.optim.biz\/index.php?rest_route=%2Fwp%2Fv2%2Fcomments&post=1851366"}],"version-history":[{"count":0,"href":"https:\/\/analyse.optim.biz\/index.php?rest_route=\/wp\/v2\/posts\/1851366\/revisions"}],"wp:attachment":[{"href":"https:\/\/analyse.optim.biz\/index.php?rest_route=%2Fwp%2Fv2%2Fmedia&parent=1851366"}],"wp:term":[{"taxonomy":"category","embeddable":true,"href":"https:\/\/analyse.optim.biz\/index.php?rest_route=%2Fwp%2Fv2%2Fcategories&post=1851366"},{"taxonomy":"post_tag","embeddable":true,"href":"https:\/\/analyse.optim.biz\/index.php?rest_route=%2Fwp%2Fv2%2Ftags&post=1851366"}],"curies":[{"name":"wp","href":"https:\/\/api.w.org\/{rel}","templated":true}]}}