{"id":1851321,"date":"2026-03-27T16:51:16","date_gmt":"2026-03-27T13:51:16","guid":{"rendered":"https:\/\/analyse.optim.biz\/?p=1851321"},"modified":"2026-03-27T16:51:16","modified_gmt":"2026-03-27T13:51:16","slug":"live-mxgp-mx2-en-suisse","status":"publish","type":"post","link":"https:\/\/analyse.optim.biz\/?p=1851321","title":{"rendered":"LIVE : MXGP\/MX2 en Suisse"},"content":{"rendered":"<div class=\"entry-content\">\n<p data-start=\"0\" data-end=\"274\"><strong>Une semaine apr\u00e8s l\u2019Andalousie, on retrouve la caravane du mondial en Suisse pour un tout autre plateau de jeu. Petite piste en terre, le tourniquet de Frauenfeld peut s\u2019av\u00e9rer un cauchemar pour certains pilotes. Souvenez-vous des chutes de Maxime Renaux ou Tim Gajser l\u2019an dernier. On retrouve pour la premi\u00e8re fois de leur carri\u00e8re les leaders Lucas Coenen et Camden McLellan en MXGP et en MX2. On compte 23 Fran\u00e7ais engag\u00e9s dans les quatre cat\u00e9gories pr\u00e9sentes. Par ici les infos !<\/strong><\/p>\n<p data-start=\"0\" data-end=\"274\">\u00a0<\/p>\n<p><a href=\"https:\/\/www.mxgp.com\/live-timing\" target=\"_blank\" rel=\"noopener noreferrer\">LIVE TIMING<\/a><\/p>\n<p><a href=\"https:\/\/docs2.mxgp.com\/docs\/2026_MXGP_of_Switzerland_EntryList_MXGP.pdf\" target=\"_blank\" rel=\"noopener\">MXGP Engag\u00e9s<\/a><\/p>\n<p><a href=\"https:\/\/docs2.mxgp.com\/docs\/2026_MXGP_of_Switzerland_EntryList_MX2.pdf\" target=\"_blank\" rel=\"noopener\">MX2 Engag\u00e9s<\/a><\/p>\n<p><a href=\"https:\/\/docs2.mxgp.com\/docs\/2026_MXGP_of_Switzerland_EntryList_EMX250.pdf\" target=\"_blank\" rel=\"noopener\">EMX 250 Engag\u00e9s<\/a><\/p>\n<p><a href=\"https:\/\/docs2.mxgp.com\/docs\/2026_MXGP_of_Switzerland_EntryList_EMX125.pdf\" target=\"_blank\" rel=\"noopener\">EMX 125 Engag\u00e9s<\/a><\/p>\n<p><a href=\"https:\/\/moto-station.com\/moto-verte\/mx-sx\/mxgp-favoris-outsiders-ils-sont-prets-vamos\/723409\" target=\"_blank\" rel=\"noopener\">GUIDE MXGP\u00a0<\/a><\/p>\n<p><a href=\"https:\/\/moto-station.com\/moto-verte\/mx-sx\/mxgp-qui-pour-battre-langenfelder-en-mx2\/723394\">GUIDE MX2\u00a0<\/a><\/p>\n<p>\u00a0<\/p>\n<div class=\"main_container\">\n<div class=\"page_container\">\n<div class=\"page_wrapper\">\n<div class=\"middle\">\n<div class=\"wrapper_inner\">\n<div class=\"page_content\">\n<div class=\"region region-content\">\n<div id=\"block-system-main\" class=\"block block-system\">\n<div class=\"content\">\n<div class=\"ds-1col node node-page view-mode-full clearfix\">\n<div class=\"field field-name-body field-type-text-with-summary field-label-hidden clearfix\">\n<div class=\"field-items\">\n<div class=\"field-item even first-item last-item item-0\">\n<p>&lt;!&#8211;      &#8211;&gt; <span data-mce-type=\"bookmark\" style=\"width: 0px;overflow: hidden;line-height: 0\" class=\"mce_SELRES_start\">\ufeff<\/span><span data-mce-type=\"bookmark\" style=\"width: 0px;overflow: hidden;line-height: 0\" class=\"mce_SELRES_start\">\ufeff<\/span><\/p>\n<p><span data-mce-type=\"bookmark\" style=\"width: 0px;overflow: hidden;line-height: 0\" class=\"mce_SELRES_start\">\ufeff<\/span><span data-mce-type=\"bookmark\" style=\"width: 0px;overflow: hidden;line-height: 0\" class=\"mce_SELRES_start\">\ufeff<\/span>\u00a0<\/p>\n<div class=\"main_container\">\n<div class=\"page_container\">\n<div class=\"page_wrapper\">\n<div class=\"middle\">\n<div class=\"wrapper_inner\">\n<div class=\"page_content\">\n<div class=\"region region-content\">\n<div id=\"block-system-main\" class=\"block block-system\">\n<div class=\"content\">\n<div class=\"ds-1col node node-page view-mode-full clearfix\">\n<div class=\"field field-name-body field-type-text-with-summary field-label-hidden clearfix\">\n<div class=\"field-items\">\n<div class=\"field-item even first-item last-item item-0\">\n<p>\u00a0<\/p>\n<\/div>\n<\/div>\n<\/div>\n<\/div>\n<\/div>\n<\/div>\n<\/div>\n<\/div>\n<\/div>\n<\/div>\n<\/div>\n<\/div>\n<\/div>\n<\/div>\n<\/div>\n<\/div>\n<\/div>\n<\/div>\n<\/div>\n<\/div>\n<\/div>\n<\/div>\n<\/div>\n<\/div>\n<\/div>\n<\/div>\n<h2><a href=\"https:\/\/results.mxgp.com\/mxgp\/standings.aspx\" target=\"_blank\" rel=\"noopener noreferrer\">MXGP-MX2 : retrouvez les classements\u00a0<\/a><\/h2>\n<h2>\u00a0<\/h2>\n<h2>Diffusion TV du championnat du monde MXGP et MX2\u00a0<\/h2>\n<h3><strong>AUTOMOTO LA CHAINE\u00a0\u00a0<\/strong><\/h3>\n<p>Dimanche 29 mars :\u00a0 MX2 Race 1 \u00e0 <strong>13:00 (direct)<\/strong><\/p>\n<p>Dimanche 29 mars : MXGP Race 1 \u00e0 <strong>14:00 (direct)<\/strong><\/p>\n<p>Dimanche 29 mars : MX2 Race 2 \u00e0<strong> 16:00 (direct)<\/strong><\/p>\n<p>Dimanche 29 mars : MXGP Race 2 \u00e0<strong> 17:00 (direct)<\/strong><\/p>\n<p>\u00a0<\/p>\n<h3>EUROSPORT 2\u00a0<\/h3>\n<p>Dimanche 29 mars :\u00a0 MX2 Race 1 \u00e0 <strong>21<\/strong><b>:00 (diff\u00e9r\u00e9)<\/b><\/p>\n<p>Dimanche 29 mars : MXGP Race 1 \u00e0 <strong>21:45 (diff\u00e9r\u00e9)<\/strong><\/p>\n<p>Dimanche 29 mars : MX2 Race 2 \u00e0 <strong>22:30 (diff\u00e9r\u00e9)<\/strong><\/p>\n<p>Dimanche 29 mars : MXGP Race 2 \u00e0<strong> 23:15 (diff\u00e9r\u00e9)<\/strong><\/p>\n<h3><a href=\"https:\/\/play.max.com\/\" target=\"_blank\" rel=\"noopener\">(en LIVE sur l\u2019application MAX)\u00a0<\/a><\/h3>\n<p>\u00a0<\/p>\n<h3>LA CHA\u00ceNE L\u2019EQUIPE <a href=\"https:\/\/www.lequipe.fr\/tv\/\" target=\"_blank\" rel=\"noopener\">(uniquement sur le digital Web TV)\u00a0<\/a><\/h3>\n<p>Dimanche 29 mars :\u00a0 MX2 Race 1 \u00e0 <strong>12:00 (direct)<\/strong><\/p>\n<p>Dimanche 29 mars : MXGP Race 1 \u00e0 <strong>13:00 (direct)<\/strong><\/p>\n<p>Dimanche 29 mars : MX2 Race 2 \u00e0<strong> 15:00 (direct)<\/strong><\/p>\n<p>Dimanche 29 mars : MXGP Race 2 \u00e0<strong> 16:00 (direct)<\/strong><\/p>\n<p>\u00a0<\/p>\n<h3><strong>MXGP-TV :<\/strong><\/h3>\n<p>Samedi 28 mars et dimanche 29 mars en direct et en int\u00e9gralit\u00e9, abonnements sur <a href=\"https:\/\/www.mxgp-tv.com\/home?partner=motoverte\" target=\"_blank\" rel=\"noopener\">MXGP-TV\u00a0<\/a><\/p>\n<p>\u00a0<\/p>\n<p><span data-mce-type=\"bookmark\" class=\"mce_SELRES_start\">\ufeff<\/span><\/p>\n<p><span data-mce-type=\"bookmark\" class=\"mce_SELRES_start\">\ufeff<\/span><\/p>\n<p>\u00a0<\/p>\n<h2>PROGRAMME DU GP DE SUISSE\u00a0<\/h2>\n<h3>Samedi 28 mars\u00a0<\/h3>\n<ul>\n<li>07:40 EMX125 Group 1 Free Practice,<\/li>\n<li>08:10 EMX125 Group 2 Free Practice,<\/li>\n<li>08:40 EMX250 Group 1 Free Practice,<\/li>\n<li>09:10 EMX250 Group 2 Free Practice,<\/li>\n<li>09:50 EMX125 Group 1 Qualifying Practice,<\/li>\n<li>10:30 MX2 Free Practice,<\/li>\n<li>11:00 MXGP Free Practice,<\/li>\n<li>11:50 EMX125 Group 2 Qualifying Practice,<\/li>\n<li>12:25 EMX250 Group 2 Qualifying Practice,<\/li>\n<li>13:00 EMX250 Group 2 Qualifying Practice,<\/li>\n<li>13:40 MX2 Time Practice (live sur <a href=\"https:\/\/www.mxgp-tv.com\/home?partner=motoverte\" target=\"_blank\" rel=\"noopener\">MXGP-TV)<\/a><\/li>\n<li>14:15 MXGP Time Practice (live sur <a href=\"https:\/\/www.mxgp-tv.com\/home?partner=motoverte\" target=\"_blank\" rel=\"noopener\">MXGP-TV)<\/a><\/li>\n<li>15:00 EMX125 Race 1 (live sur <a href=\"https:\/\/www.mxgp-tv.com\/home?partner=motoverte\" target=\"_blank\" rel=\"noopener\">MXGP-TV)<\/a><\/li>\n<li>15:45 EMX250 Race 1\u00a0(live sur <a href=\"https:\/\/www.mxgp-tv.com\/home?partner=motoverte\" target=\"_blank\" rel=\"noopener\">MXGP-TV)<\/a><\/li>\n<li>16:35 MX2 Qualifying Race (live sur <a href=\"https:\/\/www.mxgp-tv.com\/home?partner=motoverte\" target=\"_blank\" rel=\"noopener\">MXGP-TV)<\/a><\/li>\n<li>17:25 MXGP Qualifying Race\u00a0(live sur <a href=\"https:\/\/www.mxgp-tv.com\/home?partner=motoverte\" target=\"_blank\" rel=\"noopener\">MXGP-TV)<\/a><\/li>\n<\/ul>\n<h3>Dimanche 29 mars\u00a0<\/h3>\n<ul>\n<li class=\"rtejustify\">09:40 EMX125 Race 2 (live sur <a href=\"https:\/\/www.mxgp-tv.com\/home?partner=motoverte\" target=\"_blank\" rel=\"noopener\">MXGP-TV)<\/a><\/li>\n<li class=\"rtejustify\">10:25 MX2 Warm-up,<\/li>\n<li class=\"rtejustify\">10:45 MXGP Warm-up,<\/li>\n<li class=\"rtejustify\">11:30 EMX250 Race 2 (live sur <a href=\"https:\/\/www.mxgp-tv.com\/home?partner=motoverte\" target=\"_blank\" rel=\"noopener\">MXGP-TV)<\/a><\/li>\n<li class=\"rtejustify\">13:15 MX2 Race 1 (live sur <a href=\"https:\/\/www.mxgp-tv.com\/home?partner=motoverte\" target=\"_blank\" rel=\"noopener\">MXGP-TV)<\/a><\/li>\n<li class=\"rtejustify\">14:15 MXGP Race 1 (live sur <a href=\"https:\/\/www.mxgp-tv.com\/home?partner=motoverte\" target=\"_blank\" rel=\"noopener\">MXGP-TV)<\/a><\/li>\n<li class=\"rtejustify\">16:10 MX2 Race 2 (live sur <a href=\"https:\/\/www.mxgp-tv.com\/home?partner=motoverte\" target=\"_blank\" rel=\"noopener\">MXGP-TV)<\/a><\/li>\n<li class=\"rtejustify\">17:10 MXGP Race 2 (live sur <a href=\"https:\/\/www.mxgp-tv.com\/home?partner=motoverte\" target=\"_blank\" rel=\"noopener\">MXGP-TV)<\/a><\/li>\n<\/ul>\n<p>\u00a0<\/p>\n<h2>CLASSEMENT PROVISOIRE\u00a0<\/h2>\n<h3>MXGP<\/h3>\n<ol>\n<li>Lucas Coenen (BEL, KTM), 102 points;\u00a0<\/li>\n<li>Jeffrey Herlings (NED, HON), 94 p.;<\/li>\n<li><strong>Tom Vialle (FRA, HON), 89 p.;<\/strong><\/li>\n<li><strong>Romain Febvre (FRA, KAW), 75 p.;<\/strong><\/li>\n<li><strong>Maxime Renaux (FRA, YAM), 75 p.;<\/strong><\/li>\n<li>Tim Gajser (SLO, YAM), 74 p.;\u00a0<\/li>\n<li>Andrea Adamo (ITA, KTM), 69 p.;<\/li>\n<li>Ruben Fernandez (ESP, HON), 51 p.;<\/li>\n<li>Calvin Vlaanderen (NED, DUC), 49 p.;\u00a0<\/li>\n<li>Pauls Jonass (LAT, KAW), 40 p<\/li>\n<\/ol>\n<h3>MX2\u00a0<\/h3>\n<ol>\n<li>Camden Mc Lellan (RSA, TRI), 99 points;\u00a0<\/li>\n<li>Simon L\u00e4ngenfelder (GER, KTM), 97 p.;<\/li>\n<li>Guillem Farres (ESP, TRI), 80 p.;<\/li>\n<li>Sacha Coenen (BEL, KTM), 78 p.;<\/li>\n<li><strong>Mathis Valin (FRA, KAW), 76 p.;<\/strong><\/li>\n<li>Janis Martins Reisulis (LAT, YAM), 76 p.;<\/li>\n<li>Liam Everts (BEL, HUS), 74 p.;<\/li>\n<li>Karlis Alberts Reisulis (LAT, YAM), 57 p.;<\/li>\n<li>Valerio Lata (ITA, HON), 48 p.;\u00a0<\/li>\n<li>Jens Walvoort (NED, KTM), 40 p.;<\/li>\n<\/ol>\n<h3><b>QUE S\u2019EST-IL PASS\u00c9 EN ANDALOUSIE ?\u00a0<\/b><\/h3>\n<\/p>\n<div class=\"perfmatters-lazy-youtube\" data-src=\"https:\/\/www.youtube.com\/embed\/cxMRN3zSYPI\" data-id=\"cxMRN3zSYPI\" data-query=\"feature=oembed\">\n<div><img loading=\"lazy\" decoding=\"async\" src=\"https:\/\/i.ytimg.com\/vi\/cxMRN3zSYPI\/hqdefault.jpg\" alt=\"YouTube video\" width=\"480\" height=\"360\" data-pin-nopin=\"true\"><\/p>\n<div class=\"play\"><\/div>\n<\/div>\n<\/div><\/div>\n","protected":false},"excerpt":{"rendered":"<p>Une semaine apr\u00e8s l\u2019Andalousie, on retrouve la caravane du mondial en Suisse pour un tout autre plateau de jeu. Petite piste en terre, le tourniquet de Frauenfeld peut s\u2019av\u00e9rer un cauchemar pour certains pilotes. Souvenez-vous des chutes de Maxime Renaux ou Tim Gajser l\u2019an dernier. On retrouve pour la premi\u00e8re fois de leur carri\u00e8re les [&hellip;]<\/p>\n","protected":false},"author":1,"featured_media":0,"comment_status":"open","ping_status":"","sticky":false,"template":"","format":"standard","meta":{"footnotes":""},"categories":[1],"tags":[226,240],"class_list":["post-1851321","post","type-post","status-publish","format-standard","hentry","category-uncategorized","tag-crawlmanager","tag-moto-station-com"],"_links":{"self":[{"href":"https:\/\/analyse.optim.biz\/index.php?rest_route=\/wp\/v2\/posts\/1851321","targetHints":{"allow":["GET"]}}],"collection":[{"href":"https:\/\/analyse.optim.biz\/index.php?rest_route=\/wp\/v2\/posts"}],"about":[{"href":"https:\/\/analyse.optim.biz\/index.php?rest_route=\/wp\/v2\/types\/post"}],"author":[{"embeddable":true,"href":"https:\/\/analyse.optim.biz\/index.php?rest_route=\/wp\/v2\/users\/1"}],"replies":[{"embeddable":true,"href":"https:\/\/analyse.optim.biz\/index.php?rest_route=%2Fwp%2Fv2%2Fcomments&post=1851321"}],"version-history":[{"count":0,"href":"https:\/\/analyse.optim.biz\/index.php?rest_route=\/wp\/v2\/posts\/1851321\/revisions"}],"wp:attachment":[{"href":"https:\/\/analyse.optim.biz\/index.php?rest_route=%2Fwp%2Fv2%2Fmedia&parent=1851321"}],"wp:term":[{"taxonomy":"category","embeddable":true,"href":"https:\/\/analyse.optim.biz\/index.php?rest_route=%2Fwp%2Fv2%2Fcategories&post=1851321"},{"taxonomy":"post_tag","embeddable":true,"href":"https:\/\/analyse.optim.biz\/index.php?rest_route=%2Fwp%2Fv2%2Ftags&post=1851321"}],"curies":[{"name":"wp","href":"https:\/\/api.w.org\/{rel}","templated":true}]}}