{"id":1851096,"date":"2026-03-27T15:17:47","date_gmt":"2026-03-27T12:17:47","guid":{"rendered":"https:\/\/analyse.optim.biz\/?p=1851096"},"modified":"2026-03-27T15:17:47","modified_gmt":"2026-03-27T12:17:47","slug":"sediul-politiei-municipiului-buzau-se-muta-temporar","status":"publish","type":"post","link":"https:\/\/analyse.optim.biz\/?p=1851096","title":{"rendered":"Sediul Poli\u021biei Municipiului Buz\u0103u se mut\u0103 temporar"},"content":{"rendered":"<p>[analyse_image type=&#8221;featured&#8221; src=&#8221;https:\/\/www.buzau.net\/stiri-din-buzau\/wp-content\/uploads\/2026\/03\/sediul-politiei-municipiului-buzau-se-muta-temporar.jpg&#8221;]<\/p>\n<div id=\"mvp-content-main\" class=\"left relative\">\n<p>Sediul Poli\u021biei Municipiului Buz\u0103u va intra \u00eentr-un amplu proces de modernizare, printr-o investi\u021bie de peste 24 de milioane de lei, echivalentul a aproximativ 4,8 milioane de euro, finan\u021bat\u0103 \u00een mare parte din fonduri europene. Cl\u0103direa, care nu a mai beneficiat de repara\u021bii capitale de zeci de ani \u0219i prezint\u0103 risc seismic, va fi supus\u0103 unor lucr\u0103ri complexe de consolidare structural\u0103 \u0219i reabilitare energetic\u0103. Contractul de finan\u021bare pentru acest proiect a fost deja semnat, scrie Agerpres.<\/p>\n<p>Proiectul vizeaz\u0103 nu doar consolidarea celor patru corpuri de cl\u0103dire, ci \u0219i eficientizarea energetic\u0103 a acestora, av\u00e2nd ca obiectiv o reducere a consumului anual de energie cu aproape 84%. Lucr\u0103rile vor include izolarea termic\u0103 a fa\u021badelor, \u00eenlocuirea t\u00e2mpl\u0103riei, modernizarea sistemelor de \u00eenc\u0103lzire \u0219i climatizare, precum \u0219i instalarea unor sisteme de producere a energiei din surse regenerabile. Totodat\u0103, suprafa\u021ba util\u0103 a cl\u0103dirilor va fi extins\u0103 cu aproape 2.000 de metri p\u0103tra\u021bi.<\/p>\n<p>Pe parcursul celor 29 de luni, c\u00e2t este estimat\u0103 durata lucr\u0103rilor, activitatea Poli\u021biei Municipiului Buz\u0103u se va desf\u0103\u0219ura temporar \u00een sediul Prefecturii. Trei etaje ale cl\u0103dirii de pe strada Nicolae B\u0103lcescu vor fi alocate pentru birourile poli\u021bi\u0219tilor, relocarea personalului fiind programat\u0103 s\u0103 \u00eenceap\u0103 din luna septembrie. Reprezentan\u021bii Inspectoratului de Poli\u021bie Jude\u021bean Buz\u0103u au subliniat c\u0103 aceast\u0103 investi\u021bie era necesar\u0103 pentru a asigura condi\u021bii de munc\u0103 superioare angaja\u021bilor \u0219i servicii mai bune pentru cet\u0103\u021beni.<\/p>\n<p>Planurile de modernizare a infrastructurii poli\u021biene\u0219ti din jude\u021b nu se opresc aici. \u00cen scurt timp, urmeaz\u0103 s\u0103 fie semnat \u0219i contractul de finan\u021bare pentru reabilitarea sediului Poli\u021biei din R\u00e2mnicu S\u0103rat, o alt\u0103 institu\u021bie care func\u021bioneaz\u0103 \u00eentr-o cl\u0103dire istoric\u0103, veche de un secol, \u0219i care necesit\u0103 interven\u021bii urgente.<\/p>\n<div class=\"heateor_sss_sharing_container heateor_sss_horizontal_sharing\" data-heateor-sss-href=\"https:\/\/www.buzau.net\/stiri-din-buzau\/sediul-politiei-municipiului-buzau-se-muta-temporar\/\">\n<div class=\"heateor_sss_sharing_title\">DISTRIBUIE ACEST ARTICOL<\/div>\n<\/div>\n<\/div>\n<p>[analyse_source url=&#8221;https:\/\/www.buzau.net\/stiri-din-buzau\/sediul-politiei-municipiului-buzau-se-muta-temporar\/&#8221;]<\/p>\n","protected":false},"excerpt":{"rendered":"<p>[analyse_image type=&#8221;featured&#8221; src=&#8221;https:\/\/www.buzau.net\/stiri-din-buzau\/wp-content\/uploads\/2026\/03\/sediul-politiei-municipiului-buzau-se-muta-temporar.jpg&#8221;] Sediul Poli\u021biei Municipiului Buz\u0103u va intra \u00eentr-un amplu proces de modernizare, printr-o investi\u021bie de peste 24 de milioane de lei, echivalentul a aproximativ 4,8 milioane de euro, finan\u021bat\u0103 \u00een mare parte din fonduri europene. Cl\u0103direa, care nu a mai beneficiat de repara\u021bii capitale de zeci de ani \u0219i prezint\u0103 risc seismic, va [&hellip;]<\/p>\n","protected":false},"author":1,"featured_media":0,"comment_status":"open","ping_status":"","sticky":false,"template":"","format":"standard","meta":{"footnotes":""},"categories":[2],"tags":[113,226],"class_list":["post-1851096","post","type-post","status-publish","format-standard","hentry","category-politics","tag-buzau-net","tag-crawlmanager"],"_links":{"self":[{"href":"https:\/\/analyse.optim.biz\/index.php?rest_route=\/wp\/v2\/posts\/1851096","targetHints":{"allow":["GET"]}}],"collection":[{"href":"https:\/\/analyse.optim.biz\/index.php?rest_route=\/wp\/v2\/posts"}],"about":[{"href":"https:\/\/analyse.optim.biz\/index.php?rest_route=\/wp\/v2\/types\/post"}],"author":[{"embeddable":true,"href":"https:\/\/analyse.optim.biz\/index.php?rest_route=\/wp\/v2\/users\/1"}],"replies":[{"embeddable":true,"href":"https:\/\/analyse.optim.biz\/index.php?rest_route=%2Fwp%2Fv2%2Fcomments&post=1851096"}],"version-history":[{"count":0,"href":"https:\/\/analyse.optim.biz\/index.php?rest_route=\/wp\/v2\/posts\/1851096\/revisions"}],"wp:attachment":[{"href":"https:\/\/analyse.optim.biz\/index.php?rest_route=%2Fwp%2Fv2%2Fmedia&parent=1851096"}],"wp:term":[{"taxonomy":"category","embeddable":true,"href":"https:\/\/analyse.optim.biz\/index.php?rest_route=%2Fwp%2Fv2%2Fcategories&post=1851096"},{"taxonomy":"post_tag","embeddable":true,"href":"https:\/\/analyse.optim.biz\/index.php?rest_route=%2Fwp%2Fv2%2Ftags&post=1851096"}],"curies":[{"name":"wp","href":"https:\/\/api.w.org\/{rel}","templated":true}]}}