{"id":1850963,"date":"2026-03-27T15:08:28","date_gmt":"2026-03-27T12:08:28","guid":{"rendered":"https:\/\/analyse.optim.biz\/?p=1850963"},"modified":"2026-03-27T15:08:28","modified_gmt":"2026-03-27T12:08:28","slug":"la-ffmc-62-lance-loperation-reprise-du-guidon","status":"publish","type":"post","link":"https:\/\/analyse.optim.biz\/?p=1850963","title":{"rendered":"La FFMC 62 lance l\u2019op\u00e9ration \u00ab\u00a0reprise du guidon\u00a0\u00bb"},"content":{"rendered":"<div class=\"entry-content\">\n<p><strong>C\u2019est une tradition pour les antennes FFMC et celle du Pas de Calais ne la rate pas. L\u2019op\u00e9ration \u00ab\u00a0reprise du guidon\u00a0\u00bb marque la fin de la p\u00e9riode hivernale et la p\u00e9riode o\u00f9 les motardes et motards se remettent en selle, pour celles et ceux qui l\u2019avaient quelque peu quitt\u00e9e. Le rendez vous est fix\u00e9 au samedi 28 mars, au d\u00e9part du au P\u00f4le associatif de Billy-Montigny.<\/strong><\/p>\n<p>De nombreux motards pratiquent la moto toute l\u2019ann\u00e9e, mais pas tous. Aussi, pour la F\u00e9d\u00e9ration Fran\u00e7aise des Motards en Col\u00e8re, c\u2019est l\u2019occasion de rassembler les troupes, adh\u00e9rents ou non, pour se remettre en jambe, en selle plut\u00f4t. Les organisateurs mettent en place des ateliers ludiques et informatifs pour retrouver les bons r\u00e9flexes apr\u00e8s la p\u00e9riode hivernale, propice aux d\u00e9placements bien au chaud dans votre conduite int\u00e9rieure\u2026\u00a0<\/p>\n<h2><span style=\"font-size: 14pt\">La FFMC 62 propose le samedi 28 mars, gratuitement pour tous les visiteurs, ce qui suit :\u00a0<\/span><\/h2>\n<ul>\n<li><span data-olk-copy-source=\"MessageBody\">Des ateliers concrets, p\u00e9dagogiques et ancr\u00e9s dans le r\u00e9el.<br \/>\nD\u00e8s 9h00 et tout au long de la matin\u00e9e, les participants pourront s\u2019exercer sur diff\u00e9rents modules :<br \/>\nAtelier m\u00e9canique : contr\u00f4les essentiels avant de reprendre la route (cha\u00eene, pneus, points de s\u00e9curit\u00e9).<br \/>\nAtelier conduite : freinage, trajectoires de s\u00e9curit\u00e9, virages, roulage en groupe\u2026 autant de gestes techniques remis en pratique dans un cadre bienveillant.<br \/>\nLa journ\u00e9e affiche complet au niveau des participants,<u> <\/u>22 motards inscrits, preuve d\u2019un r\u00e9el besoin d\u2019accompagnement \u00e0 la reprise.<br \/>\nUne mise en situation grandeur nature autour du parc d\u2019Ohlain apr\u00e8s un d\u00e9jeuner convivial.<br \/>\nL\u2019apr\u00e8s-midi sera consacr\u00e9e \u00e0 une balade d\u2019application, encadr\u00e9e et structur\u00e9e.<br \/>\nApr\u00e8s un briefing complet sur les consignes de s\u00e9curit\u00e9, les participants partiront par petits groupes pour un parcours sur route, id\u00e9al pour mettre en pratique imm\u00e9diatement les conseils du matin.<br \/>\nCette mise en situation permet d\u2019observer concr\u00e8tement l\u2019impact de la pr\u00e9vention sur les comportements et la s\u00e9curit\u00e9.<\/span><\/li>\n<\/ul>\n<p><strong>De nombreuses antennes de la FFMC, partout en France, vont proposer ce type de journ\u00e9e sous peu, renseignez vous aupr\u00e8s de l\u2019antenne r\u00e9gionale ou locale de la f\u00e9d\u00e9ration.<\/strong><\/p>\n<p><a href=\"https:\/\/www.facebook.com\/FFMC62\/\" target=\"_blank\" rel=\"noopener\">FFMC 62 \u2013 la page Facebook<\/a><\/p>\n<p><a href=\"https:\/\/ffmc.asso.fr\/\" target=\"_blank\" rel=\"noopener\">FFMC \u2013 le site officiel<\/a><\/p>\n<\/p><\/div>\n","protected":false},"excerpt":{"rendered":"<p>C\u2019est une tradition pour les antennes FFMC et celle du Pas de Calais ne la rate pas. L\u2019op\u00e9ration \u00ab\u00a0reprise du guidon\u00a0\u00bb marque la fin de la p\u00e9riode hivernale et la p\u00e9riode o\u00f9 les motardes et motards se remettent en selle, pour celles et ceux qui l\u2019avaient quelque peu quitt\u00e9e. Le rendez vous est fix\u00e9 au [&hellip;]<\/p>\n","protected":false},"author":1,"featured_media":0,"comment_status":"open","ping_status":"","sticky":false,"template":"","format":"standard","meta":{"footnotes":""},"categories":[1],"tags":[226,240],"class_list":["post-1850963","post","type-post","status-publish","format-standard","hentry","category-uncategorized","tag-crawlmanager","tag-moto-station-com"],"_links":{"self":[{"href":"https:\/\/analyse.optim.biz\/index.php?rest_route=\/wp\/v2\/posts\/1850963","targetHints":{"allow":["GET"]}}],"collection":[{"href":"https:\/\/analyse.optim.biz\/index.php?rest_route=\/wp\/v2\/posts"}],"about":[{"href":"https:\/\/analyse.optim.biz\/index.php?rest_route=\/wp\/v2\/types\/post"}],"author":[{"embeddable":true,"href":"https:\/\/analyse.optim.biz\/index.php?rest_route=\/wp\/v2\/users\/1"}],"replies":[{"embeddable":true,"href":"https:\/\/analyse.optim.biz\/index.php?rest_route=%2Fwp%2Fv2%2Fcomments&post=1850963"}],"version-history":[{"count":0,"href":"https:\/\/analyse.optim.biz\/index.php?rest_route=\/wp\/v2\/posts\/1850963\/revisions"}],"wp:attachment":[{"href":"https:\/\/analyse.optim.biz\/index.php?rest_route=%2Fwp%2Fv2%2Fmedia&parent=1850963"}],"wp:term":[{"taxonomy":"category","embeddable":true,"href":"https:\/\/analyse.optim.biz\/index.php?rest_route=%2Fwp%2Fv2%2Fcategories&post=1850963"},{"taxonomy":"post_tag","embeddable":true,"href":"https:\/\/analyse.optim.biz\/index.php?rest_route=%2Fwp%2Fv2%2Ftags&post=1850963"}],"curies":[{"name":"wp","href":"https:\/\/api.w.org\/{rel}","templated":true}]}}