{"id":1850959,"date":"2026-03-27T15:44:35","date_gmt":"2026-03-27T12:44:35","guid":{"rendered":"https:\/\/analyse.optim.biz\/?p=1850959"},"modified":"2026-03-27T15:44:35","modified_gmt":"2026-03-27T12:44:35","slug":"interview-romain-febvre-je-me-sens-ok","status":"publish","type":"post","link":"https:\/\/analyse.optim.biz\/?p=1850959","title":{"rendered":"Interview Romain Febvre : \u00ab\u00a0Je me sens OK\u00a0\u00bb"},"content":{"rendered":"<div class=\"entry-content\">\n<p data-start=\"34\" data-end=\"260\"><strong>Pr\u00e9sent ce vendredi \u00e0 l\u2019occasion de la conf\u00e9rence de presse, Romain Febvre a rassur\u00e9 sur son \u00e9tat physique avant d\u2019aborder la troisi\u00e8me \u00e9preuve de la saison. Voici ce qu\u2019il ressort des d\u00e9clarations du pilote officiel Kawasaki.<\/strong><\/p>\n<p data-start=\"34\" data-end=\"260\"><img loading=\"lazy\" decoding=\"async\" class=\"alignnone size-full wp-image-725165\" src=\"https:\/\/moto-station.com\/wp-content\/uploads\/2026\/03\/27\/hi_FEBVRE_GP2_PH_3750.jpg\" alt width=\"1200\" height=\"800\"><\/p>\n<p data-start=\"262\" data-end=\"1243\" data-is-last-node data-is-only-node><strong>Romain Febvre :<\/strong><em> \u00ab Je me sens OK, si on peut dire. J\u2019ai eu un gros crash le week-end dernier, comme vous le savez. Je ne l\u2019ai pas vu venir et je ne pense pas avoir fait une grosse erreur. J\u2019ai juste mis ma roue avant au mauvais endroit. \u00c7a va tellement vite et, comme je le disais, je ne m\u2019attendais pas du tout \u00e0 \u00e7a, donc je n\u2019ai pas pu me pr\u00e9parer \u00e0 tomber. Sur le moment, j\u2019ai voulu tout de suite repartir pour sauver la course, mais j\u2019avais vraiment le souffle coup\u00e9. Je ne pouvais plus respirer. C\u2019est rageant car, parfois, tu fais de grosses chutes mais tu peux quand m\u00eame finir la course. L\u00e0, sur une toute petite erreur, \u00e7a co\u00fbte beaucoup de points et c\u2019est dommage que cela arrive aussi t\u00f4t dans la saison. Mais voil\u00e0, le plus important, c\u2019est que je sois l\u00e0 ce week-end et les examens ont montr\u00e9 que je n\u2019avais rien dimanche soir. Je me suis repos\u00e9 lundi et mardi car j\u2019\u00e9tais bien courbatur\u00e9. J\u2019ai pu m\u2019entra\u00eener mercredi et maintenant je suis pr\u00eat pour ce GP de Suisse. \u00bb<\/em><\/p>\n<\/p><\/div>\n","protected":false},"excerpt":{"rendered":"<p>Pr\u00e9sent ce vendredi \u00e0 l\u2019occasion de la conf\u00e9rence de presse, Romain Febvre a rassur\u00e9 sur son \u00e9tat physique avant d\u2019aborder la troisi\u00e8me \u00e9preuve de la saison. Voici ce qu\u2019il ressort des d\u00e9clarations du pilote officiel Kawasaki. Romain Febvre : \u00ab Je me sens OK, si on peut dire. J\u2019ai eu un gros crash le week-end [&hellip;]<\/p>\n","protected":false},"author":1,"featured_media":0,"comment_status":"open","ping_status":"","sticky":false,"template":"","format":"standard","meta":{"footnotes":""},"categories":[1],"tags":[226,240],"class_list":["post-1850959","post","type-post","status-publish","format-standard","hentry","category-uncategorized","tag-crawlmanager","tag-moto-station-com"],"_links":{"self":[{"href":"https:\/\/analyse.optim.biz\/index.php?rest_route=\/wp\/v2\/posts\/1850959","targetHints":{"allow":["GET"]}}],"collection":[{"href":"https:\/\/analyse.optim.biz\/index.php?rest_route=\/wp\/v2\/posts"}],"about":[{"href":"https:\/\/analyse.optim.biz\/index.php?rest_route=\/wp\/v2\/types\/post"}],"author":[{"embeddable":true,"href":"https:\/\/analyse.optim.biz\/index.php?rest_route=\/wp\/v2\/users\/1"}],"replies":[{"embeddable":true,"href":"https:\/\/analyse.optim.biz\/index.php?rest_route=%2Fwp%2Fv2%2Fcomments&post=1850959"}],"version-history":[{"count":0,"href":"https:\/\/analyse.optim.biz\/index.php?rest_route=\/wp\/v2\/posts\/1850959\/revisions"}],"wp:attachment":[{"href":"https:\/\/analyse.optim.biz\/index.php?rest_route=%2Fwp%2Fv2%2Fmedia&parent=1850959"}],"wp:term":[{"taxonomy":"category","embeddable":true,"href":"https:\/\/analyse.optim.biz\/index.php?rest_route=%2Fwp%2Fv2%2Fcategories&post=1850959"},{"taxonomy":"post_tag","embeddable":true,"href":"https:\/\/analyse.optim.biz\/index.php?rest_route=%2Fwp%2Fv2%2Ftags&post=1850959"}],"curies":[{"name":"wp","href":"https:\/\/api.w.org\/{rel}","templated":true}]}}