{"id":1850765,"date":"2026-03-27T13:17:34","date_gmt":"2026-03-27T10:17:34","guid":{"rendered":"https:\/\/analyse.optim.biz\/?p=1850765"},"modified":"2026-03-27T13:17:34","modified_gmt":"2026-03-27T10:17:34","slug":"medici-din-buzau-prezenti-la-unul-dintre-cele-mai-importante-evenimente-ale-sistemului-medical","status":"publish","type":"post","link":"https:\/\/analyse.optim.biz\/?p=1850765","title":{"rendered":"Medici din Buz\u0103u, prezen\u021bi la unul dintre cele mai importante evenimente ale sistemului medical"},"content":{"rendered":"<p>[analyse_image type=&#8221;featured&#8221; src=&#8221;https:\/\/sansanews.ro\/wp-content\/uploads\/2026\/03\/656483774_34492089410437380_3609355945722020360_n.jpghttps:\/\/sansanews.ro\/wp-content\/uploads\/2026\/03\/656483774_34492089410437380_3609355945722020360_n.jpg&#8221;]<\/p>\n<div class=\"entry-content herald-entry-content\">\n<p>Spitalul Jude\u021bean de Urgen\u021b\u0103 Buz\u0103u a fost reprezentat, zilele acestea, la Bucure\u0219ti, la unul dintre cele mai importante evenimente pentru lumea medical\u0103 din Rom\u00e2nia, \u0219i anume Adunarea General\u0103 a Colegiului Medicilor, organizat\u0103 \u00een perioada 26 \u2013 27 martie. Tot aici a avut loc \u0219i Gala \u201eMedic pentru Rom\u00e2nia. Rom\u00e2nia medical\u0103 conteaz\u0103\u201d.<\/p>\n<p>Spitalul<br \/>\nJude\u021bean Buz\u0103u a fost reprezentat de trei medici: pre\u0219edintele Colegiului<br \/>\nMedicilor Buz\u0103u, dr. Drago\u0219 Porumb, dr. M\u0103d\u0103lin Claudiu Vasile, director<br \/>\nmedical al S.J.U. Buz\u0103u \u0219i dr. Aura-Elena Daniliuc, medic primar A.T.I. <\/p>\n<div id=\"gallery-2\" class=\"gallery galleryid-118550 gallery-columns-1 gallery-size-herald-lay-a-full\">\n<figure class=\"gallery-item\">\n<div class=\"gallery-icon landscape\"><a class=\"herald-popup\" href=\"https:\/\/sansanews.ro\/wp-content\/uploads\/2026\/03\/659828287_34492089007104087_927560602154529131_n.jpg\"><img loading=\"lazy\" decoding=\"async\" width=\"1320\" height=\"742\" src=\"https:\/\/sansanews.ro\/wp-content\/uploads\/2026\/03\/659828287_34492089007104087_927560602154529131_n-1320x742.jpg\" class=\"attachment-herald-lay-a-full size-herald-lay-a-full\" alt><\/a><\/div>\n<\/figure>\n<figure class=\"gallery-item\">\n<div class=\"gallery-icon landscape\"><a class=\"herald-popup\" href=\"https:\/\/sansanews.ro\/wp-content\/uploads\/2026\/03\/657153759_1433400271909408_4386122694020905026_n.jpg\"><img loading=\"lazy\" decoding=\"async\" width=\"1320\" height=\"742\" src=\"https:\/\/sansanews.ro\/wp-content\/uploads\/2026\/03\/657153759_1433400271909408_4386122694020905026_n-1320x742.jpg\" class=\"attachment-herald-lay-a-full size-herald-lay-a-full\" alt><\/a><\/div>\n<\/figure>\n<\/div>\n<p>\u00cen aceea\u0219i sal\u0103 s-au aflat medici din \u00eentreaga \u021bar\u0103, rectori de universit\u0103\u021bi de medicin\u0103 \u0219i oficiali de rang \u00eenalt, printre care pre\u0219edintele Nicu\u0219or Dan \u0219i ministrul S\u0103n\u0103t\u0103\u021bii, Alexandru Rogobete. Cu alte cuvinte, nu a fost vorba doar despre o \u00eent\u00e2lnire festiv\u0103, ci s-au discutat probleme reale, direc\u021biile \u00een care se \u00eendreapt\u0103 medicina rom\u00e2neasc\u0103. <\/p>\n<blockquote class=\"wp-block-quote\">\n<p>\u201c\u00centreaga manifestare s-a desf\u0103\u0219urat \u00eentr-un cadru elegant \u0219i profesionist, reflect\u00e2nd importan\u021ba \u0219i prestigiul profesiei medicale \u00een societatea rom\u00e2neasc\u0103. Atmosfera a fost una de apreciere, respect \u0219i solidaritate profesional\u0103, consolid\u00e2nd ideea c\u0103 medicina din Rom\u00e2nia continu\u0103 s\u0103 evolueze prin dedicarea \u0219i competen\u021ba celor care o practic\u0103. <\/p>\n<p>Prezen\u021ba \u0219i implicarea participan\u021bilor reconfirm\u0103 angajamentul comunit\u0103\u021bii medicale din Buz\u0103u fa\u021b\u0103 de excelen\u021b\u0103, profesionalism \u0219i dezvoltare continu\u0103, consolid\u00e2nd astfel un sistem medical modern, eficient \u0219i performant \u00een Rom\u00e2nia\u201d, transmite Spitalul Jude\u021bean Buz\u0103u.<\/p>\n<\/blockquote>\n<div class=\"wp-block-image\">\n<figure class=\"alignright is-resized\"><img loading=\"lazy\" decoding=\"async\" src=\"https:\/\/sansanews.ro\/wp-content\/uploads\/2026\/03\/657700391_34492088080437513_6605549421670355674_n-768x1024.jpg\" alt class=\"wp-image-118554\" width=\"276\" height=\"368\"><figcaption>Dr. Drago\u0219 Porumb<\/figcaption><\/figure>\n<\/div>\n<p>Prezen\u021ba medicilor din Buz\u0103u la aceste evenimente are o importan\u021b\u0103 major\u0103, \u021bin\u00e2nd cont de faptul c\u0103 \u00een cadrul unor astfel de \u00eent\u00e2lniri problemele din spitale ajung direct \u00een fa\u021ba autorit\u0103\u021bilor centrale, cele care pot decide schimb\u0103ri \u00een sistem. <\/p>\n<blockquote class=\"wp-block-quote\">\n<p>\u00a0\u201c Evenimentul a avut greutate mai mare datorit\u0103 particip\u0103rii pre\u0219edintelui Rom\u00e2niei \u0219i al ministrului S\u0103n\u0103t\u0103\u021bii. S-au implementat strategii noi \u0219i direc\u021bii actuale vis a vis de alinierea la normele europene. Se urm\u0103re\u0219te cre\u0219terea calit\u0103\u021bii actului medical,accesul la medicin\u0103 de top a unei plaje c\u00e2t mai largi de pacien\u021bi. Se restabilesc norme de protec\u021bie pentru medici dar \u0219i modalit\u0103\u021bi de ap\u0103rare a pacien\u021bilor \u00een cazurile de malpraxis. Sper \u00een cre\u0219terea calit\u0103\u021bii actului medical \u0219i cre\u0219terea gradului de satisfac\u021bie sl pacientului\u201d, a transmis pre\u0219edintele Colegiului Medicilor Buz\u0103u, dr. Drago\u0219 Porumb.<\/p>\n<\/blockquote>\n<div class=\"meta-tags\"><span>Etichete<\/span><a href=\"https:\/\/sansanews.ro\/tag\/gala-medic-pentru-romania\/\" rel=\"tag\">gala medic pentru rom\u00e2nia<\/a><a href=\"https:\/\/sansanews.ro\/tag\/medici-din-buzau-la-adunarea-generala-a-colegiului-medicilor\/\" rel=\"tag\">medici din buz\u0103u la adunarea general\u0103 a colegiului medicilor<\/a><a href=\"https:\/\/sansanews.ro\/tag\/spitalul-judetean-buzau\/\" rel=\"tag\">spitalul judetean buzau<\/a><\/div>\n<div class=\"herald-share-content\">\n<div class=\"meks_ess rectangle no-labels outline\"><a class=\"meks_ess-item socicon-facebook\" data-url=\"http:\/\/www.facebook.com\/sharer\/sharer.php?u=https%3A%2F%2Fsansanews.ro%2Fmedici-din-buzau-prezenti-la-unul-dintre-cele-mai-importante-evenimente-ale-sistemului-medical%2F&amp;t=Medici%20din%20Buz%C4%83u%2C%20prezen%C8%9Bi%20la%20unul%20dintre%20cele%20mai%20importante%20evenimente%20ale%20sistemului%20medical\"><span>Facebook<\/span><\/a><a href=\"https:\/\/api.whatsapp.com\/send?text=Medici%20din%20Buz%C4%83u%2C%20prezen%C8%9Bi%20la%20unul%20dintre%20cele%20mai%20importante%20evenimente%20ale%20sistemului%20medical%20https%3A%2F%2Fsansanews.ro%2Fmedici-din-buzau-prezenti-la-unul-dintre-cele-mai-importante-evenimente-ale-sistemului-medical%2F\" class=\"meks_ess-item socicon-whatsapp prevent-share-popup\"><span>WhatsApp<\/span><\/a><a class=\"meks_ess-item socicon-twitter\" data-url=\"http:\/\/twitter.com\/intent\/tweet?url=https%3A%2F%2Fsansanews.ro%2Fmedici-din-buzau-prezenti-la-unul-dintre-cele-mai-importante-evenimente-ale-sistemului-medical%2F&amp;text=Medici%20din%20Buz%C4%83u%2C%20prezen%C8%9Bi%20la%20unul%20dintre%20cele%20mai%20importante%20evenimente%20ale%20sistemului%20medical\"><span>Twitter<\/span><\/a><a class=\"meks_ess-item socicon-pinterest\" data-url=\"http:\/\/pinterest.com\/pin\/create\/button\/?url=https%3A%2F%2Fsansanews.ro%2Fmedici-din-buzau-prezenti-la-unul-dintre-cele-mai-importante-evenimente-ale-sistemului-medical%2F&amp;media=https%3A%2F%2Fsansanews.ro%2Fwp-content%2Fuploads%2F2026%2F03%2F656483774_34492089410437380_3609355945722020360_n.jpg&amp;description=Medici%20din%20Buz%C4%83u%2C%20prezen%C8%9Bi%20la%20unul%20dintre%20cele%20mai%20importante%20evenimente%20ale%20sistemului%20medical\"><span>Pinterest<\/span><\/a><\/div>\n<\/div>\n<\/div>\n<div class=\"entry-content herald-entry-content\">\n<p>Spitalul Jude\u021bean de Urgen\u021b\u0103 Buz\u0103u a fost reprezentat, zilele acestea, la Bucure\u0219ti, la unul dintre cele mai importante evenimente pentru lumea medical\u0103 din Rom\u00e2nia, \u0219i anume Adunarea General\u0103 a Colegiului Medicilor, organizat\u0103 \u00een perioada 26 \u2013 27 martie. Tot aici a avut loc \u0219i Gala \u201eMedic pentru Rom\u00e2nia. Rom\u00e2nia medical\u0103 conteaz\u0103\u201d.<\/p>\n<p>Spitalul<br \/>\nJude\u021bean Buz\u0103u a fost reprezentat de trei medici: pre\u0219edintele Colegiului<br \/>\nMedicilor Buz\u0103u, dr. Drago\u0219 Porumb, dr. M\u0103d\u0103lin Claudiu Vasile, director<br \/>\nmedical al S.J.U. Buz\u0103u \u0219i dr. Aura-Elena Daniliuc, medic primar A.T.I. <\/p>\n<div id=\"gallery-2\" class=\"gallery galleryid-118550 gallery-columns-1 gallery-size-herald-lay-a-full\">\n<figure class=\"gallery-item\">\n<div class=\"gallery-icon landscape\"><a class=\"herald-popup\" href=\"https:\/\/sansanews.ro\/wp-content\/uploads\/2026\/03\/659828287_34492089007104087_927560602154529131_n.jpg\"><img loading=\"lazy\" decoding=\"async\" width=\"1320\" height=\"742\" src=\"https:\/\/sansanews.ro\/wp-content\/uploads\/2026\/03\/659828287_34492089007104087_927560602154529131_n-1320x742.jpg\" class=\"attachment-herald-lay-a-full size-herald-lay-a-full\" alt><\/a><\/div>\n<\/figure>\n<figure class=\"gallery-item\">\n<div class=\"gallery-icon landscape\"><a class=\"herald-popup\" href=\"https:\/\/sansanews.ro\/wp-content\/uploads\/2026\/03\/657153759_1433400271909408_4386122694020905026_n.jpg\"><img loading=\"lazy\" decoding=\"async\" width=\"1320\" height=\"742\" src=\"https:\/\/sansanews.ro\/wp-content\/uploads\/2026\/03\/657153759_1433400271909408_4386122694020905026_n-1320x742.jpg\" class=\"attachment-herald-lay-a-full size-herald-lay-a-full\" alt><\/a><\/div>\n<\/figure>\n<\/div>\n<p>\u00cen aceea\u0219i sal\u0103 s-au aflat medici din \u00eentreaga \u021bar\u0103, rectori de universit\u0103\u021bi de medicin\u0103 \u0219i oficiali de rang \u00eenalt, printre care pre\u0219edintele Nicu\u0219or Dan \u0219i ministrul S\u0103n\u0103t\u0103\u021bii, Alexandru Rogobete. Cu alte cuvinte, nu a fost vorba doar despre o \u00eent\u00e2lnire festiv\u0103, ci s-au discutat probleme reale, direc\u021biile \u00een care se \u00eendreapt\u0103 medicina rom\u00e2neasc\u0103. <\/p>\n<blockquote class=\"wp-block-quote\">\n<p>\u201c\u00centreaga manifestare s-a desf\u0103\u0219urat \u00eentr-un cadru elegant \u0219i profesionist, reflect\u00e2nd importan\u021ba \u0219i prestigiul profesiei medicale \u00een societatea rom\u00e2neasc\u0103. Atmosfera a fost una de apreciere, respect \u0219i solidaritate profesional\u0103, consolid\u00e2nd ideea c\u0103 medicina din Rom\u00e2nia continu\u0103 s\u0103 evolueze prin dedicarea \u0219i competen\u021ba celor care o practic\u0103. <\/p>\n<p>Prezen\u021ba \u0219i implicarea participan\u021bilor reconfirm\u0103 angajamentul comunit\u0103\u021bii medicale din Buz\u0103u fa\u021b\u0103 de excelen\u021b\u0103, profesionalism \u0219i dezvoltare continu\u0103, consolid\u00e2nd astfel un sistem medical modern, eficient \u0219i performant \u00een Rom\u00e2nia\u201d, transmite Spitalul Jude\u021bean Buz\u0103u.<\/p>\n<\/blockquote>\n<div class=\"wp-block-image\">\n<figure class=\"alignright is-resized\"><img loading=\"lazy\" decoding=\"async\" src=\"https:\/\/sansanews.ro\/wp-content\/uploads\/2026\/03\/657700391_34492088080437513_6605549421670355674_n-768x1024.jpg\" alt class=\"wp-image-118554\" width=\"276\" height=\"368\"><figcaption>Dr. Drago\u0219 Porumb<\/figcaption><\/figure>\n<\/div>\n<p>Prezen\u021ba medicilor din Buz\u0103u la aceste evenimente are o importan\u021b\u0103 major\u0103, \u021bin\u00e2nd cont de faptul c\u0103 \u00een cadrul unor astfel de \u00eent\u00e2lniri problemele din spitale ajung direct \u00een fa\u021ba autorit\u0103\u021bilor centrale, cele care pot decide schimb\u0103ri \u00een sistem. <\/p>\n<blockquote class=\"wp-block-quote\">\n<p>\u00a0\u201c Evenimentul a avut greutate mai mare datorit\u0103 particip\u0103rii pre\u0219edintelui Rom\u00e2niei \u0219i al ministrului S\u0103n\u0103t\u0103\u021bii. S-au implementat strategii noi \u0219i direc\u021bii actuale vis a vis de alinierea la normele europene. Se urm\u0103re\u0219te cre\u0219terea calit\u0103\u021bii actului medical,accesul la medicin\u0103 de top a unei plaje c\u00e2t mai largi de pacien\u021bi. Se restabilesc norme de protec\u021bie pentru medici dar \u0219i modalit\u0103\u021bi de ap\u0103rare a pacien\u021bilor \u00een cazurile de malpraxis. Sper \u00een cre\u0219terea calit\u0103\u021bii actului medical \u0219i cre\u0219terea gradului de satisfac\u021bie sl pacientului\u201d, a transmis pre\u0219edintele Colegiului Medicilor Buz\u0103u, dr. Drago\u0219 Porumb.<\/p>\n<\/blockquote>\n<div class=\"meta-tags\"><span>Etichete<\/span><a href=\"https:\/\/sansanews.ro\/tag\/gala-medic-pentru-romania\/\" rel=\"tag\">gala medic pentru rom\u00e2nia<\/a><a href=\"https:\/\/sansanews.ro\/tag\/medici-din-buzau-la-adunarea-generala-a-colegiului-medicilor\/\" rel=\"tag\">medici din buz\u0103u la adunarea general\u0103 a colegiului medicilor<\/a><a href=\"https:\/\/sansanews.ro\/tag\/spitalul-judetean-buzau\/\" rel=\"tag\">spitalul judetean buzau<\/a><\/div>\n<div class=\"herald-share-content\">\n<div class=\"meks_ess rectangle no-labels outline\"><a class=\"meks_ess-item socicon-facebook\" data-url=\"http:\/\/www.facebook.com\/sharer\/sharer.php?u=https%3A%2F%2Fsansanews.ro%2Fmedici-din-buzau-prezenti-la-unul-dintre-cele-mai-importante-evenimente-ale-sistemului-medical%2F&amp;t=Medici%20din%20Buz%C4%83u%2C%20prezen%C8%9Bi%20la%20unul%20dintre%20cele%20mai%20importante%20evenimente%20ale%20sistemului%20medical\"><span>Facebook<\/span><\/a><a href=\"https:\/\/api.whatsapp.com\/send?text=Medici%20din%20Buz%C4%83u%2C%20prezen%C8%9Bi%20la%20unul%20dintre%20cele%20mai%20importante%20evenimente%20ale%20sistemului%20medical%20https%3A%2F%2Fsansanews.ro%2Fmedici-din-buzau-prezenti-la-unul-dintre-cele-mai-importante-evenimente-ale-sistemului-medical%2F\" class=\"meks_ess-item socicon-whatsapp prevent-share-popup\"><span>WhatsApp<\/span><\/a><a class=\"meks_ess-item socicon-twitter\" data-url=\"http:\/\/twitter.com\/intent\/tweet?url=https%3A%2F%2Fsansanews.ro%2Fmedici-din-buzau-prezenti-la-unul-dintre-cele-mai-importante-evenimente-ale-sistemului-medical%2F&amp;text=Medici%20din%20Buz%C4%83u%2C%20prezen%C8%9Bi%20la%20unul%20dintre%20cele%20mai%20importante%20evenimente%20ale%20sistemului%20medical\"><span>Twitter<\/span><\/a><a class=\"meks_ess-item socicon-pinterest\" data-url=\"http:\/\/pinterest.com\/pin\/create\/button\/?url=https%3A%2F%2Fsansanews.ro%2Fmedici-din-buzau-prezenti-la-unul-dintre-cele-mai-importante-evenimente-ale-sistemului-medical%2F&amp;media=https%3A%2F%2Fsansanews.ro%2Fwp-content%2Fuploads%2F2026%2F03%2F656483774_34492089410437380_3609355945722020360_n.jpg&amp;description=Medici%20din%20Buz%C4%83u%2C%20prezen%C8%9Bi%20la%20unul%20dintre%20cele%20mai%20importante%20evenimente%20ale%20sistemului%20medical\"><span>Pinterest<\/span><\/a><\/div>\n<\/div>\n<\/div>\n<p>[analyse_source url=&#8221;https:\/\/sansanews.ro\/medici-din-buzau-prezenti-la-unul-dintre-cele-mai-importante-evenimente-ale-sistemului-medical\/&#8221;]<\/p>\n","protected":false},"excerpt":{"rendered":"<p>[analyse_image type=&#8221;featured&#8221; src=&#8221;https:\/\/sansanews.ro\/wp-content\/uploads\/2026\/03\/656483774_34492089410437380_3609355945722020360_n.jpghttps:\/\/sansanews.ro\/wp-content\/uploads\/2026\/03\/656483774_34492089410437380_3609355945722020360_n.jpg&#8221;] Spitalul Jude\u021bean de Urgen\u021b\u0103 Buz\u0103u a fost reprezentat, zilele acestea, la Bucure\u0219ti, la unul dintre cele mai importante evenimente pentru lumea medical\u0103 din Rom\u00e2nia, \u0219i anume Adunarea General\u0103 a Colegiului Medicilor, organizat\u0103 \u00een perioada 26 \u2013 27 martie. Tot aici a avut loc \u0219i Gala \u201eMedic pentru Rom\u00e2nia. Rom\u00e2nia medical\u0103 conteaz\u0103\u201d. Spitalul [&hellip;]<\/p>\n","protected":false},"author":1,"featured_media":0,"comment_status":"open","ping_status":"","sticky":false,"template":"","format":"standard","meta":{"footnotes":""},"categories":[2],"tags":[226,51],"class_list":["post-1850765","post","type-post","status-publish","format-standard","hentry","category-politics","tag-crawlmanager","tag-sansanews-ro"],"_links":{"self":[{"href":"https:\/\/analyse.optim.biz\/index.php?rest_route=\/wp\/v2\/posts\/1850765","targetHints":{"allow":["GET"]}}],"collection":[{"href":"https:\/\/analyse.optim.biz\/index.php?rest_route=\/wp\/v2\/posts"}],"about":[{"href":"https:\/\/analyse.optim.biz\/index.php?rest_route=\/wp\/v2\/types\/post"}],"author":[{"embeddable":true,"href":"https:\/\/analyse.optim.biz\/index.php?rest_route=\/wp\/v2\/users\/1"}],"replies":[{"embeddable":true,"href":"https:\/\/analyse.optim.biz\/index.php?rest_route=%2Fwp%2Fv2%2Fcomments&post=1850765"}],"version-history":[{"count":0,"href":"https:\/\/analyse.optim.biz\/index.php?rest_route=\/wp\/v2\/posts\/1850765\/revisions"}],"wp:attachment":[{"href":"https:\/\/analyse.optim.biz\/index.php?rest_route=%2Fwp%2Fv2%2Fmedia&parent=1850765"}],"wp:term":[{"taxonomy":"category","embeddable":true,"href":"https:\/\/analyse.optim.biz\/index.php?rest_route=%2Fwp%2Fv2%2Fcategories&post=1850765"},{"taxonomy":"post_tag","embeddable":true,"href":"https:\/\/analyse.optim.biz\/index.php?rest_route=%2Fwp%2Fv2%2Ftags&post=1850765"}],"curies":[{"name":"wp","href":"https:\/\/api.w.org\/{rel}","templated":true}]}}