{"id":1850652,"date":"2026-03-27T13:12:41","date_gmt":"2026-03-27T10:12:41","guid":{"rendered":"https:\/\/analyse.optim.biz\/?p=1850652"},"modified":"2026-03-27T13:12:41","modified_gmt":"2026-03-27T10:12:41","slug":"judetul-buzau-sub-cod-galben-de-vremea-rea","status":"publish","type":"post","link":"https:\/\/analyse.optim.biz\/?p=1850652","title":{"rendered":"Jude\u021bul Buz\u0103u sub cod galben de vremea rea"},"content":{"rendered":"<p>[analyse_image type=&#8221;featured&#8221; src=&#8221;https:\/\/www.buzau.net\/stiri-din-buzau\/wp-content\/uploads\/2023\/02\/vremea-ploaie-1029.jpg&#8221;]<\/p>\n<div id=\"mvp-content-main\" class=\"left relative\">\n<p>Administra\u021bia Na\u021bional\u0103 de Meteorologie (ANM) a emis o aten\u021bionare Cod galben de vreme sever\u0103, valabil\u0103 de vineri, 27 martie, p\u00e2n\u0103 luni, 30 martie, ce vizeaz\u0103 peste jum\u0103tate din \u021bar\u0103. Finalul lunii martie aduce astfel un val de precipita\u021bii, v\u00e2nt intens \u0219i temperaturi \u00een sc\u0103dere, jude\u021bul Buz\u0103u fiind printre cele 30 de jude\u021be aflate sub inciden\u021ba avertiz\u0103rii, al\u0103turi de regiunile din sudul Banatului, Oltenia, Muntenia, Dobrogea \u0219i cea mai mare parte a Moldovei.<\/p>\n<p>\u00cen zonele vizate va ploua \u00eensemnat cantitativ, sub form\u0103 de averse, care vor fi \u00eenso\u021bite pe arii restr\u00e2nse de desc\u0103rc\u0103ri electrice, \u00een special \u00een dup\u0103-amiaza \u0219i seara zilei de vineri \u0219i pe parcursul zilei de s\u00e2mb\u0103t\u0103. P\u00e2n\u0103 la sf\u00e2r\u0219itul intervalului, meteorologii estimeaz\u0103 c\u0103 se vor acumula cantit\u0103\u021bi de ap\u0103 de 40-60 l\/mp, iar pe alocuri se vor dep\u0103\u0219i chiar \u0219i 70-80 l\/mp, echivalentul precipita\u021biilor normale pentru o lun\u0103 \u00eentreag\u0103.<\/p>\n<p>La munte, vremea se va schimba radical. Precipita\u021biile vor fi mixte, iar la altitudini de peste 1.600 de metri, \u00een Carpa\u021bii Meridionali \u0219i Orientali, va ninge abundent. Se va depune un strat consistent de z\u0103pad\u0103, cu o grosime medie de 40-50 cm, iar v\u00e2ntul puternic va transforma ninsoarea \u00een viscol. Rafalele vor atinge la altitudini mari peste 70-80 km\/h, ajung\u00e2nd \u00een vestul Carpa\u021bilor Meridionali chiar \u0219i la 90-100 km\/h.<\/p>\n<p>V\u00e2ntul va avea intensific\u0103ri temporare \u00een cea mai mare parte a \u021b\u0103rii, cu viteze ce vor atinge \u00een general 45-70 km\/h. O aten\u021bionare Cod galben de v\u00e2nt a fost \u00een vigoare pentru jude\u021bul Buz\u0103u \u0219i alte regiuni din sud \u0219i centru p\u00e2n\u0103 vineri sear\u0103, \u00eens\u0103 intensific\u0103rile vor continua pe parcursul \u00eentregului weekend, \u00een special \u00een sud-est \u0219i pe alocuri \u00een vest.<\/p>\n<p>\u00cen contextul precipita\u021biilor abundente prognozate, hidrologii au emis la r\u00e2ndul lor o avertizare Cod galben de inunda\u021bii, valabil\u0103 de s\u00e2mb\u0103t\u0103 diminea\u021b\u0103 p\u00e2n\u0103 duminic\u0103 la pr\u00e2nz. Avertizarea vizeaz\u0103 r\u00e2urile din bazinul hidrografic R\u00e2mnicu S\u0103rat, unde exist\u0103 riscul de cre\u0219teri de debite \u0219i niveluri, cu posibile dep\u0103\u0219iri ale cotelor de aten\u021bie.<\/p>\n<p>\u00cen Bucure\u0219ti, vremea va fi v\u00e2ntoas\u0103 \u0219i ploioas\u0103 pe tot parcursul weekendului. V\u00e2ntul va sufla cu putere vineri \u0219i s\u00e2mb\u0103t\u0103, cu viteze la rafal\u0103 de 50-65 km\/h, iar ploile vor fi moderate cantitativ, acumul\u00e2ndu-se \u00een total \u00eentre 30 \u0219i 55 l\/mp p\u00e2n\u0103 luni diminea\u021b\u0103. Temperaturile vor sc\u0103dea treptat, maxima ajung\u00e2nd de la 17 grade vineri, la 11-12 grade duminic\u0103, \u00een timp ce minimele se vor men\u021bine \u00een jurul valorilor de 5-7 grade.<\/p>\n<p><img decoding=\"async\" loading=\"lazy\" class=\"size-full wp-image-53666 aligncenter\" src=\"https:\/\/www.buzau.net\/stiri-din-buzau\/wp-content\/uploads\/2026\/03\/2026-03-27_15h11_20.png\" alt width=\"1055\" height=\"689\"><\/p>\n<div class=\"heateor_sss_sharing_container heateor_sss_horizontal_sharing\" data-heateor-sss-href=\"https:\/\/www.buzau.net\/stiri-din-buzau\/judetul-buzau-sub-cod-galben-de-vremea-rea\/\">\n<div class=\"heateor_sss_sharing_title\">DISTRIBUIE ACEST ARTICOL<\/div>\n<\/div>\n<\/div>\n<p>[analyse_source url=&#8221;https:\/\/www.buzau.net\/stiri-din-buzau\/judetul-buzau-sub-cod-galben-de-vremea-rea\/&#8221;]<\/p>\n","protected":false},"excerpt":{"rendered":"<p>[analyse_image type=&#8221;featured&#8221; src=&#8221;https:\/\/www.buzau.net\/stiri-din-buzau\/wp-content\/uploads\/2023\/02\/vremea-ploaie-1029.jpg&#8221;] Administra\u021bia Na\u021bional\u0103 de Meteorologie (ANM) a emis o aten\u021bionare Cod galben de vreme sever\u0103, valabil\u0103 de vineri, 27 martie, p\u00e2n\u0103 luni, 30 martie, ce vizeaz\u0103 peste jum\u0103tate din \u021bar\u0103. Finalul lunii martie aduce astfel un val de precipita\u021bii, v\u00e2nt intens \u0219i temperaturi \u00een sc\u0103dere, jude\u021bul Buz\u0103u fiind printre cele 30 de jude\u021be [&hellip;]<\/p>\n","protected":false},"author":1,"featured_media":0,"comment_status":"open","ping_status":"","sticky":false,"template":"","format":"standard","meta":{"footnotes":""},"categories":[2],"tags":[113,226],"class_list":["post-1850652","post","type-post","status-publish","format-standard","hentry","category-politics","tag-buzau-net","tag-crawlmanager"],"_links":{"self":[{"href":"https:\/\/analyse.optim.biz\/index.php?rest_route=\/wp\/v2\/posts\/1850652","targetHints":{"allow":["GET"]}}],"collection":[{"href":"https:\/\/analyse.optim.biz\/index.php?rest_route=\/wp\/v2\/posts"}],"about":[{"href":"https:\/\/analyse.optim.biz\/index.php?rest_route=\/wp\/v2\/types\/post"}],"author":[{"embeddable":true,"href":"https:\/\/analyse.optim.biz\/index.php?rest_route=\/wp\/v2\/users\/1"}],"replies":[{"embeddable":true,"href":"https:\/\/analyse.optim.biz\/index.php?rest_route=%2Fwp%2Fv2%2Fcomments&post=1850652"}],"version-history":[{"count":0,"href":"https:\/\/analyse.optim.biz\/index.php?rest_route=\/wp\/v2\/posts\/1850652\/revisions"}],"wp:attachment":[{"href":"https:\/\/analyse.optim.biz\/index.php?rest_route=%2Fwp%2Fv2%2Fmedia&parent=1850652"}],"wp:term":[{"taxonomy":"category","embeddable":true,"href":"https:\/\/analyse.optim.biz\/index.php?rest_route=%2Fwp%2Fv2%2Fcategories&post=1850652"},{"taxonomy":"post_tag","embeddable":true,"href":"https:\/\/analyse.optim.biz\/index.php?rest_route=%2Fwp%2Fv2%2Ftags&post=1850652"}],"curies":[{"name":"wp","href":"https:\/\/api.w.org\/{rel}","templated":true}]}}