{"id":1850562,"date":"2026-03-27T11:04:48","date_gmt":"2026-03-27T08:04:48","guid":{"rendered":"https:\/\/analyse.optim.biz\/?p=1850562"},"modified":"2026-03-27T11:04:48","modified_gmt":"2026-03-27T08:04:48","slug":"mxgp-lucas-coenen-sur-sa-lancee-en-suisse-abonne","status":"publish","type":"post","link":"https:\/\/analyse.optim.biz\/?p=1850562","title":{"rendered":"MXGP : Lucas Coenen sur sa lanc\u00e9e en Suisse ? ABONN\u00c9"},"content":{"rendered":"<div class=\"entry-content\">\n<p style=\"font-weight: 400\"><strong>Leader du MXGP apr\u00e8s son doubl\u00e9 espagnol de la semaine derni\u00e8re, Lucas Coenen abordera demain le troisi\u00e8me round du Mondial avec la plaque rouge, une premi\u00e8re pour lui depuis son arriv\u00e9e en championnat du monde il y a trois ans. Apr\u00e8s une saison de rookie incroyable l\u2019an pass\u00e9, le vice-champion du monde 2025 semble avoir pass\u00e9 un nouveau cap qu\u2019il faudra confirmer ce week-end en Suisse. <\/strong><\/p>\n<div id=\"attachment_725089\" style=\"width: 1210px\" class=\"wp-caption alignnone\"><img loading=\"lazy\" decoding=\"async\" aria-describedby=\"caption-attachment-725089\" class=\"wp-image-725089 size-full\" src=\"https:\/\/moto-station.com\/wp-content\/uploads\/2026\/03\/27\/682340_Coenen_Lucas_06_MXGP_Switzerland_2025_22A6745_6th-Rd-MXGP-2025-_-Frauenfeld-_CHE_.jpg\" alt=\"MXGP KTM Coenen 2026\" width=\"1200\" height=\"800\"><\/p>\n<p id=\"caption-attachment-725089\" class=\"wp-caption-text\">L\u2019an pass\u00e9, c\u2019est lors du GP de Suisse que Lucas Coenen s\u2019\u00e9tait impos\u00e9 pour la premi\u00e8re fois en MXGP !<\/p>\n<\/div>\n<p style=\"font-weight: 400\">\u00c0 seulement dix-neuf ans, <strong>Lucas Coenen<\/strong> s\u2019appr\u00eate \u00e0 disputer en Suisse le 23<sup>e<\/sup> MXGP de sa jeune carri\u00e8re. Le 21 avril 2025, c\u2019est d\u2019ailleurs sur cette m\u00eame piste de Frauenfeld que l\u2019officiel KTM De Carli Red Bull s\u2019\u00e9tait offert son premier succ\u00e8s dans la cat\u00e9gorie reine, apr\u00e8s un joli doubl\u00e9. Dans la foul\u00e9e, le Belge \u00e9tait mont\u00e9 en puissance pour finalement terminer vice-champion du monde derri\u00e8re <strong>Romain Febvre<\/strong>. L\u2019an pass\u00e9, les stats du jeune homme \u00e9taient impressionnantes pour un rookie\u00a0: sept qualifs remport\u00e9es, quatorze victoires de manches, huit podiums et six victoires de GP\u00a0! \u00c0 cela, on peut ajouter deux tripl\u00e9s (qualif + deux manches) obtenus au Portugal et en Finlande. Apr\u00e8s un hiver studieux, un premier GP d\u2019Argentine (2\/4\/6) perturb\u00e9 le dimanche par un probl\u00e8me \u00e0 l\u2019\u0153il, Coenen a fait tr\u00e8s fort la semaine derni\u00e8re en ultra dominant tous ses rivaux, y compris <strong>Jeffrey Herlings<\/strong>. Leader du championnat, il aborde donc le troisi\u00e8me round de sa saison avec 102 points au compteur, soit quarante-cinq de plus que l\u2019an pass\u00e9 \u00e0 la m\u00eame \u00e9poque\u00a0!<\/p>\n<div id=\"attachment_725090\" style=\"width: 1210px\" class=\"wp-caption alignnone\"><img loading=\"lazy\" decoding=\"async\" aria-describedby=\"caption-attachment-725090\" class=\"wp-image-725090 size-full\" src=\"https:\/\/moto-station.com\/wp-content\/uploads\/2026\/03\/27\/741045_Coenen_Lucas_02_MXGP_Andalucia_2026_Q0A4610_2nd-Rd-MXGP-2026-_-Almonte_-Andalucia-_ESP_.jpg\" alt=\"MXGP KTM Coenen 2026\" width=\"1200\" height=\"800\"><\/p>\n<p id=\"caption-attachment-725090\" class=\"wp-caption-text\">Ce week-end \u00e0 Frauenfeld, le fond de plaque #5 de la KTM Red Bull De Carli sera rouge et non plus blanc !<\/p>\n<\/div>\n<h2 style=\"font-weight: 400\"><strong>En pleine confiance\u00a0!\u00a0 <\/strong><\/h2>\n<p style=\"font-weight: 400\">Apr\u00e8s l\u2019Espagne, <strong>Lucas Coenen<\/strong> a tenu \u00e0 savourer, tout en restant tr\u00e8s lucide\u00a0: \u00ab <em>C\u2019est ma premi\u00e8re plaque rouge, la toute premi\u00e8re\u00a0! Ce n\u2019est que le d\u00e9but de la saison, donc il faut \u00eatre r\u00e9gulier. Je suis tellement motiv\u00e9 en ce moment. Mais on sait tous que la saison est encore tr\u00e8s longue. L\u2019\u00e9quipe travaille dur pour moi, c\u2019\u00e9tait top de r\u00e9ussir le tripl\u00e9 en Espagne. On va essayer de continuer comme \u00e7a. J\u2019ai confiance en moi, donc c\u2019est bien. Quand tu es sur le podium, tu r\u00e9alises qui sont tes adversaires\u00a0! Mais sur la grille, m\u00eame si je suis plus jeune, je me sens comme eux. C\u2019est surtout mental. Ce n\u2019est pas toujours facile, mais je g\u00e8re. Quand on r\u00e9ussit aussi bien sa premi\u00e8re saison, \u00e7a met beaucoup de pression. Les gens attendent beaucoup de toi. Le championnat s\u2019annonce tr\u00e8s long, il faut continuer \u00e0 pousser et \u00e0 s\u2019am\u00e9liorer.<\/em> \u00bb Serein et mature, le Belge est pr\u00eat et d\u00e9termin\u00e9 \u00e0 jouer le titre MXGP. L\u2019an dernier, apr\u00e8s sa premi\u00e8re victoire Suisse, il avait su enchainer avec un second succ\u00e8s cons\u00e9cutif au Portugal avant claquer de claquer sept podiums d\u2019affil\u00e9 dont trois succ\u00e8s en Finlande, R\u00e9publique Tch\u00e8que et Belgique. Rendez-vous tout le WE sur motoverte.com pour suivre le GP de Suisse et les performances du Belge.<\/p>\n<div id=\"attachment_725091\" style=\"width: 1210px\" class=\"wp-caption alignnone\"><img loading=\"lazy\" decoding=\"async\" aria-describedby=\"caption-attachment-725091\" class=\"wp-image-725091 size-full\" src=\"https:\/\/moto-station.com\/wp-content\/uploads\/2026\/03\/27\/741057_Coenen_Lucas_02_MXGP_Andalucia_2026_Q0A8420_2nd-Rd-MXGP-2026-_-Almonte_-Andalucia-_ESP_.jpg\" alt=\"MXGP KTM Coenen 2026\" width=\"1200\" height=\"800\"><\/p>\n<p id=\"caption-attachment-725091\" class=\"wp-caption-text\">Dominateur la semaine pass\u00e9e en Espagne, Lucas Coenen vise une deuxi\u00e8me victoire cons\u00e9cutive ce WE !<\/p>\n<\/div><\/div>\n","protected":false},"excerpt":{"rendered":"<p>Leader du MXGP apr\u00e8s son doubl\u00e9 espagnol de la semaine derni\u00e8re, Lucas Coenen abordera demain le troisi\u00e8me round du Mondial avec la plaque rouge, une premi\u00e8re pour lui depuis son arriv\u00e9e en championnat du monde il y a trois ans. Apr\u00e8s une saison de rookie incroyable l\u2019an pass\u00e9, le vice-champion du monde 2025 semble avoir [&hellip;]<\/p>\n","protected":false},"author":1,"featured_media":0,"comment_status":"open","ping_status":"","sticky":false,"template":"","format":"standard","meta":{"footnotes":""},"categories":[1],"tags":[226,240],"class_list":["post-1850562","post","type-post","status-publish","format-standard","hentry","category-uncategorized","tag-crawlmanager","tag-moto-station-com"],"_links":{"self":[{"href":"https:\/\/analyse.optim.biz\/index.php?rest_route=\/wp\/v2\/posts\/1850562","targetHints":{"allow":["GET"]}}],"collection":[{"href":"https:\/\/analyse.optim.biz\/index.php?rest_route=\/wp\/v2\/posts"}],"about":[{"href":"https:\/\/analyse.optim.biz\/index.php?rest_route=\/wp\/v2\/types\/post"}],"author":[{"embeddable":true,"href":"https:\/\/analyse.optim.biz\/index.php?rest_route=\/wp\/v2\/users\/1"}],"replies":[{"embeddable":true,"href":"https:\/\/analyse.optim.biz\/index.php?rest_route=%2Fwp%2Fv2%2Fcomments&post=1850562"}],"version-history":[{"count":0,"href":"https:\/\/analyse.optim.biz\/index.php?rest_route=\/wp\/v2\/posts\/1850562\/revisions"}],"wp:attachment":[{"href":"https:\/\/analyse.optim.biz\/index.php?rest_route=%2Fwp%2Fv2%2Fmedia&parent=1850562"}],"wp:term":[{"taxonomy":"category","embeddable":true,"href":"https:\/\/analyse.optim.biz\/index.php?rest_route=%2Fwp%2Fv2%2Fcategories&post=1850562"},{"taxonomy":"post_tag","embeddable":true,"href":"https:\/\/analyse.optim.biz\/index.php?rest_route=%2Fwp%2Fv2%2Ftags&post=1850562"}],"curies":[{"name":"wp","href":"https:\/\/api.w.org\/{rel}","templated":true}]}}