{"id":1850560,"date":"2026-03-27T11:00:13","date_gmt":"2026-03-27T08:00:13","guid":{"rendered":"https:\/\/analyse.optim.biz\/?p=1850560"},"modified":"2026-03-27T11:00:13","modified_gmt":"2026-03-27T08:00:13","slug":"enduro-toutes-les-infos-sur-la-val-de-lorraine-classic","status":"publish","type":"post","link":"https:\/\/analyse.optim.biz\/?p=1850560","title":{"rendered":"Enduro : toutes les infos sur la Val de Lorraine Classic"},"content":{"rendered":"<div class=\"entry-content\">\n<p><strong>Samedi 28 et dimanche 29 mars la 25e Val de Lorraine Classic ouvre la saison des grandes classiques enduro \u00e0 Faulx pr\u00e8s de Nancy. Plus de 680 amateurs engag\u00e9s et quelques stars de la discipline en d\u00e9battront sur deux journ\u00e9es ponctu\u00e9es de 12 sp\u00e9ciales chronom\u00e9tr\u00e9es. Toutes les infos pour suivre l\u2019\u00e9preuve.<\/strong><\/p>\n<p>Le Foyer rural de Faulx, pr\u00e8s de Nancy (54) annonce la couleur : 685 pilotes engag\u00e9s sur cette 25e Val de Lorraine Classic. Des pilotes de 11 nationalit\u00e9s de 15 \u00e0 71 ans qui en d\u00e9coudront lors de deux journ\u00e9es d\u2019enduro dans la campagne lorraine. Deux journ\u00e9es ponctu\u00e9es de 12 sp\u00e9ciales chronom\u00e9tr\u00e9es dont une en ligne (Enduro Test), deux Xtrem Test et le reste sur de la belle Cross Test en herbe comme en propose chaque ann\u00e9e cette \u00e9preuve qui ouvre la saison.\u00a0<\/p>\n<div id=\"attachment_698010\" style=\"width: 1034px\" class=\"wp-caption alignnone\"><img loading=\"lazy\" decoding=\"async\" aria-describedby=\"caption-attachment-698010\" class=\"wp-image-698010 size-large\" src=\"https:\/\/moto-station.com\/wp-content\/uploads\/2025\/03\/31\/vdlc-magain-1024x683.jpeg\" alt width=\"1024\" height=\"683\"><\/p>\n<p id=\"caption-attachment-698010\" class=\"wp-caption-text\">Antoine Magain remet sa victoire de l\u2019an dernier en jeu. \u00a9 Visual Events<\/p>\n<\/div>\n<p>Au d\u00e9part, Antoine Magain (B-Sherco) revient pour d\u00e9fendre<a href=\"https:\/\/moto-station.com\/moto-verte\/enduro\/antoine-magain-remporte-la-val-de-lorraine-classic\/698008\" target=\"_blank\" rel=\"noopener\"> son num\u00e9ro 1 acquis de haute lutte l\u2019an pass\u00e9<\/a> face au v\u00e9t\u00e9ran J\u00e9r\u00e9my Tarroux (KTM Elite Moto) et le double champion de France E1 et Cross-Country 2025, le Marseillais Hugo Blanjoue (Honda-Elite Factory). Dans leurs roues, on retrouvera les Triumph de Val\u00e9rian Debaud et Killian Lunier, suivis de Romain Boucardey (Beta) ou encore du r\u00e9gional Mathis Juillard (Husqvarna) et du belge Erik Willems (KTM). Comme chaque ann\u00e9e, une sp\u00e9ciale spectaculaire cl\u00f4turera l\u2019\u00e9preuve dimanche apr\u00e8s-midi. Mais celle-ci a chang\u00e9 de site et se d\u00e9roulera d\u00e9sormais \u00e0 Custines avec plus de parking et de place pour accueillir un public toujours plus nombreux.\u00a0\u00a0<\/p>\n<h2>LES PARCOURS ET HORAIRES<\/h2>\n<p><img loading=\"lazy\" decoding=\"async\" class=\"alignnone size-large wp-image-725052\" src=\"https:\/\/moto-station.com\/wp-content\/uploads\/2026\/03\/26\/val-2-819x1024.jpeg\" alt width=\"819\" height=\"1024\"><\/p>\n<p><img loading=\"lazy\" decoding=\"async\" class=\"alignnone size-large wp-image-725056\" src=\"https:\/\/moto-station.com\/wp-content\/uploads\/2026\/03\/26\/val-4-1-1024x599.jpeg\" alt width=\"1024\" height=\"599\"><\/p>\n<div id=\"attachment_698015\" style=\"width: 1034px\" class=\"wp-caption alignnone\"><img loading=\"lazy\" decoding=\"async\" aria-describedby=\"caption-attachment-698015\" class=\"wp-image-698015 size-large\" src=\"https:\/\/moto-station.com\/wp-content\/uploads\/2025\/03\/31\/vdlc-podium-1-1024x686.jpeg\" alt=\"podium VDLC 2025\" width=\"1024\" height=\"686\"><\/p>\n<p id=\"caption-attachment-698015\" class=\"wp-caption-text\">L\u2019an dernier, le belge Antoine Magain s\u2019\u00e9tait impos\u00e9 devant J\u00e9r\u00e9my Tarroux et Hugo Blanjoue. Tous les trois sont pr\u00e9sents cette ann\u00e9e. \u00a9 VDLC<\/p>\n<\/div>\n<p><img loading=\"lazy\" decoding=\"async\" class=\"alignnone size-large wp-image-725053\" src=\"https:\/\/moto-station.com\/wp-content\/uploads\/2026\/03\/26\/val-3-819x1024.jpeg\" alt width=\"819\" height=\"1024\"><\/p>\n<p><img loading=\"lazy\" decoding=\"async\" class=\"alignnone size-large wp-image-725055\" src=\"https:\/\/moto-station.com\/wp-content\/uploads\/2026\/03\/26\/val-4-2-1024x583.jpeg\" alt width=\"1024\" height=\"583\"><\/p>\n<h2><a href=\"https:\/\/www.valdelorraineclassic.com\/wp-content\/uploads\/2026\/03\/VDLC26_ListeEngages.pdf\" target=\"_blank\" rel=\"noopener\">LES ENGAGES<\/a><\/h2>\n<p><img loading=\"lazy\" decoding=\"async\" class=\"alignnone size-large wp-image-725051\" src=\"https:\/\/moto-station.com\/wp-content\/uploads\/2026\/03\/26\/Capture-decran-2026-03-26-a-16.34.41-964x1024.jpeg\" alt width=\"964\" height=\"1024\"><\/p>\n<\/p><\/div>\n","protected":false},"excerpt":{"rendered":"<p>Samedi 28 et dimanche 29 mars la 25e Val de Lorraine Classic ouvre la saison des grandes classiques enduro \u00e0 Faulx pr\u00e8s de Nancy. Plus de 680 amateurs engag\u00e9s et quelques stars de la discipline en d\u00e9battront sur deux journ\u00e9es ponctu\u00e9es de 12 sp\u00e9ciales chronom\u00e9tr\u00e9es. Toutes les infos pour suivre l\u2019\u00e9preuve. Le Foyer rural de [&hellip;]<\/p>\n","protected":false},"author":1,"featured_media":0,"comment_status":"open","ping_status":"","sticky":false,"template":"","format":"standard","meta":{"footnotes":""},"categories":[1],"tags":[226,240],"class_list":["post-1850560","post","type-post","status-publish","format-standard","hentry","category-uncategorized","tag-crawlmanager","tag-moto-station-com"],"_links":{"self":[{"href":"https:\/\/analyse.optim.biz\/index.php?rest_route=\/wp\/v2\/posts\/1850560","targetHints":{"allow":["GET"]}}],"collection":[{"href":"https:\/\/analyse.optim.biz\/index.php?rest_route=\/wp\/v2\/posts"}],"about":[{"href":"https:\/\/analyse.optim.biz\/index.php?rest_route=\/wp\/v2\/types\/post"}],"author":[{"embeddable":true,"href":"https:\/\/analyse.optim.biz\/index.php?rest_route=\/wp\/v2\/users\/1"}],"replies":[{"embeddable":true,"href":"https:\/\/analyse.optim.biz\/index.php?rest_route=%2Fwp%2Fv2%2Fcomments&post=1850560"}],"version-history":[{"count":0,"href":"https:\/\/analyse.optim.biz\/index.php?rest_route=\/wp\/v2\/posts\/1850560\/revisions"}],"wp:attachment":[{"href":"https:\/\/analyse.optim.biz\/index.php?rest_route=%2Fwp%2Fv2%2Fmedia&parent=1850560"}],"wp:term":[{"taxonomy":"category","embeddable":true,"href":"https:\/\/analyse.optim.biz\/index.php?rest_route=%2Fwp%2Fv2%2Fcategories&post=1850560"},{"taxonomy":"post_tag","embeddable":true,"href":"https:\/\/analyse.optim.biz\/index.php?rest_route=%2Fwp%2Fv2%2Ftags&post=1850560"}],"curies":[{"name":"wp","href":"https:\/\/api.w.org\/{rel}","templated":true}]}}