{"id":185056,"date":"2015-03-14T13:40:30","date_gmt":"2015-03-14T10:40:30","guid":{"rendered":"https:\/\/analyse.optim.biz\/?p=185056"},"modified":"2015-03-14T13:40:30","modified_gmt":"2015-03-14T10:40:30","slug":"traian-basescu-decorat-de-presedintele-moldovei","status":"publish","type":"post","link":"https:\/\/analyse.optim.biz\/?p=185056","title":{"rendered":"Traian B\u0103sescu, decorat de pre\u0219edintele Moldovei"},"content":{"rendered":"<div class=\"entry data-app-meta data-app-meta-article\" data-embed-base-url-canonical=\"https:\/\/www.digi24.ro\/embed\/stiri\/actualitate\/politica\/traian-basescu-decorat-de-presedintele-moldovei-370754\">\n<p data-index=\"1\"><img decoding=\"async\" src=\"https:\/\/analyse.optim.biz\/wp-content\/uploads\/2024\/09\/cgcmdz04mdamagfzad1jmgfhngzizjexmdk5n2m4zte0ymezmdy5ztk5odi5yq-thumb_.jpg\" data-skip-htmlfix=\"1\" title=\"cgcmdz04mdamagfzad1jmgfhngzizjexmdk5n2m4zte0ymezmdy5ztk5odi5yq-thumb_\"><\/p>\n<p data-index=\"2\"><span><em><strong><span>Foto: Mediafax<\/span><\/strong><\/em><\/span><\/p>\n<p data-index=\"3\">Potrivit unui comunicat al Administra\u0163iei Preziden\u0163iale de la Chi\u015fin\u0103u, pre\u015fedintele Nicolae Timofti, a semnat un decret privind conferirea Ordinului \u201e<span><strong>\u015etefan cel Mare<\/strong><\/span><span>\u201d fostului pre\u015fedinte al Rom\u00e2niei,\u00a0Traian B\u0103sescu.<\/span><\/p>\n<p data-index=\"4\">Distinc\u0163ia i-a fost acordat\u0103 lui Traian B\u0103sescu <span>\u201e<\/span><strong>\u00een semn de profund\u0103 gratitudine pentru contribu\u0163ia sa deosebit\u0103 la promovarea stabilit\u0103\u0163ii, securit\u0103\u0163ii \u015fi democra\u0163iei \u00een regiune \u015fi pentru sprijinul constant acordat Republicii Moldova \u00een procesul de formare a cadrelor din domeniile ap\u0103r\u0103rii, securit\u0103\u0163ii \u015fi asigur\u0103rii ordinii publice<\/strong><span>\u201d<\/span>, se arat\u0103 \u00een comunicat.<\/p>\n<p data-index=\"5\">Ordinul &#8220;\u015etefan cel Mare&#8221; este decora\u0163ia militar\u0103 suprem\u0103 a Republicii Moldova.<\/p>\n<\/div>\n<p> Source URL: https:\/\/www.digi24.ro\/stiri\/actualitate\/politica\/traian-basescu-decorat-de-presedintele-moldovei-370754<\/p>\n","protected":false},"excerpt":{"rendered":"<p>Foto: Mediafax Potrivit unui comunicat al Administra\u0163iei Preziden\u0163iale de la Chi\u015fin\u0103u, pre\u015fedintele Nicolae Timofti, a semnat un decret privind conferirea Ordinului \u201e\u015etefan cel Mare\u201d fostului pre\u015fedinte al Rom\u00e2niei,\u00a0Traian B\u0103sescu. Distinc\u0163ia i-a fost acordat\u0103 lui Traian B\u0103sescu \u201e\u00een semn de profund\u0103 gratitudine pentru contribu\u0163ia sa deosebit\u0103 la promovarea stabilit\u0103\u0163ii, securit\u0103\u0163ii \u015fi democra\u0163iei \u00een regiune \u015fi pentru [&hellip;]<\/p>\n","protected":false},"author":1,"featured_media":185057,"comment_status":"open","ping_status":"","sticky":false,"template":"","format":"standard","meta":{"footnotes":""},"categories":[2],"tags":[11],"class_list":["post-185056","post","type-post","status-publish","format-standard","has-post-thumbnail","hentry","category-politics","tag-digi24"],"_links":{"self":[{"href":"https:\/\/analyse.optim.biz\/index.php?rest_route=\/wp\/v2\/posts\/185056","targetHints":{"allow":["GET"]}}],"collection":[{"href":"https:\/\/analyse.optim.biz\/index.php?rest_route=\/wp\/v2\/posts"}],"about":[{"href":"https:\/\/analyse.optim.biz\/index.php?rest_route=\/wp\/v2\/types\/post"}],"author":[{"embeddable":true,"href":"https:\/\/analyse.optim.biz\/index.php?rest_route=\/wp\/v2\/users\/1"}],"replies":[{"embeddable":true,"href":"https:\/\/analyse.optim.biz\/index.php?rest_route=%2Fwp%2Fv2%2Fcomments&post=185056"}],"version-history":[{"count":0,"href":"https:\/\/analyse.optim.biz\/index.php?rest_route=\/wp\/v2\/posts\/185056\/revisions"}],"wp:featuredmedia":[{"embeddable":true,"href":"https:\/\/analyse.optim.biz\/index.php?rest_route=\/wp\/v2\/media\/185057"}],"wp:attachment":[{"href":"https:\/\/analyse.optim.biz\/index.php?rest_route=%2Fwp%2Fv2%2Fmedia&parent=185056"}],"wp:term":[{"taxonomy":"category","embeddable":true,"href":"https:\/\/analyse.optim.biz\/index.php?rest_route=%2Fwp%2Fv2%2Fcategories&post=185056"},{"taxonomy":"post_tag","embeddable":true,"href":"https:\/\/analyse.optim.biz\/index.php?rest_route=%2Fwp%2Fv2%2Ftags&post=185056"}],"curies":[{"name":"wp","href":"https:\/\/api.w.org\/{rel}","templated":true}]}}