{"id":185045,"date":"2015-03-14T16:49:59","date_gmt":"2015-03-14T13:49:59","guid":{"rendered":"https:\/\/analyse.optim.biz\/?p=185045"},"modified":"2015-03-14T16:49:59","modified_gmt":"2015-03-14T13:49:59","slug":"scaunul-lui-victor-ponta-securizat-prin-excluderi-din-psd","status":"publish","type":"post","link":"https:\/\/analyse.optim.biz\/?p=185045","title":{"rendered":"Scaunul lui Victor Ponta, securizat prin excluderi din PSD"},"content":{"rendered":"<div class=\"entry data-app-meta data-app-meta-article\" data-embed-base-url-canonical=\"https:\/\/www.digi24.ro\/embed\/stiri\/actualitate\/politica\/scaunul-lui-victor-ponta-securizat-prin-excluderi-din-psd-370774\">\n<p data-index=\"1\"><strong>\u00cen octombrie anul trecut, cu o lun\u0103 \u00eenaintea alegerilor preziden\u0163iale, un scandal de propor\u0163ii izbucnea \u00een PSD. Stenograme din dosarul \u00een care era cercetat Viorel Hrebenciuc ar\u0103tau c\u0103 Dan \u015eova c\u0103uta sus\u0163in\u0103tori ca s\u0103 preia \u015fefia partidului, \u00een eventualitatea \u00een care Victor Ponta ar fi ajuns la Cotroceni.<\/strong> A doua zi, a fost convocat\u0103 o \u015fedin\u0163\u0103 de urgen\u0163\u0103 la partid.<\/p>\n<p data-index=\"2\">\u201eDeocamdat\u0103 facem un pic de ordine \u015fi disciplin\u0103 \u015fi m\u0103 bucur c\u0103 a\u0163i revenit la PSD. Trebuia s\u0103 trec \u015fi eu mai des\u201d, a spus Victor Ponta la acea vreme. Dup\u0103 c\u00e2teva ore de \u015fedin\u0163\u0103, concluzia era clar\u0103: \u201eL-am autosuspendat\u201d, a spus Victor Ponta atunci.<\/p>\n<p data-index=\"3\"><strong>Odat\u0103 cu Dan \u015eova a fost suspendat \u015fi Sebastian Ghi\u0163\u0103, pentru c\u0103 vorbise \u00een numele partidului, f\u0103r\u0103 aprobare.<\/strong> Acela\u015fi Sebastian Ghi\u0163\u0103 care a fost for\u0163at s\u0103 demisioneze din PSD o lun\u0103 mai t\u00e2rziu. Unul dintre episoadele tensionate care l-au adus \u00een dizgra\u0163ie a fost anun\u0163ul c\u0103 va candida la \u015fefia PSD, \u00een tandem cu Liviu Dragnea. Lui Victor Ponta nu i-a picat bine declara\u0163ia, de\u015fi s-a ferit s\u0103 o comenteze dur. Dar nici m\u0103car prietenia pentru Sebastian Ghi\u0163\u0103 nu l-a determinat s\u0103-l \u0163in\u0103 \u00een PSD, c\u00e2nd voci din partid i-au cerut s\u0103 plece.<\/p>\n<p data-index=\"4\">\u201eSebastian Ghi\u0163\u0103 trebuie s\u0103 \u00een\u0163eleag\u0103 c\u0103 o organiza\u0163ie merge dup\u0103 alte reguli, nu doar dup\u0103 regula singular\u0103 a lupului singuratic\u201d, afirma atunci Victor Ponta.\u00a0<\/p>\n<p data-index=\"5\">\u201eAm avut aceast\u0103 discu\u0163ie cu d\u00e2nsul, am stabilit c\u0103 e o diferen\u0163\u0103 de vitez\u0103, nu diferen\u0163\u0103 de con\u0163inut \u00eentre ceea ce credem \u015fi ceea ce g\u00e2ndim\u201d, a comentat atunci \u015fi Sebastian Ghi\u0163\u0103.<\/p>\n<p data-index=\"6\">Cu o zi \u00eenainte, al\u0163i doi social-democra\u0163i fuseser\u0103 mazili\u0163i pentru c\u0103 se preg\u0103teau s\u0103 r\u0103stoarne actuala conducere \u015fi c\u0103utau sus\u0163in\u0103tori \u00een filialele PSD din \u0163ar\u0103.<\/p>\n<p data-index=\"7\">Mircea Geoan\u0103 spunea c\u0103 astfel de momente nu au fost singulare. \u201eAm mai trecut prin astfel de momente, cred c\u0103 sunt momente care trebuie dep\u0103\u015fite prin solidaritate. Nu cred c\u0103 a\u015fa trebuie s\u0103 proced\u0103m\u201d, men\u0163iona M. Geoan\u0103.<\/p>\n<p data-index=\"8\">\u201eEu am ie\u015fit din sal\u0103 fiindc\u0103 mi s-a f\u0103cut grea\u0163\u0103. Nu am v\u0103zut \u00een via\u0163a mea asemenea execu\u0163ii, nici la partidul comunist. B\u0103ie\u0163ii \u0103\u015ftia le e fric\u0103 de un congres adev\u0103rat \u015fi au vrut s\u0103 ne dea afar\u0103 din partid\u201d, comenta atunci \u015fi Marian Vanghelie.<\/p>\n<p data-index=\"9\"><strong>Nici lui Dan \u015eova nu i s-a iertat graba cu care voia s\u0103-i ia locul lui Victor Ponta. A fost \u015fi el exclus. Dou\u0103 luni mai t\u00e2rziu avea s\u0103 fie reprimit \u00een PSD, chiar la cererea lui Victor Ponta, pe motiv c\u0103 a fost disciplinat \u015fi cu inima \u00een PSD chiar \u015fi de la dep\u0103rtare.<\/strong><\/p>\n<p data-index=\"10\">\u201eAccept sanc\u0163iunea care mi-a fost aplicat\u0103. Este o decizie corect\u0103 a partidului\u201d, m\u0103rturisea Dan \u015eova.<\/p>\n<p data-index=\"11\"><strong>C\u0103t\u0103lin Ivan este ultimul din \u015firul celor care au visat la \u015fefia PSD \u015fi au ajuns s\u0103 plece cu totul din partid.<\/strong><\/p>\n<p data-index=\"12\">\u201eC\u0103t\u0103lin Ivan este un pu\u015fti obraznic. Cu chei\u0163a \u00eentoars\u0103 de Vanghelie\u201d, a spus Liviu Dragnea.<\/p>\n<p data-index=\"13\"><strong>Anun\u0163ul lui C\u0103t\u0103lin Ivan c\u0103 va candida la pre\u015fedin\u0163ia PSD a pus paie pe foc, dup\u0103 ce, oricum, le sup\u0103rase foarte tare pe femeile PSD-iste, care au cerut excluderea lui din partid.<\/strong> \u201ePrin afirma\u0163iile publice, f\u0103r\u0103 a exista o discu\u0163ie \u00een cadrul partidului, a atacat dou\u0103 dintre colegele noastre. Pe Gabriela Firea \u015fi pe Viorica D\u0103ncil\u0103\u201d, a explicat Rovana Plumb.<\/p>\n<p data-index=\"14\"><strong>De\u015fi Victor Ponta a spus de mai multe ori c\u0103 europarlamentarul nu va fi dat afar\u0103 din partid \u015fi c\u0103 nu-l deranjeaz\u0103 s\u0103 aib\u0103 concuren\u0163\u0103 la alegerile interne, C\u0103t\u0103lin Ivan a fost mai \u00eent\u00e2i suspendat \u015fi apoi exclus din filiala PSD Sector 1.<\/strong><\/p>\n<\/div>\n<p> Source URL: https:\/\/www.digi24.ro\/stiri\/actualitate\/politica\/scaunul-lui-victor-ponta-securizat-prin-excluderi-din-psd-370774<\/p>\n","protected":false},"excerpt":{"rendered":"<p>\u00cen octombrie anul trecut, cu o lun\u0103 \u00eenaintea alegerilor preziden\u0163iale, un scandal de propor\u0163ii izbucnea \u00een PSD. Stenograme din dosarul \u00een care era cercetat Viorel Hrebenciuc ar\u0103tau c\u0103 Dan \u015eova c\u0103uta sus\u0163in\u0103tori ca s\u0103 preia \u015fefia partidului, \u00een eventualitatea \u00een care Victor Ponta ar fi ajuns la Cotroceni. A doua zi, a fost convocat\u0103 o [&hellip;]<\/p>\n","protected":false},"author":1,"featured_media":185046,"comment_status":"open","ping_status":"","sticky":false,"template":"","format":"standard","meta":{"footnotes":""},"categories":[2],"tags":[11],"class_list":["post-185045","post","type-post","status-publish","format-standard","has-post-thumbnail","hentry","category-politics","tag-digi24"],"_links":{"self":[{"href":"https:\/\/analyse.optim.biz\/index.php?rest_route=\/wp\/v2\/posts\/185045","targetHints":{"allow":["GET"]}}],"collection":[{"href":"https:\/\/analyse.optim.biz\/index.php?rest_route=\/wp\/v2\/posts"}],"about":[{"href":"https:\/\/analyse.optim.biz\/index.php?rest_route=\/wp\/v2\/types\/post"}],"author":[{"embeddable":true,"href":"https:\/\/analyse.optim.biz\/index.php?rest_route=\/wp\/v2\/users\/1"}],"replies":[{"embeddable":true,"href":"https:\/\/analyse.optim.biz\/index.php?rest_route=%2Fwp%2Fv2%2Fcomments&post=185045"}],"version-history":[{"count":0,"href":"https:\/\/analyse.optim.biz\/index.php?rest_route=\/wp\/v2\/posts\/185045\/revisions"}],"wp:featuredmedia":[{"embeddable":true,"href":"https:\/\/analyse.optim.biz\/index.php?rest_route=\/wp\/v2\/media\/185046"}],"wp:attachment":[{"href":"https:\/\/analyse.optim.biz\/index.php?rest_route=%2Fwp%2Fv2%2Fmedia&parent=185045"}],"wp:term":[{"taxonomy":"category","embeddable":true,"href":"https:\/\/analyse.optim.biz\/index.php?rest_route=%2Fwp%2Fv2%2Fcategories&post=185045"},{"taxonomy":"post_tag","embeddable":true,"href":"https:\/\/analyse.optim.biz\/index.php?rest_route=%2Fwp%2Fv2%2Ftags&post=185045"}],"curies":[{"name":"wp","href":"https:\/\/api.w.org\/{rel}","templated":true}]}}