{"id":1850423,"date":"2026-03-27T10:47:01","date_gmt":"2026-03-27T07:47:01","guid":{"rendered":"https:\/\/analyse.optim.biz\/?p=1850423"},"modified":"2026-03-27T10:47:01","modified_gmt":"2026-03-27T07:47:01","slug":"video-invazie-cu-pene-siumor-sute-de-berze-au-ocupat-campurile-dintre-smardan-si-mitropolia","status":"publish","type":"post","link":"https:\/\/analyse.optim.biz\/?p=1850423","title":{"rendered":"(VIDEO) Invazie cu pene \u0219i\u2026umor. Sute de berze au \u201eocupat\u201d c\u00e2mpurile dintre Sm\u00e2rdan \u0219i Mitropolia"},"content":{"rendered":"<p>[analyse_image type=&#8221;featured&#8221; src=&#8221;https:\/\/sansanews.ro\/wp-content\/uploads\/2026\/03\/postare-primarie.jpghttps:\/\/sansanews.ro\/wp-content\/uploads\/2026\/03\/postare-primarie.jpg&#8221;]<\/p>\n<div class=\"entry-content herald-entry-content\">\n<p>Un adev\u0103rat spectacol al naturii a avut loc pe terenurile agricole dintre Sm\u00e2rdanu \u0219i Mitropolia, comuna Br\u0103deanu, unde sute de berze au decis s\u0103 ia o pauz\u0103 de zbor \u0219i s\u0103 transforme c\u00e2mpul \u00eentr-un veritabil \u201eaeroport\u201d temporar.<\/p>\n<p>Momentul nu a trecut neobservat de primarul comunei<br \/>\nBr\u0103deanu, Violeta Preda, care recunoa\u0219te c\u0103 a fost at\u00e2t de impresionat\u0103 \u00eenc\u00e2t<br \/>\n\u201enu s-a putut ab\u021bine\u201d \u0219i a scos telefonul pentru a imortaliza scena. Mai mult,<br \/>\nedilul a urcat imaginile pe Facebook, \u00eenso\u021bite de o \u00eentrebare cu sub\u00een\u021beles: \u201eS\u0103<br \/>\nfie vreun semn asta?\u201d, f\u0103c\u00e2nd trimitere la binecunoscuta credin\u021b\u0103 popular\u0103<br \/>\npotrivit c\u0103reia barza aduce vestea unui nou membru \u00een familie.<\/p>\n<iframe loading=\"lazy\" width=\"452\" height=\"804\" src=\"https:\/\/www.youtube.com\/embed\/Xwi61W_zvIo\" title=\"barza Br\u0103deanu\" frameborder allow=\"accelerometer; autoplay; clipboard-write; encrypted-media; gyroscope; picture-in-picture; web-share\" referrerpolicy=\"strict-origin-when-cross-origin\" allowfullscreen><\/iframe>\n<p>Declara\u021biile primarului au continuat \u00een aceea\u0219i not\u0103 relaxat\u0103 \u0219i autoironic\u0103. Pentru SansaNews, Violeta Preda a povestit c\u0103 apari\u021bia berzelor i-a trezit amintiri personale:<\/p>\n<blockquote class=\"wp-block-quote\">\n<p>\u201eB\u0103nuiesc c\u0103 au poposit la noi. Ne-am ales ele a\u0219a pe noi. Eram pe teren \u0219i m-au impresionat. M-am oprit \u0219i le-am filmat. Nu m-am putut ab\u021bine. M-au bucurat \u0219i mi-am amintit c\u0103 atunci c\u00e2nd am n\u0103scut primul copil a venit o barz\u0103 la mine la f\u00e2nt\u00e2n\u0103, \u00een curte, \u0219i \u00een urm\u0103toarele luni am n\u0103scut. De asta am f\u0103cut o ironie \u0219i am postat clipul pe Facebook. Dac\u0103 \u00eemi cre\u0219te popula\u021bia \u00een comun\u0103 este foarte bine\u201d, a declarat primarul comunei Br\u0103deanu.<\/p>\n<\/blockquote>\n<figure class=\"wp-block-audio\"><figcaption>Violeta Preda<\/figcaption><\/figure>\n<p>Dincolo de glume \u0219i simboluri, speciali\u0219tii spun c\u0103<br \/>\n\u201einvazia\u201d este c\u00e2t se poate de normal\u0103 pentru aceast\u0103 perioad\u0103 a anului.<br \/>\nMigra\u021bia berzelor este \u00een plin\u0103 desf\u0103\u0219urare, iar popasurile temporare sunt<br \/>\nesen\u021biale pentru supravie\u021buirea lor.<\/p>\n<blockquote class=\"wp-block-quote\">\n<p>\u201eEste foarte normal pentru c\u0103 barza vine de la foarte mii de kilometri. Nu poate zbura continuu. Trebuie s\u0103 se opreasc\u0103 \u00een anumite zone pentru hr\u0103nire \u0219i pentru odihn\u0103 \u0219i apoi \u00ee\u0219i reiau deplasarea spre zonele de cuib\u0103rit. Nu toate berzele cuib\u0103resc la noi \u00een \u021bar\u0103, mai cuib\u0103resc \u0219i la nord de noi, \u0219i atunci se opresc pentru o noapte sau chiar dou\u0103 zile, depinde de c\u00e2t de lung este traseul p\u00e2n\u0103 la zona de cuib\u0103rit. Este perioada lor, migra\u021bia lor este \u00een plin, o s\u0103 le vedem peste tot. \u0218i eu am v\u0103zut un c\u00e2rd de peste 200 de exemplare la Unguriu\u201d, a declarant Gabriel B\u0103nescu, reprezentant al Societ\u0103\u021bii Ornitologice Rom\u00e2ne ,sucursala Buz\u0103u.<\/p>\n<\/blockquote>\n<figure class=\"wp-block-audio\"><figcaption>Gabriel Benescu<\/figcaption><\/figure>\n<p>A\u0219adar, dac\u0103 vede\u021bi berze pe c\u00e2mpuri, nu v\u0103 gr\u0103bi\u021bi s\u0103<br \/>\nface\u021bi planuri de botez. Deocamdat\u0103, p\u0103s\u0103rile sunt mai preocupate de odihn\u0103 \u0219i<br \/>\nmas\u0103 dec\u00e2t de livrat vesti de\u0219i, dup\u0103 cum sugereaz\u0103 primarul din Br\u0103deanu, nu<br \/>\nstric\u0103 niciodat\u0103 s\u0103 fii preg\u0103tit.<\/p>\n<div class=\"meta-tags\"><span>Etichete<\/span><a href=\"https:\/\/sansanews.ro\/tag\/berze-bradeanu\/\" rel=\"tag\">berze bradeanu<\/a><a href=\"https:\/\/sansanews.ro\/tag\/primar-violeta-preda\/\" rel=\"tag\">primar violeta preda<\/a><\/div>\n<div class=\"herald-share-content\">\n<div class=\"meks_ess rectangle no-labels outline\"><a class=\"meks_ess-item socicon-facebook\" data-url=\"http:\/\/www.facebook.com\/sharer\/sharer.php?u=https%3A%2F%2Fsansanews.ro%2Fvideo-invazie-cu-pene-siumor-sute-de-berze-au-ocupat-campurile-dintre-smardan-si-mitropolia%2F&amp;t=%28VIDEO%29%20Invazie%20cu%20pene%20%C8%99i%E2%80%A6umor.%20Sute%20de%20berze%20au%20%E2%80%9Eocupat%E2%80%9D%20c%C3%A2mpurile%20dintre%20Sm%C3%A2rdan%20%C8%99i%20Mitropolia\"><span>Facebook<\/span><\/a><a href=\"https:\/\/api.whatsapp.com\/send?text=%28VIDEO%29%20Invazie%20cu%20pene%20%C8%99i%E2%80%A6umor.%20Sute%20de%20berze%20au%20%E2%80%9Eocupat%E2%80%9D%20c%C3%A2mpurile%20dintre%20Sm%C3%A2rdan%20%C8%99i%20Mitropolia%20https%3A%2F%2Fsansanews.ro%2Fvideo-invazie-cu-pene-siumor-sute-de-berze-au-ocupat-campurile-dintre-smardan-si-mitropolia%2F\" class=\"meks_ess-item socicon-whatsapp prevent-share-popup\"><span>WhatsApp<\/span><\/a><a class=\"meks_ess-item socicon-twitter\" data-url=\"http:\/\/twitter.com\/intent\/tweet?url=https%3A%2F%2Fsansanews.ro%2Fvideo-invazie-cu-pene-siumor-sute-de-berze-au-ocupat-campurile-dintre-smardan-si-mitropolia%2F&amp;text=%28VIDEO%29%20Invazie%20cu%20pene%20%C8%99i%E2%80%A6umor.%20Sute%20de%20berze%20au%20%E2%80%9Eocupat%E2%80%9D%20c%C3%A2mpurile%20dintre%20Sm%C3%A2rdan%20%C8%99i%20Mitropolia\"><span>Twitter<\/span><\/a><a class=\"meks_ess-item socicon-pinterest\" data-url=\"http:\/\/pinterest.com\/pin\/create\/button\/?url=https%3A%2F%2Fsansanews.ro%2Fvideo-invazie-cu-pene-siumor-sute-de-berze-au-ocupat-campurile-dintre-smardan-si-mitropolia%2F&amp;media=https%3A%2F%2Fsansanews.ro%2Fwp-content%2Fuploads%2F2026%2F03%2Fpostare-primarie.jpg&amp;description=%28VIDEO%29%20Invazie%20cu%20pene%20%C8%99i%E2%80%A6umor.%20Sute%20de%20berze%20au%20%E2%80%9Eocupat%E2%80%9D%20c%C3%A2mpurile%20dintre%20Sm%C3%A2rdan%20%C8%99i%20Mitropolia\"><span>Pinterest<\/span><\/a><\/div>\n<\/div>\n<\/div>\n<div class=\"entry-content herald-entry-content\">\n<p>Un adev\u0103rat spectacol al naturii a avut loc pe terenurile agricole dintre Sm\u00e2rdanu \u0219i Mitropolia, comuna Br\u0103deanu, unde sute de berze au decis s\u0103 ia o pauz\u0103 de zbor \u0219i s\u0103 transforme c\u00e2mpul \u00eentr-un veritabil \u201eaeroport\u201d temporar.<\/p>\n<p>Momentul nu a trecut neobservat de primarul comunei<br \/>\nBr\u0103deanu, Violeta Preda, care recunoa\u0219te c\u0103 a fost at\u00e2t de impresionat\u0103 \u00eenc\u00e2t<br \/>\n\u201enu s-a putut ab\u021bine\u201d \u0219i a scos telefonul pentru a imortaliza scena. Mai mult,<br \/>\nedilul a urcat imaginile pe Facebook, \u00eenso\u021bite de o \u00eentrebare cu sub\u00een\u021beles: \u201eS\u0103<br \/>\nfie vreun semn asta?\u201d, f\u0103c\u00e2nd trimitere la binecunoscuta credin\u021b\u0103 popular\u0103<br \/>\npotrivit c\u0103reia barza aduce vestea unui nou membru \u00een familie.<\/p>\n<iframe loading=\"lazy\" width=\"452\" height=\"804\" src=\"https:\/\/www.youtube.com\/embed\/Xwi61W_zvIo\" title=\"barza Br\u0103deanu\" frameborder allow=\"accelerometer; autoplay; clipboard-write; encrypted-media; gyroscope; picture-in-picture; web-share\" referrerpolicy=\"strict-origin-when-cross-origin\" allowfullscreen><\/iframe>\n<p>Declara\u021biile primarului au continuat \u00een aceea\u0219i not\u0103 relaxat\u0103 \u0219i autoironic\u0103. Pentru SansaNews, Violeta Preda a povestit c\u0103 apari\u021bia berzelor i-a trezit amintiri personale:<\/p>\n<blockquote class=\"wp-block-quote\">\n<p>\u201eB\u0103nuiesc c\u0103 au poposit la noi. Ne-am ales ele a\u0219a pe noi. Eram pe teren \u0219i m-au impresionat. M-am oprit \u0219i le-am filmat. Nu m-am putut ab\u021bine. M-au bucurat \u0219i mi-am amintit c\u0103 atunci c\u00e2nd am n\u0103scut primul copil a venit o barz\u0103 la mine la f\u00e2nt\u00e2n\u0103, \u00een curte, \u0219i \u00een urm\u0103toarele luni am n\u0103scut. De asta am f\u0103cut o ironie \u0219i am postat clipul pe Facebook. Dac\u0103 \u00eemi cre\u0219te popula\u021bia \u00een comun\u0103 este foarte bine\u201d, a declarat primarul comunei Br\u0103deanu.<\/p>\n<\/blockquote>\n<figure class=\"wp-block-audio\"><figcaption>Violeta Preda<\/figcaption><\/figure>\n<p>Dincolo de glume \u0219i simboluri, speciali\u0219tii spun c\u0103<br \/>\n\u201einvazia\u201d este c\u00e2t se poate de normal\u0103 pentru aceast\u0103 perioad\u0103 a anului.<br \/>\nMigra\u021bia berzelor este \u00een plin\u0103 desf\u0103\u0219urare, iar popasurile temporare sunt<br \/>\nesen\u021biale pentru supravie\u021buirea lor.<\/p>\n<blockquote class=\"wp-block-quote\">\n<p>\u201eEste foarte normal pentru c\u0103 barza vine de la foarte mii de kilometri. Nu poate zbura continuu. Trebuie s\u0103 se opreasc\u0103 \u00een anumite zone pentru hr\u0103nire \u0219i pentru odihn\u0103 \u0219i apoi \u00ee\u0219i reiau deplasarea spre zonele de cuib\u0103rit. Nu toate berzele cuib\u0103resc la noi \u00een \u021bar\u0103, mai cuib\u0103resc \u0219i la nord de noi, \u0219i atunci se opresc pentru o noapte sau chiar dou\u0103 zile, depinde de c\u00e2t de lung este traseul p\u00e2n\u0103 la zona de cuib\u0103rit. Este perioada lor, migra\u021bia lor este \u00een plin, o s\u0103 le vedem peste tot. \u0218i eu am v\u0103zut un c\u00e2rd de peste 200 de exemplare la Unguriu\u201d, a declarant Gabriel B\u0103nescu, reprezentant al Societ\u0103\u021bii Ornitologice Rom\u00e2ne ,sucursala Buz\u0103u.<\/p>\n<\/blockquote>\n<figure class=\"wp-block-audio\"><figcaption>Gabriel Benescu<\/figcaption><\/figure>\n<p>A\u0219adar, dac\u0103 vede\u021bi berze pe c\u00e2mpuri, nu v\u0103 gr\u0103bi\u021bi s\u0103<br \/>\nface\u021bi planuri de botez. Deocamdat\u0103, p\u0103s\u0103rile sunt mai preocupate de odihn\u0103 \u0219i<br \/>\nmas\u0103 dec\u00e2t de livrat vesti de\u0219i, dup\u0103 cum sugereaz\u0103 primarul din Br\u0103deanu, nu<br \/>\nstric\u0103 niciodat\u0103 s\u0103 fii preg\u0103tit.<\/p>\n<div class=\"meta-tags\"><span>Etichete<\/span><a href=\"https:\/\/sansanews.ro\/tag\/berze-bradeanu\/\" rel=\"tag\">berze bradeanu<\/a><a href=\"https:\/\/sansanews.ro\/tag\/primar-violeta-preda\/\" rel=\"tag\">primar violeta preda<\/a><\/div>\n<div class=\"herald-share-content\">\n<div class=\"meks_ess rectangle no-labels outline\"><a class=\"meks_ess-item socicon-facebook\" data-url=\"http:\/\/www.facebook.com\/sharer\/sharer.php?u=https%3A%2F%2Fsansanews.ro%2Fvideo-invazie-cu-pene-siumor-sute-de-berze-au-ocupat-campurile-dintre-smardan-si-mitropolia%2F&amp;t=%28VIDEO%29%20Invazie%20cu%20pene%20%C8%99i%E2%80%A6umor.%20Sute%20de%20berze%20au%20%E2%80%9Eocupat%E2%80%9D%20c%C3%A2mpurile%20dintre%20Sm%C3%A2rdan%20%C8%99i%20Mitropolia\"><span>Facebook<\/span><\/a><a href=\"https:\/\/api.whatsapp.com\/send?text=%28VIDEO%29%20Invazie%20cu%20pene%20%C8%99i%E2%80%A6umor.%20Sute%20de%20berze%20au%20%E2%80%9Eocupat%E2%80%9D%20c%C3%A2mpurile%20dintre%20Sm%C3%A2rdan%20%C8%99i%20Mitropolia%20https%3A%2F%2Fsansanews.ro%2Fvideo-invazie-cu-pene-siumor-sute-de-berze-au-ocupat-campurile-dintre-smardan-si-mitropolia%2F\" class=\"meks_ess-item socicon-whatsapp prevent-share-popup\"><span>WhatsApp<\/span><\/a><a class=\"meks_ess-item socicon-twitter\" data-url=\"http:\/\/twitter.com\/intent\/tweet?url=https%3A%2F%2Fsansanews.ro%2Fvideo-invazie-cu-pene-siumor-sute-de-berze-au-ocupat-campurile-dintre-smardan-si-mitropolia%2F&amp;text=%28VIDEO%29%20Invazie%20cu%20pene%20%C8%99i%E2%80%A6umor.%20Sute%20de%20berze%20au%20%E2%80%9Eocupat%E2%80%9D%20c%C3%A2mpurile%20dintre%20Sm%C3%A2rdan%20%C8%99i%20Mitropolia\"><span>Twitter<\/span><\/a><a class=\"meks_ess-item socicon-pinterest\" data-url=\"http:\/\/pinterest.com\/pin\/create\/button\/?url=https%3A%2F%2Fsansanews.ro%2Fvideo-invazie-cu-pene-siumor-sute-de-berze-au-ocupat-campurile-dintre-smardan-si-mitropolia%2F&amp;media=https%3A%2F%2Fsansanews.ro%2Fwp-content%2Fuploads%2F2026%2F03%2Fpostare-primarie.jpg&amp;description=%28VIDEO%29%20Invazie%20cu%20pene%20%C8%99i%E2%80%A6umor.%20Sute%20de%20berze%20au%20%E2%80%9Eocupat%E2%80%9D%20c%C3%A2mpurile%20dintre%20Sm%C3%A2rdan%20%C8%99i%20Mitropolia\"><span>Pinterest<\/span><\/a><\/div>\n<\/div>\n<\/div>\n<p>[analyse_source url=&#8221;https:\/\/sansanews.ro\/video-invazie-cu-pene-siumor-sute-de-berze-au-ocupat-campurile-dintre-smardan-si-mitropolia\/&#8221;]<\/p>\n","protected":false},"excerpt":{"rendered":"<p>[analyse_image type=&#8221;featured&#8221; src=&#8221;https:\/\/sansanews.ro\/wp-content\/uploads\/2026\/03\/postare-primarie.jpghttps:\/\/sansanews.ro\/wp-content\/uploads\/2026\/03\/postare-primarie.jpg&#8221;] Un adev\u0103rat spectacol al naturii a avut loc pe terenurile agricole dintre Sm\u00e2rdanu \u0219i Mitropolia, comuna Br\u0103deanu, unde sute de berze au decis s\u0103 ia o pauz\u0103 de zbor \u0219i s\u0103 transforme c\u00e2mpul \u00eentr-un veritabil \u201eaeroport\u201d temporar. Momentul nu a trecut neobservat de primarul comunei Br\u0103deanu, Violeta Preda, care recunoa\u0219te c\u0103 a [&hellip;]<\/p>\n","protected":false},"author":1,"featured_media":0,"comment_status":"open","ping_status":"","sticky":false,"template":"","format":"standard","meta":{"footnotes":""},"categories":[2],"tags":[226,51],"class_list":["post-1850423","post","type-post","status-publish","format-standard","hentry","category-politics","tag-crawlmanager","tag-sansanews-ro"],"_links":{"self":[{"href":"https:\/\/analyse.optim.biz\/index.php?rest_route=\/wp\/v2\/posts\/1850423","targetHints":{"allow":["GET"]}}],"collection":[{"href":"https:\/\/analyse.optim.biz\/index.php?rest_route=\/wp\/v2\/posts"}],"about":[{"href":"https:\/\/analyse.optim.biz\/index.php?rest_route=\/wp\/v2\/types\/post"}],"author":[{"embeddable":true,"href":"https:\/\/analyse.optim.biz\/index.php?rest_route=\/wp\/v2\/users\/1"}],"replies":[{"embeddable":true,"href":"https:\/\/analyse.optim.biz\/index.php?rest_route=%2Fwp%2Fv2%2Fcomments&post=1850423"}],"version-history":[{"count":0,"href":"https:\/\/analyse.optim.biz\/index.php?rest_route=\/wp\/v2\/posts\/1850423\/revisions"}],"wp:attachment":[{"href":"https:\/\/analyse.optim.biz\/index.php?rest_route=%2Fwp%2Fv2%2Fmedia&parent=1850423"}],"wp:term":[{"taxonomy":"category","embeddable":true,"href":"https:\/\/analyse.optim.biz\/index.php?rest_route=%2Fwp%2Fv2%2Fcategories&post=1850423"},{"taxonomy":"post_tag","embeddable":true,"href":"https:\/\/analyse.optim.biz\/index.php?rest_route=%2Fwp%2Fv2%2Ftags&post=1850423"}],"curies":[{"name":"wp","href":"https:\/\/api.w.org\/{rel}","templated":true}]}}