{"id":185042,"date":"2015-03-14T17:44:06","date_gmt":"2015-03-14T14:44:06","guid":{"rendered":"https:\/\/analyse.optim.biz\/?p=185042"},"modified":"2015-03-14T17:44:06","modified_gmt":"2015-03-14T14:44:06","slug":"alina-gorghiu-victor-ponta-ar-trebui-sa-i-solicite-demisia-de-onoare-lui-darius-valcov","status":"publish","type":"post","link":"https:\/\/analyse.optim.biz\/?p=185042","title":{"rendered":"Alina Gorghiu: Victor Ponta ar trebui s\u0103-i solicite demisia de onoare lui Darius V\u00e2lcov"},"content":{"rendered":"<div class=\"entry data-app-meta data-app-meta-article\" data-embed-base-url-canonical=\"https:\/\/www.digi24.ro\/embed\/stiri\/actualitate\/politica\/alina-gorghiu-victor-ponta-ar-trebui-sa-i-solicite-demisia-de-onoare-lui-darius-valcov-370781\">\n<p data-index=\"1\"><img decoding=\"async\" src=\"https:\/\/analyse.optim.biz\/wp-content\/uploads\/2024\/09\/cgcmdz04mdamagfzad02nmnjntayogu4m2u1nmu3zwmymwe0nduxntawnzuwnw-thumb_.jpg\" data-skip-htmlfix=\"1\" title=\"cgcmdz04mdamagfzad02nmnjntayogu4m2u1nmu3zwmymwe0nduxntawnzuwnw-thumb_\"><\/p>\n<p data-index=\"2\">\u201e<strong>Calitatea de urm\u0103rit penal \u00eentr-un dosar de corup\u0163ie \u00eel oblig\u0103 pe ministrul Finan\u0163elor, dl Darius V\u00e2lcov, s\u0103 demisioneze din Guvern.<\/strong> Ca jurist, respect prezum\u0163ia de nevinov\u0103\u0163ie, care i se aplic\u0103 \u015fi domniei sale. Ca cet\u0103\u0163ean al Rom\u00e2niei, am renun\u0163at s\u0103 mai acord prezum\u0163ia de competen\u0163\u0103 mini\u015ftrilor din cabinetul Ponta, dar \u00eemi doresc ca finan\u0163ele \u0163\u0103rii s\u0103 fie gestionate de o persoan\u0103 a c\u0103rei integritate nu este atins\u0103 de nicio suspiciune de corup\u0163ie\u201d, a scris, s\u00e2mb\u0103t\u0103, pe Facebook, liderul liberalilor\u00a0Alina Gorghiu, noteaz\u0103 Mediafax.<\/p>\n<p data-index=\"3\">Aceasta reaminte\u015fte c\u0103, \u00een raportul MCV din anul 2013, se men\u0163ioneaz\u0103 c\u0103 este \u201eesen\u0163ial pentru credibilitatea unui guvern ca persoanele care \u00eendeplinesc func\u0163ii ministeriale s\u0103 se bucure de \u00eencrederea publicului\u201d.<\/p>\n<p data-index=\"4\">Totodat\u0103, Alina Gorghiu puncteaz\u0103 faptul c\u0103 ministrul de Finan\u0163e este reprezentantul Rom\u00e2niei \u00een rela\u0163ia cu creditorii externi.<\/p>\n<div id=\"zc_site_640x160_adtext\" dir=\"LTR\">\n<p data-index=\"5\"><strong>Co-pre\u015fedintele PNL \u00eel acuz\u0103 pe\u00a0Victor Ponta\u00a0c\u0103 nu observ\u0103 \u201eelefantul din buc\u0103t\u0103rie\u201d \u015fi \u00een loc s\u0103-i cear\u0103 demisia de onoare lui V\u00e2lcov, laud\u0103 contribu\u0163ia acestuia la Codul fiscal<\/strong>.<\/p>\n<\/div>\n<p data-index=\"6\">\u201ePremierul Ponta declara, \u00een decembrie, anul trecut, c\u0103 at\u00e2t el, c\u00e2t \u015fi mini\u015ftrii s\u0103i s-ar retrage din Guvern \u00een cazul \u00een care ar fi urm\u0103ri\u0163i penal. <strong>Ast\u0103zi, c\u00e2nd ar trebui s\u0103-i solicite demisia de onoare lui Darius V\u00e2lcov, face o eschiv\u0103 jenant\u0103 de la subiect.<\/strong> Ca \u015fi cum n-ar observa elefantul din sufragerie,<a href=\"https:\/\/www.digi24.ro\/Stiri\/Digi24\/Actualitate\/Politica\/Victor+Ponta+Darius+Valcov+va+continua+sa+aiba+un+rol+determinan\" target=\"_blank\" data-skip-linkfix=\"1\" rel=\"noopener\"> Ponta ne vorbe\u015fte despre contribu\u0163ia decisiv\u0103 a ministrului V\u00e2lcov la Codul fiscal.<\/a> Un ministru urm\u0103rit penal nu mai poate avea dec\u00e2t o contribu\u0163ie negativ\u0103 la imaginea \u015fi credibilitatea Rom\u00e2niei&#8221;, sus\u0163ine Alina Gorghiu.<\/p>\n<\/div>\n<p> Source URL: https:\/\/www.digi24.ro\/stiri\/actualitate\/politica\/alina-gorghiu-victor-ponta-ar-trebui-sa-i-solicite-demisia-de-onoare-lui-darius-valcov-370781<\/p>\n","protected":false},"excerpt":{"rendered":"<p>\u201eCalitatea de urm\u0103rit penal \u00eentr-un dosar de corup\u0163ie \u00eel oblig\u0103 pe ministrul Finan\u0163elor, dl Darius V\u00e2lcov, s\u0103 demisioneze din Guvern. Ca jurist, respect prezum\u0163ia de nevinov\u0103\u0163ie, care i se aplic\u0103 \u015fi domniei sale. Ca cet\u0103\u0163ean al Rom\u00e2niei, am renun\u0163at s\u0103 mai acord prezum\u0163ia de competen\u0163\u0103 mini\u015ftrilor din cabinetul Ponta, dar \u00eemi doresc ca finan\u0163ele \u0163\u0103rii [&hellip;]<\/p>\n","protected":false},"author":1,"featured_media":185043,"comment_status":"open","ping_status":"","sticky":false,"template":"","format":"standard","meta":{"footnotes":""},"categories":[2],"tags":[11],"class_list":["post-185042","post","type-post","status-publish","format-standard","has-post-thumbnail","hentry","category-politics","tag-digi24"],"_links":{"self":[{"href":"https:\/\/analyse.optim.biz\/index.php?rest_route=\/wp\/v2\/posts\/185042","targetHints":{"allow":["GET"]}}],"collection":[{"href":"https:\/\/analyse.optim.biz\/index.php?rest_route=\/wp\/v2\/posts"}],"about":[{"href":"https:\/\/analyse.optim.biz\/index.php?rest_route=\/wp\/v2\/types\/post"}],"author":[{"embeddable":true,"href":"https:\/\/analyse.optim.biz\/index.php?rest_route=\/wp\/v2\/users\/1"}],"replies":[{"embeddable":true,"href":"https:\/\/analyse.optim.biz\/index.php?rest_route=%2Fwp%2Fv2%2Fcomments&post=185042"}],"version-history":[{"count":0,"href":"https:\/\/analyse.optim.biz\/index.php?rest_route=\/wp\/v2\/posts\/185042\/revisions"}],"wp:featuredmedia":[{"embeddable":true,"href":"https:\/\/analyse.optim.biz\/index.php?rest_route=\/wp\/v2\/media\/185043"}],"wp:attachment":[{"href":"https:\/\/analyse.optim.biz\/index.php?rest_route=%2Fwp%2Fv2%2Fmedia&parent=185042"}],"wp:term":[{"taxonomy":"category","embeddable":true,"href":"https:\/\/analyse.optim.biz\/index.php?rest_route=%2Fwp%2Fv2%2Fcategories&post=185042"},{"taxonomy":"post_tag","embeddable":true,"href":"https:\/\/analyse.optim.biz\/index.php?rest_route=%2Fwp%2Fv2%2Ftags&post=185042"}],"curies":[{"name":"wp","href":"https:\/\/api.w.org\/{rel}","templated":true}]}}