{"id":185031,"date":"2015-03-14T18:49:31","date_gmt":"2015-03-14T15:49:31","guid":{"rendered":"https:\/\/analyse.optim.biz\/?p=185031"},"modified":"2015-03-14T18:49:31","modified_gmt":"2015-03-14T15:49:31","slug":"cererile-lui-klaus-iohannis-ignorate-de-parlament","status":"publish","type":"post","link":"https:\/\/analyse.optim.biz\/?p=185031","title":{"rendered":"Cererile lui Klaus Iohannis, ignorate de Parlament"},"content":{"rendered":"<div class=\"entry data-app-meta data-app-meta-article\" data-embed-base-url-canonical=\"https:\/\/www.digi24.ro\/embed\/stiri\/actualitate\/politica\/cererile-lui-klaus-iohannis-ignorate-de-parlament-370790\">\n<p data-index=\"1\"><strong>Senatorii au blocat ancheta \u00een cazul lui Varujan Vosganian.<\/strong> Deputa\u0163ii au f\u0103cut la fel \u00een ceea ce-l prive\u015fte pe Laszlo Borbely. \u00cen plus, reforma electoral\u0103 vine cu m\u0103suri care duc Rom\u00e2nia cu zece ani \u00een urm\u0103: alegerea indirect\u0103 a \u015fefilor de Consilii Jude\u0163ene \u015fi alegerea parlamentarilor pe liste impuse de partide. <strong>C\u00e2t despre votul prin coresponden\u0163\u0103, deocamdat\u0103 nu a fost f\u0103cut niciun progres.<\/strong><\/p>\n<p data-index=\"2\"><strong>Primul mare test a fost picat cu brio la doar c\u00e2teva s\u0103pt\u0103m\u00e2ni dup\u0103 ce liderii de partide b\u0103tuser\u0103 palma cu pre\u015fedintele.<\/strong> Senatorii au votat, din nou, \u00eempotriva \u00eenceperii urm\u0103ririi penale a unuia dintre ei: Varujan Vosganian. Pre\u015fedintele a reac\u0163ionat pe Facebook.<\/p>\n<p data-index=\"3\">\u201e<strong>M\u0103 a\u015fteptam ca Senatul s\u0103 \u00eencuviin\u0163eze cererea DNA<\/strong> de \u00eencepere a urm\u0103ririi penale \u00een cazul senatorului PNL Varujan Vosganian. Votul senatorilor arat\u0103 c\u0103 nu s-a \u00een\u0163eles \u00eenc\u0103 pe deplin necesitatea schimb\u0103rii pentru care am pledat at\u00e2t la consult\u0103rile cu partidele politice parlamentare, c\u00e2t \u015fi \u00een recentul discurs \u0163inut \u00een plenul Parlamentului\u201d, a scris Klaus Iohannis.<\/p>\n<p data-index=\"4\"><strong>Mustrarea \u015fefului statului nu a st\u00e2rnit nicio emo\u0163ie. Deputa\u0163ii au procedat identic cu senatorii o lun\u0103 mai t\u00e2rziu, \u00een cazul lui Laszlo Borbely. Pre\u015fedintele nu a mai vrut s\u0103 reac\u0163ioneze.<\/strong><\/p>\n<p data-index=\"5\"><strong>Nici modificarea Codului electoral nu seam\u0103n\u0103 cu o reform\u0103,<\/strong> ci cu o \u00eentoarcere \u00een timp. R\u0103zboiul lui Victor Ponta cu greii PSD din teritoriu a provocat schimb\u0103ri importante ale legisla\u021biei electorale. \u015eefii de Consilii jude\u0163ene, de pild\u0103, nu vor mai fi ale\u015fi direct, de c\u0103tre cet\u0103\u0163eni, ci indirect, de consilieri. Un sistem de vot aplicat \u00een Rom\u00e2nia post-decembrist\u0103 p\u00e2n\u0103 \u00een 2008, \u015fi eliminat tocmai pentru c\u0103 \u015fefii Consiliilor Judetene erau controla\u021bi vizibil de partidele lor.<\/p>\n<p data-index=\"6\"><strong>C\u00e2t despre votul prin coresponden\u0163\u0103, destinat diasporei, politicienii nu au mi\u015fcat un deget \u00een ciuda promisiunilor.<\/strong> Un parlamentar a \u00eencercat imediat dup\u0103 alegeri s\u0103 aduc\u0103 \u00een discu\u0163ie un proiect de lege \u00een acest sens. \u00cen replic\u0103, a fost luat \u00een r\u00e2s de pre\u015fedintele Camerei Deputa\u0163ilor.<\/p>\n<p data-index=\"7\">\u201e<strong>Ne place s\u0103 fim frumo\u015fi la televizor.<\/strong> Voturile pentru alegerile preziden\u0163iale sunt peste cinci ani. Nu putem s\u0103 repar\u0103m gre\u015feala din noiembrie. S\u0103 venim la microfon, s\u0103 mu\u015fc\u0103m microfonul \u015fi s\u0103 spunem numai tr\u0103sn\u0103i\u201d, a spus Valeriu Zgonea. De atunci \u015fi p\u00e2n\u0103 acum, niciun alt parlamentar nu a mai spus \u00eens\u0103 absolut nimic pe tema votului rom\u00e2nilor din str\u0103in\u0103tate. Nici m\u0103car tr\u0103sn\u0103i.<\/p>\n<\/div>\n<p> Source URL: https:\/\/www.digi24.ro\/stiri\/actualitate\/politica\/cererile-lui-klaus-iohannis-ignorate-de-parlament-370790<\/p>\n","protected":false},"excerpt":{"rendered":"<p>Senatorii au blocat ancheta \u00een cazul lui Varujan Vosganian. Deputa\u0163ii au f\u0103cut la fel \u00een ceea ce-l prive\u015fte pe Laszlo Borbely. \u00cen plus, reforma electoral\u0103 vine cu m\u0103suri care duc Rom\u00e2nia cu zece ani \u00een urm\u0103: alegerea indirect\u0103 a \u015fefilor de Consilii Jude\u0163ene \u015fi alegerea parlamentarilor pe liste impuse de partide. C\u00e2t despre votul prin [&hellip;]<\/p>\n","protected":false},"author":1,"featured_media":185032,"comment_status":"open","ping_status":"","sticky":false,"template":"","format":"standard","meta":{"footnotes":""},"categories":[2],"tags":[11],"class_list":["post-185031","post","type-post","status-publish","format-standard","has-post-thumbnail","hentry","category-politics","tag-digi24"],"_links":{"self":[{"href":"https:\/\/analyse.optim.biz\/index.php?rest_route=\/wp\/v2\/posts\/185031","targetHints":{"allow":["GET"]}}],"collection":[{"href":"https:\/\/analyse.optim.biz\/index.php?rest_route=\/wp\/v2\/posts"}],"about":[{"href":"https:\/\/analyse.optim.biz\/index.php?rest_route=\/wp\/v2\/types\/post"}],"author":[{"embeddable":true,"href":"https:\/\/analyse.optim.biz\/index.php?rest_route=\/wp\/v2\/users\/1"}],"replies":[{"embeddable":true,"href":"https:\/\/analyse.optim.biz\/index.php?rest_route=%2Fwp%2Fv2%2Fcomments&post=185031"}],"version-history":[{"count":0,"href":"https:\/\/analyse.optim.biz\/index.php?rest_route=\/wp\/v2\/posts\/185031\/revisions"}],"wp:featuredmedia":[{"embeddable":true,"href":"https:\/\/analyse.optim.biz\/index.php?rest_route=\/wp\/v2\/media\/185032"}],"wp:attachment":[{"href":"https:\/\/analyse.optim.biz\/index.php?rest_route=%2Fwp%2Fv2%2Fmedia&parent=185031"}],"wp:term":[{"taxonomy":"category","embeddable":true,"href":"https:\/\/analyse.optim.biz\/index.php?rest_route=%2Fwp%2Fv2%2Fcategories&post=185031"},{"taxonomy":"post_tag","embeddable":true,"href":"https:\/\/analyse.optim.biz\/index.php?rest_route=%2Fwp%2Fv2%2Ftags&post=185031"}],"curies":[{"name":"wp","href":"https:\/\/api.w.org\/{rel}","templated":true}]}}