{"id":1850309,"date":"2026-03-27T09:31:48","date_gmt":"2026-03-27T06:31:48","guid":{"rendered":"https:\/\/analyse.optim.biz\/?p=1850309"},"modified":"2026-03-27T09:31:48","modified_gmt":"2026-03-27T06:31:48","slug":"amenda-de-25-500-de-lei-pentru-un-magazin-de-la-tara","status":"publish","type":"post","link":"https:\/\/analyse.optim.biz\/?p=1850309","title":{"rendered":"Amend\u0103 de 25.500 de lei pentru un magazin de la \u021bar\u0103"},"content":{"rendered":"<p>[analyse_image type=&#8221;featured&#8221; src=&#8221;https:\/\/www.buzau.net\/stiri-din-buzau\/wp-content\/uploads\/2026\/03\/magazin-tara_sgr.jpg&#8221;]<\/p>\n<div id=\"mvp-content-main\" class=\"left relative\">\n<p>Un magazin din comuna Scutelnici a fost sanc\u021bionat cu amenzi \u00een valoare total\u0103 de 25.500 de lei, \u00een urma unui control efectuat de comisarii din cadrul Garda de Mediu Buz\u0103u, ca urmare a unei sesiz\u0103ri primite din partea unei persoane.<\/p>\n<p>\u00cen timpul verific\u0103rilor, comisarii au constatat mai multe neconformit\u0103\u021bi privind modul de gestionare a de\u0219eurilor \u0219i respectarea obliga\u021biilor legale de eviden\u021b\u0103 a acestora. Potrivit reprezentan\u021bilor institu\u021biei, operatorul economic nu \u021binea eviden\u021ba ambalajelor supuse sistemului de garan\u021bie-returnare \u0219i nu utiliza aplica\u021bia informatic\u0103 pus\u0103 la dispozi\u021bie pentru raportarea acestora.<\/p>\n<p>De asemenea, societatea nu a putut prezenta formularele de transport pentru de\u0219eurile generate \u0219i nu \u021binea eviden\u021ba gestiunii de\u0219eurilor, a\u0219a cum prevede legisla\u021bia \u00een vigoare.<\/p>\n<p>\u00cen urma neregulilor constatate, comisarii G\u0103rzii de Mediu au aplicat sanc\u021biuni contraven\u021bionale \u00een valoare total\u0103 de 25.500 de lei \u0219i au impus m\u0103suri pentru remedierea deficien\u021belor identificate.<\/p>\n<p>Reprezentan\u021bii institu\u021biei atrag aten\u021bia operatorilor economici asupra obliga\u021biei de a respecta prevederile legale privind gestionarea de\u0219eurilor \u0219i eviden\u021ba acestora, pentru evitarea sanc\u021biunilor.<\/p>\n<p><strong>Garda de Mediu Buz\u0103u:<\/strong><br \/><em>\u260e\ufe0f Urmare a unei sesiz\u0103ri cu privire la faptul c\u0103 \u201eo societate de pe raza comunei Scutelnici, jude\u021bul Buz\u0103u nu de\u021bine contract cu RetuRO pentru SGR, de\u0219i comercializeaz\u0103 produse supuse acestui sistem \u0219i depozitarea necorespunz\u0103toare a de\u0219eurilor\u201d, o echip\u0103 de comisari din cadrul G.N.M. \u2013 C.J. Buz\u0103u a efectuat un control neplanificat la loca\u021bia sesizat\u0103, unde s-au constatat neconformit\u0103\u021bi privind gestionarea de\u0219eurilor \u0219i aplicarea Sistemului de Garan\u021bie-Returnare (SGR):<\/em><br \/><em>\u274c\ufe0fagentul economic nu \u021binea eviden\u021ba ambalajelor care fac obiectul SGR a\u0219a cum este solicitat\u0103 prin art. 6, alin. (1), lit. m) din HG nr. 1074\/2021 privind stabilirea sistemului de garan\u021bie-returnare pentru ambalaje primare nereutilizabile \u0219i nici nu a fost transmis\u0103 la RETURO;<\/em><br \/><em>\u274c\ufe0foperatorul economic nu utiliza pentru raportarea ambalajelor care fac obiectul SGR \u0219i a garan\u021biilor aferente acestora, programul informatic pus la dispozi\u021bie online de c\u0103tre administratorul SGR, \u00eenc\u0103lc\u00e2nd astfel prevederile art.6, alin.(1), lit.l) din HG nr.1074\/2021 privind stabilirea sistemului de garan\u021bie-returnare pentru ambalaje primare nereutilizabile.<\/em><br \/><em>\u274c\ufe0fsocietatea nu a putut pune la dispozi\u021bia echipei de control formularele de transport pentru de\u0219eurile generate, conform prevederilor art.22, alin.(2) din HG nr.1061\/2008 privind transportul de\u0219eurilor periculoase \u0219i nepericuloase pe teritoriul Rom\u00e2niei;<\/em><br \/><em>\u274c\ufe0fsocietatea nu \u021bine eviden\u021ba gestiunii de\u0219eurilor generate, \u00een conformitate cu prevederile art.1, alin.(1) din HG nr. 856\/2002 privind eviden\u021ba gestiunii de\u0219eurilor.<\/em><br \/><em>\ud83d\udccc M\u0103suri:<\/em><br \/><em>Au fost impuse m\u0103suri de remediere a deficien\u021belor constatate.<\/em><br \/><em>\ud83d\udce2 \u00cen urma celor constatate, au fost aplicate sanc\u021biuni contraven\u021bionale \u2013 amenzi \u00een valoare de 25.500 de lei \u00een conformitate cu prevederile art.25, alin.(3), lit.a din HG nr.1074\/2021 privind stabilirea sistemului de garan\u021bie-returnare pentru ambalaje primare nereutilizabile, art.9, lit.a din HG nr. 856\/2002 privind gestiunea de\u0219eurilor \u0219i art. 25, alin.(2), lit.c din HG nr.1061\/2008 privind transportul de\u0219eurilor periculoase \u0219i nepericuloase pe teritoriul Rom\u00e2niei.<\/em><br \/><em>Comisar \u0219ef,<\/em><br \/><em>Carmen Adriana ICHIM<\/em><\/p>\n<iframe loading=\"lazy\" src=\"https:\/\/www.facebook.com\/plugins\/post.php?href=https%3A%2F%2Fwww.facebook.com%2Fpermalink.php%3Fstory_fbid%3Dpfbid0AbBZYTHYsonDAir7zt3u9Dk2Ls2x9Avhq68w3gK5KKED32Ur3X8q6kUcaBNFprETl%26id%3D100068918961823&amp;show_text=true&amp;width=500\" width=\"500\" height=\"538\" frameborder scrolling=\"no\" allowfullscreen=\"allowfullscreen\"><\/iframe>\n<div class=\"heateor_sss_sharing_container heateor_sss_horizontal_sharing\" data-heateor-sss-href=\"https:\/\/www.buzau.net\/stiri-din-buzau\/amenda-de-25-500-de-lei-pentru-un-magazin-de-la-tara\/\">\n<div class=\"heateor_sss_sharing_title\">DISTRIBUIE ACEST ARTICOL<\/div>\n<\/div>\n<\/div>\n<p>[analyse_source url=&#8221;https:\/\/www.buzau.net\/stiri-din-buzau\/amenda-de-25-500-de-lei-pentru-un-magazin-de-la-tara\/&#8221;]<\/p>\n","protected":false},"excerpt":{"rendered":"<p>[analyse_image type=&#8221;featured&#8221; src=&#8221;https:\/\/www.buzau.net\/stiri-din-buzau\/wp-content\/uploads\/2026\/03\/magazin-tara_sgr.jpg&#8221;] Un magazin din comuna Scutelnici a fost sanc\u021bionat cu amenzi \u00een valoare total\u0103 de 25.500 de lei, \u00een urma unui control efectuat de comisarii din cadrul Garda de Mediu Buz\u0103u, ca urmare a unei sesiz\u0103ri primite din partea unei persoane. \u00cen timpul verific\u0103rilor, comisarii au constatat mai multe neconformit\u0103\u021bi privind modul de [&hellip;]<\/p>\n","protected":false},"author":1,"featured_media":0,"comment_status":"open","ping_status":"","sticky":false,"template":"","format":"standard","meta":{"footnotes":""},"categories":[2],"tags":[113,226],"class_list":["post-1850309","post","type-post","status-publish","format-standard","hentry","category-politics","tag-buzau-net","tag-crawlmanager"],"_links":{"self":[{"href":"https:\/\/analyse.optim.biz\/index.php?rest_route=\/wp\/v2\/posts\/1850309","targetHints":{"allow":["GET"]}}],"collection":[{"href":"https:\/\/analyse.optim.biz\/index.php?rest_route=\/wp\/v2\/posts"}],"about":[{"href":"https:\/\/analyse.optim.biz\/index.php?rest_route=\/wp\/v2\/types\/post"}],"author":[{"embeddable":true,"href":"https:\/\/analyse.optim.biz\/index.php?rest_route=\/wp\/v2\/users\/1"}],"replies":[{"embeddable":true,"href":"https:\/\/analyse.optim.biz\/index.php?rest_route=%2Fwp%2Fv2%2Fcomments&post=1850309"}],"version-history":[{"count":0,"href":"https:\/\/analyse.optim.biz\/index.php?rest_route=\/wp\/v2\/posts\/1850309\/revisions"}],"wp:attachment":[{"href":"https:\/\/analyse.optim.biz\/index.php?rest_route=%2Fwp%2Fv2%2Fmedia&parent=1850309"}],"wp:term":[{"taxonomy":"category","embeddable":true,"href":"https:\/\/analyse.optim.biz\/index.php?rest_route=%2Fwp%2Fv2%2Fcategories&post=1850309"},{"taxonomy":"post_tag","embeddable":true,"href":"https:\/\/analyse.optim.biz\/index.php?rest_route=%2Fwp%2Fv2%2Ftags&post=1850309"}],"curies":[{"name":"wp","href":"https:\/\/api.w.org\/{rel}","templated":true}]}}