{"id":1850305,"date":"2026-03-27T10:00:55","date_gmt":"2026-03-27T07:00:55","guid":{"rendered":"https:\/\/analyse.optim.biz\/?p=1850305"},"modified":"2026-03-27T10:00:55","modified_gmt":"2026-03-27T07:00:55","slug":"ora-pamantului-2026-la-buzau-concert-in-aer-liber-pe-platoul-dacia","status":"publish","type":"post","link":"https:\/\/analyse.optim.biz\/?p=1850305","title":{"rendered":"Ora P\u0103m\u00e2ntului 2026 la Buz\u0103u- Concert \u00een aer liber pe Platoul Dacia"},"content":{"rendered":"<p>[analyse_image type=&#8221;featured&#8221; src=&#8221;https:\/\/www.buzau.net\/stiri-din-buzau\/wp-content\/uploads\/2024\/09\/primaria-buzau.jpg&#8221;]<\/p>\n<div id=\"mvp-content-main\" class=\"left relative\">\n<p>S\u00e2mb\u0103t\u0103, 28 martie 2026, \u00eentre orele 20:30 \u0219i 21:30, municipiul Buz\u0103u marcheaz\u0103 Ora P\u0103m\u00e2ntului printr-un concert \u00een aer liber pe Platoul Dacia. Evenimentul este organizat de Corul Na\u021bional de Camer\u0103 \u201eMadrigal \u2013 Marin Constantin\u201d, prin Programul Na\u021bional Cantus Mundi, \u00een colaborare cu Prim\u0103ria Municipiului Buz\u0103u.<\/p>\n<p>\u00cen cadrul manifest\u0103rii, corul \u201eHappy Kids\u201d, al\u0103turi de elevi \u0219i participan\u021bi din re\u021beaua Cantus Mundi, vor interpreta \u00eempreun\u0103 un repertoriu de o or\u0103. Momentul muzical va fi condus de un coordonator local \u0219i de un reprezentant al Corului Na\u021bional de Camer\u0103 \u201eMadrigal \u2013 Marin Constantin\u201d.<\/p>\n<p>Programul Na\u021bional Cantus Mundi s-a al\u0103turat mi\u0219c\u0103rii interna\u021bionale Ora P\u0103m\u00e2ntului \u00een 2016, sub sloganul \u201eD\u0103ruie\u0219te naturii din energia ta!\u201d. La zece ani de la acel moment, mii de copii din re\u021beaua programului se reunesc pentru a c\u00e2nta la aceea\u0219i or\u0103, trimi\u021b\u00e2nd un mesaj de solidaritate \u0219i armonie cu planeta.<\/p>\n<p>Organizatorii invit\u0103 publicul buzoian s\u0103 se al\u0103ture concertului de pe Platoul Dacia, \u00eencep\u00e2nd cu ora 20:30, pentru a asculta \u0219i a c\u00e2nta \u00eempreun\u0103 cu copiii cele mai frumoase c\u00e2ntece, \u00eentr-un gest comun de sus\u021binere a cauzei ecologice.<\/p>\n<div class=\"heateor_sss_sharing_container heateor_sss_horizontal_sharing\" data-heateor-sss-href=\"https:\/\/www.buzau.net\/stiri-din-buzau\/ora-pamantului-2026-la-buzau-concert-in-aer-liber-pe-platoul-dacia\/\">\n<div class=\"heateor_sss_sharing_title\">DISTRIBUIE ACEST ARTICOL<\/div>\n<\/div>\n<\/div>\n<p>[analyse_source url=&#8221;https:\/\/www.buzau.net\/stiri-din-buzau\/ora-pamantului-2026-la-buzau-concert-in-aer-liber-pe-platoul-dacia\/&#8221;]<\/p>\n","protected":false},"excerpt":{"rendered":"<p>[analyse_image type=&#8221;featured&#8221; src=&#8221;https:\/\/www.buzau.net\/stiri-din-buzau\/wp-content\/uploads\/2024\/09\/primaria-buzau.jpg&#8221;] S\u00e2mb\u0103t\u0103, 28 martie 2026, \u00eentre orele 20:30 \u0219i 21:30, municipiul Buz\u0103u marcheaz\u0103 Ora P\u0103m\u00e2ntului printr-un concert \u00een aer liber pe Platoul Dacia. Evenimentul este organizat de Corul Na\u021bional de Camer\u0103 \u201eMadrigal \u2013 Marin Constantin\u201d, prin Programul Na\u021bional Cantus Mundi, \u00een colaborare cu Prim\u0103ria Municipiului Buz\u0103u. \u00cen cadrul manifest\u0103rii, corul \u201eHappy Kids\u201d, al\u0103turi [&hellip;]<\/p>\n","protected":false},"author":1,"featured_media":0,"comment_status":"open","ping_status":"","sticky":false,"template":"","format":"standard","meta":{"footnotes":""},"categories":[2],"tags":[113,226],"class_list":["post-1850305","post","type-post","status-publish","format-standard","hentry","category-politics","tag-buzau-net","tag-crawlmanager"],"_links":{"self":[{"href":"https:\/\/analyse.optim.biz\/index.php?rest_route=\/wp\/v2\/posts\/1850305","targetHints":{"allow":["GET"]}}],"collection":[{"href":"https:\/\/analyse.optim.biz\/index.php?rest_route=\/wp\/v2\/posts"}],"about":[{"href":"https:\/\/analyse.optim.biz\/index.php?rest_route=\/wp\/v2\/types\/post"}],"author":[{"embeddable":true,"href":"https:\/\/analyse.optim.biz\/index.php?rest_route=\/wp\/v2\/users\/1"}],"replies":[{"embeddable":true,"href":"https:\/\/analyse.optim.biz\/index.php?rest_route=%2Fwp%2Fv2%2Fcomments&post=1850305"}],"version-history":[{"count":0,"href":"https:\/\/analyse.optim.biz\/index.php?rest_route=\/wp\/v2\/posts\/1850305\/revisions"}],"wp:attachment":[{"href":"https:\/\/analyse.optim.biz\/index.php?rest_route=%2Fwp%2Fv2%2Fmedia&parent=1850305"}],"wp:term":[{"taxonomy":"category","embeddable":true,"href":"https:\/\/analyse.optim.biz\/index.php?rest_route=%2Fwp%2Fv2%2Fcategories&post=1850305"},{"taxonomy":"post_tag","embeddable":true,"href":"https:\/\/analyse.optim.biz\/index.php?rest_route=%2Fwp%2Fv2%2Ftags&post=1850305"}],"curies":[{"name":"wp","href":"https:\/\/api.w.org\/{rel}","templated":true}]}}