{"id":185028,"date":"2015-03-14T19:15:58","date_gmt":"2015-03-14T16:15:58","guid":{"rendered":"https:\/\/analyse.optim.biz\/?p=185028"},"modified":"2015-03-14T19:15:58","modified_gmt":"2015-03-14T16:15:58","slug":"darius-valcov-nu-am-demisionat","status":"publish","type":"post","link":"https:\/\/analyse.optim.biz\/?p=185028","title":{"rendered":"Darius V\u00e2lcov: Nu am demisionat"},"content":{"rendered":"<div class=\"entry data-app-meta data-app-meta-article\" data-embed-base-url-canonical=\"https:\/\/www.digi24.ro\/embed\/stiri\/actualitate\/politica\/darius-valcov-nu-am-demisionat-370800\">\n<p data-index=\"1\">\u00a0<img decoding=\"async\" src=\"https:\/\/analyse.optim.biz\/wp-content\/uploads\/2024\/09\/lmpwzyz3ptgwmczoyxnoptljzgnlymrmzgm0nwrlnjizmtflngq1ymm3ywjjzdu0-thumb_.jpg\" data-skip-htmlfix=\"1\" title=\"lmpwzyz3ptgwmczoyxnoptljzgnlymrmzgm0nwrlnjizmtflngq1ymm3ywjjzdu0-thumb_\"><\/p>\n<p data-index=\"2\">\u201e<span>Nu am demisionat\u201d, a spus V\u00e2lcov. <\/span>\u00cen cursul zilei de s\u00e2mb\u0103t\u0103, dup\u0103 ce Darius V\u00e2lcov a fost audiat, vineri seara, de c\u0103tre procurorii Direc\u0163iei Na\u0163ionale Anticorup\u0163ie (DNA) \u00een calitate de suspect, \u00een spa\u0163iul public au ap\u0103rut informa\u0163ii c\u0103 acesta ar fi demisionat din postul de ministru. \u00cen acela\u015fi timp, mai mul\u0163i comentatori politici au apreciat c\u0103 V\u00e2lcov ar trebui s\u0103 demisioneze.<\/p>\n<p data-index=\"3\"><a href=\"https:\/\/www.digi24.ro\/Stiri\/Digi24\/Actualitate\/Politica\/Alina+Gorghiu+Victor+Ponta+ar+trebui+sa-i+solicite+demisia+de+on\" target=\"_blank\" data-skip-linkfix=\"1\" rel=\"noopener\">Tot s\u00e2mb\u0103t\u0103, co-pre\u015fedintele PNL\u00a0Alina Gorghiu\u00a0a scris, pe Facebook, c\u0103 premierul Victor Ponta ar trebui s\u0103-i solicite demisia de onoare ministrului Finan\u0163elor,<\/a> Darius V\u00e2lcov, \u00eentruc\u00e2t un membru al Executivului urm\u0103rit penal nu poate avea dec\u00e2t o contribu\u0163ie negativ\u0103 la imaginea Rom\u00e2niei.<\/p>\n<p data-index=\"4\"><a href=\"https:\/\/www.digi24.ro\/Stiri\/Digi24\/Actualitate\/Justitie\/Darius+Valcov+la+DNA\" target=\"_blank\" data-skip-linkfix=\"1\" rel=\"noopener\"><span>Ministrul Finan\u021belor a fost pus sub acuzare pentru trafic de influen\u0163\u0103. C. T. Popescu: \u201eAr trebui s\u0103-\u0219i dea demisia!\u201d<\/span><\/a><\/p>\n<p data-index=\"5\"><a href=\"https:\/\/www.digi24.ro\/Stiri\/Digi24\/Actualitate\/Stiri\/Cazul+Darius+Valcov+in+presa+straina\" target=\"_blank\" data-skip-linkfix=\"1\" rel=\"noopener\"><span>Cazul Darius V\u00e2lcov, \u00een presa str\u0103in\u0103<\/span><\/a><\/p>\n<p data-index=\"6\">Vestea c\u0103 \u00eenc\u0103 un oficial de rang \u00eenalt din Rom\u00e2nia este investigat pentru corup\u0163ie a ajuns rapid \u00een presa interna\u0163ional\u0103. Marile agen\u0163ii de pres\u0103 scriu pe larg despre dosarul \u00een care ministrul rom\u00e2n de Finan\u0163e este acuzat de trafic de influen\u0163\u0103 \u015fi luare de mit\u0103.<strong> Jurnali\u015ftii str\u0103ini se \u00eentreab\u0103 \u00een acest context care va fi soarta negocierilor cu Fondul Monetar Interna\u0163ional, programate pentru luna aprilie, dac\u0103 Darius V\u00e2lcov va r\u0103m\u00e2ne \u00een fruntea Ministerului de Finan\u0163e.<\/strong><\/p>\n<\/div>\n<p> Source URL: https:\/\/www.digi24.ro\/stiri\/actualitate\/politica\/darius-valcov-nu-am-demisionat-370800<\/p>\n","protected":false},"excerpt":{"rendered":"<p>\u00a0 \u201eNu am demisionat\u201d, a spus V\u00e2lcov. \u00cen cursul zilei de s\u00e2mb\u0103t\u0103, dup\u0103 ce Darius V\u00e2lcov a fost audiat, vineri seara, de c\u0103tre procurorii Direc\u0163iei Na\u0163ionale Anticorup\u0163ie (DNA) \u00een calitate de suspect, \u00een spa\u0163iul public au ap\u0103rut informa\u0163ii c\u0103 acesta ar fi demisionat din postul de ministru. \u00cen acela\u015fi timp, mai mul\u0163i comentatori politici au [&hellip;]<\/p>\n","protected":false},"author":1,"featured_media":185029,"comment_status":"open","ping_status":"","sticky":false,"template":"","format":"standard","meta":{"footnotes":""},"categories":[2],"tags":[11],"class_list":["post-185028","post","type-post","status-publish","format-standard","has-post-thumbnail","hentry","category-politics","tag-digi24"],"_links":{"self":[{"href":"https:\/\/analyse.optim.biz\/index.php?rest_route=\/wp\/v2\/posts\/185028","targetHints":{"allow":["GET"]}}],"collection":[{"href":"https:\/\/analyse.optim.biz\/index.php?rest_route=\/wp\/v2\/posts"}],"about":[{"href":"https:\/\/analyse.optim.biz\/index.php?rest_route=\/wp\/v2\/types\/post"}],"author":[{"embeddable":true,"href":"https:\/\/analyse.optim.biz\/index.php?rest_route=\/wp\/v2\/users\/1"}],"replies":[{"embeddable":true,"href":"https:\/\/analyse.optim.biz\/index.php?rest_route=%2Fwp%2Fv2%2Fcomments&post=185028"}],"version-history":[{"count":0,"href":"https:\/\/analyse.optim.biz\/index.php?rest_route=\/wp\/v2\/posts\/185028\/revisions"}],"wp:featuredmedia":[{"embeddable":true,"href":"https:\/\/analyse.optim.biz\/index.php?rest_route=\/wp\/v2\/media\/185029"}],"wp:attachment":[{"href":"https:\/\/analyse.optim.biz\/index.php?rest_route=%2Fwp%2Fv2%2Fmedia&parent=185028"}],"wp:term":[{"taxonomy":"category","embeddable":true,"href":"https:\/\/analyse.optim.biz\/index.php?rest_route=%2Fwp%2Fv2%2Fcategories&post=185028"},{"taxonomy":"post_tag","embeddable":true,"href":"https:\/\/analyse.optim.biz\/index.php?rest_route=%2Fwp%2Fv2%2Ftags&post=185028"}],"curies":[{"name":"wp","href":"https:\/\/api.w.org\/{rel}","templated":true}]}}