{"id":185025,"date":"2015-03-14T21:15:18","date_gmt":"2015-03-14T18:15:18","guid":{"rendered":"https:\/\/analyse.optim.biz\/?p=185025"},"modified":"2015-03-14T21:15:18","modified_gmt":"2015-03-14T18:15:18","slug":"ludovic-orban-victor-ponta-a-castigat-miliarde-ca-partener-al-lui-dan-sova","status":"publish","type":"post","link":"https:\/\/analyse.optim.biz\/?p=185025","title":{"rendered":"Ludovic Orban: Victor Ponta a c\u00e2\u0219tigat miliarde ca partener al lui Dan \u0218ova\u00a0"},"content":{"rendered":"<div class=\"entry data-app-meta data-app-meta-article\" data-embed-base-url-canonical=\"https:\/\/www.digi24.ro\/embed\/stiri\/actualitate\/politica\/ludovic-orban-victor-ponta-a-castigat-miliarde-ca-partener-al-lui-dan-sova-370815\">\n<p data-index=\"1\"><img decoding=\"async\" src=\"https:\/\/analyse.optim.biz\/wp-content\/uploads\/2024\/09\/zyz3ptgwmczoyxnopwrknzm1nddhmwyzzjg4n2vkmmyynzi4mge3njkwndm3-thumb_.jpg\" data-skip-htmlfix=\"1\" title=\"zyz3ptgwmczoyxnopwrknzm1nddhmwyzzjg4n2vkmmyynzi4mge3njkwndm3-thumb_\"><\/p>\n<p data-index=\"2\">Prezent, s\u00e2mb\u0103t\u0103, la Sinaia, \u00een jude\u0163ul Prahova, unde a participat la \u015ecoala Politic\u0103 a femeilor liberale,\u00a0Ludovic Orban\u00a0a afirmat, \u00eentr-o declara\u0163ie dat\u0103 jurnali\u015ftilor, c\u0103\u00a0Victor Ponta\u00a0a fost \u201eun beneficiar\u201d de pe urma rela\u0163iei pe care o are cu Dan \u015eova \u015fi c\u0103 premierul a c\u00e2\u015ftigat miliarde de lei ca <a href=\"https:\/\/www.digi24.ro\/Stiri\/Digi24\/Actualitate\/Justitie\/DNA+cere+incuviintarea+retinerii+si+arestarii+lui+Dan+Sova\" target=\"_blank\" data-skip-linkfix=\"1\" rel=\"noopener\">partener al lui \u015eova \u00een perioada c\u00e2nd cabinetul de avocatur\u0103 al acestuia avea contracte cu complexurile energetice.<\/a><\/p>\n<p data-index=\"3\">\u201e<strong>\u00cen privin\u0163a lui \u015eova, ce s\u0103 fac\u0103 domnul Ponta cu \u015eova at\u00e2ta timp c\u00e2t a fost un beneficiar de pe urma rela\u0163iei cu \u015eova<\/strong> c\u00e2\u015ftig\u00e2nd vreo patru miliarde jumate \u00een 2007 \u015fi \u015fapte miliarde patru sute de milioane \u00een 2008 \u00een pozi\u0163ia de <em>senior partner<\/em> la firma lui \u015eova exact \u00een perioada \u00een care domnul \u015eova avea contracte la complexurile energetice\u201d, a spus Ludovic Orban, scrie Mediafax.\u00a0<\/p>\n<p data-index=\"4\"><strong>\u00centrebat care va fi atitudinea PNL dac\u0103 se va solicita un aviz din partea procurorilor \u00een ceea ce \u00eel prive\u015fte pe senatorul Dan \u015eova, Orban a spus c\u0103 PNL va avea \u201epozi\u0163ia constant\u0103 \u00een favoarea demersurilor care sunt f\u0103cute de justi\u0163ie\u201d.<\/strong><\/p>\n<p data-index=\"5\">\u201e<strong>Noi nu \u00eempiedic\u0103m \u00eenf\u0103ptuirea justi\u0163iei.<\/strong> Orice parlamentar, orice ministru care este cercetat penal, noi nu \u00eempiedic\u0103m \u00een Parlament derularea anchetei penale. Avem convingerea c\u0103 instan\u0163ele de judecat\u0103 sunt cele care trebuie s\u0103 hot\u0103rasc\u0103 cu privire la vinov\u0103\u0163ia \u015fi nevinov\u0103\u0163ia unui cet\u0103\u0163ean\u201d<span>, a spus Orban.<\/span><\/p>\n<p data-index=\"6\"><a href=\"https:\/\/www.digi24.ro\/Stiri\/Digi24\/Actualitate\/Justitie\/DNA+cere+incuviintarea+retinerii+si+arestarii+lui+Dan+Sova\" target=\"_blank\" data-skip-linkfix=\"1\" rel=\"noopener\"><span>DNA cere aviz pentru arestarea lui Dan \u015eova. Reac\u021bia lui Victor Ponta<\/span><\/a><\/p>\n<\/div>\n<p> Source URL: https:\/\/www.digi24.ro\/stiri\/actualitate\/politica\/ludovic-orban-victor-ponta-a-castigat-miliarde-ca-partener-al-lui-dan-sova-370815<\/p>\n","protected":false},"excerpt":{"rendered":"<p>Prezent, s\u00e2mb\u0103t\u0103, la Sinaia, \u00een jude\u0163ul Prahova, unde a participat la \u015ecoala Politic\u0103 a femeilor liberale,\u00a0Ludovic Orban\u00a0a afirmat, \u00eentr-o declara\u0163ie dat\u0103 jurnali\u015ftilor, c\u0103\u00a0Victor Ponta\u00a0a fost \u201eun beneficiar\u201d de pe urma rela\u0163iei pe care o are cu Dan \u015eova \u015fi c\u0103 premierul a c\u00e2\u015ftigat miliarde de lei ca partener al lui \u015eova \u00een perioada c\u00e2nd cabinetul [&hellip;]<\/p>\n","protected":false},"author":1,"featured_media":185026,"comment_status":"open","ping_status":"","sticky":false,"template":"","format":"standard","meta":{"footnotes":""},"categories":[2],"tags":[11],"class_list":["post-185025","post","type-post","status-publish","format-standard","has-post-thumbnail","hentry","category-politics","tag-digi24"],"_links":{"self":[{"href":"https:\/\/analyse.optim.biz\/index.php?rest_route=\/wp\/v2\/posts\/185025","targetHints":{"allow":["GET"]}}],"collection":[{"href":"https:\/\/analyse.optim.biz\/index.php?rest_route=\/wp\/v2\/posts"}],"about":[{"href":"https:\/\/analyse.optim.biz\/index.php?rest_route=\/wp\/v2\/types\/post"}],"author":[{"embeddable":true,"href":"https:\/\/analyse.optim.biz\/index.php?rest_route=\/wp\/v2\/users\/1"}],"replies":[{"embeddable":true,"href":"https:\/\/analyse.optim.biz\/index.php?rest_route=%2Fwp%2Fv2%2Fcomments&post=185025"}],"version-history":[{"count":0,"href":"https:\/\/analyse.optim.biz\/index.php?rest_route=\/wp\/v2\/posts\/185025\/revisions"}],"wp:featuredmedia":[{"embeddable":true,"href":"https:\/\/analyse.optim.biz\/index.php?rest_route=\/wp\/v2\/media\/185026"}],"wp:attachment":[{"href":"https:\/\/analyse.optim.biz\/index.php?rest_route=%2Fwp%2Fv2%2Fmedia&parent=185025"}],"wp:term":[{"taxonomy":"category","embeddable":true,"href":"https:\/\/analyse.optim.biz\/index.php?rest_route=%2Fwp%2Fv2%2Fcategories&post=185025"},{"taxonomy":"post_tag","embeddable":true,"href":"https:\/\/analyse.optim.biz\/index.php?rest_route=%2Fwp%2Fv2%2Ftags&post=185025"}],"curies":[{"name":"wp","href":"https:\/\/api.w.org\/{rel}","templated":true}]}}