{"id":1850054,"date":"2026-03-27T08:47:29","date_gmt":"2026-03-27T05:47:29","guid":{"rendered":"https:\/\/analyse.optim.biz\/?p=1850054"},"modified":"2026-03-27T08:47:29","modified_gmt":"2026-03-27T05:47:29","slug":"cod-galben-de-ploi-abundente-la-final-de-martie-la-munte-ninsori-si-strat-de-zapada","status":"publish","type":"post","link":"https:\/\/analyse.optim.biz\/?p=1850054","title":{"rendered":"Cod Galben de ploi abundente, la final de martie. La munte, ninsori \u0219i strat de z\u0103pad\u0103"},"content":{"rendered":"<p>[analyse_image type=&#8221;featured&#8221; src=&#8221;https:\/\/sansanews.ro\/wp-content\/uploads\/2026\/03\/cod-galben-1.pnghttps:\/\/sansanews.ro\/wp-content\/uploads\/2026\/03\/cod-galben-1.png&#8221;]<\/p>\n<div class=\"entry-content herald-entry-content\">\n<p><strong>Finalul lunii martie aduce un val de precipita\u021bii, v\u00e2nt intens \u0219i temperaturi \u00een sc\u0103dere. Jude\u021bul Buz\u0103u se va afla, la sf\u00e2r\u0219itul acestei s\u0103pt\u0103m\u00e2ni, sub inciden\u021ba unei avertiz\u0103ri Cod Galben de precipita\u021bii \u00eensemnate cantitativ.<\/strong><\/p>\n<p><strong>Avertizarea a intrat \u00een vigoare vineri, 27 martie, la ora 10.00 \u0219i va fi valabil\u0103 p\u00e2n\u0103 luni diminea\u021b\u0103, la aceea\u0219i or\u0103. \u00cen acest interval, \u00een jude\u021b sunt a\u0219teptate ploi abundente, \u00eenso\u021bite chiar \u0219i de tunete \u0219i fulgere. Pe crestele mun\u021bilor, <\/strong> la \u00eenceput \u00een Carpa\u021bii Meridionali, apoi \u0219i \u00een restul zonelor montane, <strong>precipita\u021biile se vor transforma \u00een lapovi\u021b\u0103 \u0219i ninsoare.<\/strong><\/p>\n<blockquote class=\"wp-block-quote\">\n<p>\u201c\u00cen intervalul men\u021bionat \u00een sudul Banatului, Oltenia, Muntenia, Dobrogea \u0219i \u00een cea mai mare parte a Moldovei va ploua \u00eensemnat cantitativ. Vor fi mai ales averse, \u00eenso\u021bite pe arii restr\u00e2nse de desc\u0103rc\u0103ri electrice \u00een dup\u0103-amiaza \u0219i seara zilei de vineri (27 martie) \u0219i pe parcursul zilei de s\u00e2mb\u0103t\u0103 (28 martie). La munte precipita\u021biile vor fi mixte, iar la altitudini mai mari de 1600 m, \u00een Carpa\u021bii Meridionali \u0219i Orientali va ninge, se va depune strat de z\u0103pad\u0103, local consistent, cu grosimi \u00een medie de 40\u202650 cm \u0219i va fi viscol. P\u00e2n\u0103 la sf\u00e2r\u0219itul intervalului, se vor acumula cantit\u0103\u021bi de ap\u0103 de 40\u202660 l\/mp \u0219i pe alocuri de peste 70\u202680 l\/mp\u201d, anun\u021b\u0103 ANM.<\/p>\n<\/blockquote>\n<p><strong>\u00cen plus, v\u00e2ntul va bate cu putere \u00een tot jude\u021bul.<\/strong><\/p>\n<blockquote class=\"wp-block-quote\">\n<p>\u201cTemporar vor fi intensific\u0103ri ale v\u00e2ntului, vineri (27 martie) \u0219i pe parcursul zilei de s\u00e2mb\u0103t\u0103 (28 martie) \u00een cea mai mare parte a \u021b\u0103rii, iar duminic\u0103 (29 martie), \u00een sud-est \u0219i pe alocuri \u00een vest, cu viteze \u00een general de 45\u202655 km\/h. La munte, mai ales la altitudini mari, vor fi rafale de peste 70\u202680 km\/h\u201d, transmite ANM printr-o informare meteo.<\/p>\n<\/blockquote>\n<div class=\"meta-tags\"><span>Etichete<\/span><a href=\"https:\/\/sansanews.ro\/tag\/cod-galben\/\" rel=\"tag\">cod galben<\/a><a href=\"https:\/\/sansanews.ro\/tag\/ninsori-la-munte\/\" rel=\"tag\">ninsori la munte<\/a><a href=\"https:\/\/sansanews.ro\/tag\/ploi-torentiale\/\" rel=\"tag\">ploi torentiale<\/a><\/div>\n<div class=\"herald-share-content\">\n<div class=\"meks_ess rectangle no-labels outline\"><a class=\"meks_ess-item socicon-facebook\" data-url=\"http:\/\/www.facebook.com\/sharer\/sharer.php?u=https%3A%2F%2Fsansanews.ro%2Fcod-galben-de-ploi-abundente-la-final-de-martie-la-munte-ninsori-si-strat-de-zapada%2F&amp;t=Cod%20Galben%20de%20ploi%20abundente%2C%20la%20final%20de%20martie.%20La%20munte%2C%20ninsori%20%C8%99i%20strat%20de%20z%C4%83pad%C4%83\"><span>Facebook<\/span><\/a><a href=\"https:\/\/api.whatsapp.com\/send?text=Cod%20Galben%20de%20ploi%20abundente%2C%20la%20final%20de%20martie.%20La%20munte%2C%20ninsori%20%C8%99i%20strat%20de%20z%C4%83pad%C4%83%20https%3A%2F%2Fsansanews.ro%2Fcod-galben-de-ploi-abundente-la-final-de-martie-la-munte-ninsori-si-strat-de-zapada%2F\" class=\"meks_ess-item socicon-whatsapp prevent-share-popup\"><span>WhatsApp<\/span><\/a><a class=\"meks_ess-item socicon-twitter\" data-url=\"http:\/\/twitter.com\/intent\/tweet?url=https%3A%2F%2Fsansanews.ro%2Fcod-galben-de-ploi-abundente-la-final-de-martie-la-munte-ninsori-si-strat-de-zapada%2F&amp;text=Cod%20Galben%20de%20ploi%20abundente%2C%20la%20final%20de%20martie.%20La%20munte%2C%20ninsori%20%C8%99i%20strat%20de%20z%C4%83pad%C4%83\"><span>Twitter<\/span><\/a><a class=\"meks_ess-item socicon-pinterest\" data-url=\"http:\/\/pinterest.com\/pin\/create\/button\/?url=https%3A%2F%2Fsansanews.ro%2Fcod-galben-de-ploi-abundente-la-final-de-martie-la-munte-ninsori-si-strat-de-zapada%2F&amp;media=https%3A%2F%2Fsansanews.ro%2Fwp-content%2Fuploads%2F2026%2F03%2Fcod-galben-1.png&amp;description=Cod%20Galben%20de%20ploi%20abundente%2C%20la%20final%20de%20martie.%20La%20munte%2C%20ninsori%20%C8%99i%20strat%20de%20z%C4%83pad%C4%83\"><span>Pinterest<\/span><\/a><\/div>\n<\/div>\n<\/div>\n<div class=\"entry-content herald-entry-content\">\n<p><strong>Finalul lunii martie aduce un val de precipita\u021bii, v\u00e2nt intens \u0219i temperaturi \u00een sc\u0103dere. Jude\u021bul Buz\u0103u se va afla, la sf\u00e2r\u0219itul acestei s\u0103pt\u0103m\u00e2ni, sub inciden\u021ba unei avertiz\u0103ri Cod Galben de precipita\u021bii \u00eensemnate cantitativ.<\/strong><\/p>\n<p><strong>Avertizarea a intrat \u00een vigoare vineri, 27 martie, la ora 10.00 \u0219i va fi valabil\u0103 p\u00e2n\u0103 luni diminea\u021b\u0103, la aceea\u0219i or\u0103. \u00cen acest interval, \u00een jude\u021b sunt a\u0219teptate ploi abundente, \u00eenso\u021bite chiar \u0219i de tunete \u0219i fulgere. Pe crestele mun\u021bilor, <\/strong> la \u00eenceput \u00een Carpa\u021bii Meridionali, apoi \u0219i \u00een restul zonelor montane, <strong>precipita\u021biile se vor transforma \u00een lapovi\u021b\u0103 \u0219i ninsoare.<\/strong><\/p>\n<blockquote class=\"wp-block-quote\">\n<p>\u201c\u00cen intervalul men\u021bionat \u00een sudul Banatului, Oltenia, Muntenia, Dobrogea \u0219i \u00een cea mai mare parte a Moldovei va ploua \u00eensemnat cantitativ. Vor fi mai ales averse, \u00eenso\u021bite pe arii restr\u00e2nse de desc\u0103rc\u0103ri electrice \u00een dup\u0103-amiaza \u0219i seara zilei de vineri (27 martie) \u0219i pe parcursul zilei de s\u00e2mb\u0103t\u0103 (28 martie). La munte precipita\u021biile vor fi mixte, iar la altitudini mai mari de 1600 m, \u00een Carpa\u021bii Meridionali \u0219i Orientali va ninge, se va depune strat de z\u0103pad\u0103, local consistent, cu grosimi \u00een medie de 40\u202650 cm \u0219i va fi viscol. P\u00e2n\u0103 la sf\u00e2r\u0219itul intervalului, se vor acumula cantit\u0103\u021bi de ap\u0103 de 40\u202660 l\/mp \u0219i pe alocuri de peste 70\u202680 l\/mp\u201d, anun\u021b\u0103 ANM.<\/p>\n<\/blockquote>\n<p><strong>\u00cen plus, v\u00e2ntul va bate cu putere \u00een tot jude\u021bul.<\/strong><\/p>\n<blockquote class=\"wp-block-quote\">\n<p>\u201cTemporar vor fi intensific\u0103ri ale v\u00e2ntului, vineri (27 martie) \u0219i pe parcursul zilei de s\u00e2mb\u0103t\u0103 (28 martie) \u00een cea mai mare parte a \u021b\u0103rii, iar duminic\u0103 (29 martie), \u00een sud-est \u0219i pe alocuri \u00een vest, cu viteze \u00een general de 45\u202655 km\/h. La munte, mai ales la altitudini mari, vor fi rafale de peste 70\u202680 km\/h\u201d, transmite ANM printr-o informare meteo.<\/p>\n<\/blockquote>\n<div class=\"meta-tags\"><span>Etichete<\/span><a href=\"https:\/\/sansanews.ro\/tag\/cod-galben\/\" rel=\"tag\">cod galben<\/a><a href=\"https:\/\/sansanews.ro\/tag\/ninsori-la-munte\/\" rel=\"tag\">ninsori la munte<\/a><a href=\"https:\/\/sansanews.ro\/tag\/ploi-torentiale\/\" rel=\"tag\">ploi torentiale<\/a><\/div>\n<div class=\"herald-share-content\">\n<div class=\"meks_ess rectangle no-labels outline\"><a class=\"meks_ess-item socicon-facebook\" data-url=\"http:\/\/www.facebook.com\/sharer\/sharer.php?u=https%3A%2F%2Fsansanews.ro%2Fcod-galben-de-ploi-abundente-la-final-de-martie-la-munte-ninsori-si-strat-de-zapada%2F&amp;t=Cod%20Galben%20de%20ploi%20abundente%2C%20la%20final%20de%20martie.%20La%20munte%2C%20ninsori%20%C8%99i%20strat%20de%20z%C4%83pad%C4%83\"><span>Facebook<\/span><\/a><a href=\"https:\/\/api.whatsapp.com\/send?text=Cod%20Galben%20de%20ploi%20abundente%2C%20la%20final%20de%20martie.%20La%20munte%2C%20ninsori%20%C8%99i%20strat%20de%20z%C4%83pad%C4%83%20https%3A%2F%2Fsansanews.ro%2Fcod-galben-de-ploi-abundente-la-final-de-martie-la-munte-ninsori-si-strat-de-zapada%2F\" class=\"meks_ess-item socicon-whatsapp prevent-share-popup\"><span>WhatsApp<\/span><\/a><a class=\"meks_ess-item socicon-twitter\" data-url=\"http:\/\/twitter.com\/intent\/tweet?url=https%3A%2F%2Fsansanews.ro%2Fcod-galben-de-ploi-abundente-la-final-de-martie-la-munte-ninsori-si-strat-de-zapada%2F&amp;text=Cod%20Galben%20de%20ploi%20abundente%2C%20la%20final%20de%20martie.%20La%20munte%2C%20ninsori%20%C8%99i%20strat%20de%20z%C4%83pad%C4%83\"><span>Twitter<\/span><\/a><a class=\"meks_ess-item socicon-pinterest\" data-url=\"http:\/\/pinterest.com\/pin\/create\/button\/?url=https%3A%2F%2Fsansanews.ro%2Fcod-galben-de-ploi-abundente-la-final-de-martie-la-munte-ninsori-si-strat-de-zapada%2F&amp;media=https%3A%2F%2Fsansanews.ro%2Fwp-content%2Fuploads%2F2026%2F03%2Fcod-galben-1.png&amp;description=Cod%20Galben%20de%20ploi%20abundente%2C%20la%20final%20de%20martie.%20La%20munte%2C%20ninsori%20%C8%99i%20strat%20de%20z%C4%83pad%C4%83\"><span>Pinterest<\/span><\/a><\/div>\n<\/div>\n<\/div>\n<p>[analyse_source url=&#8221;https:\/\/sansanews.ro\/cod-galben-de-ploi-abundente-la-final-de-martie-la-munte-ninsori-si-strat-de-zapada\/&#8221;]<\/p>\n","protected":false},"excerpt":{"rendered":"<p>[analyse_image type=&#8221;featured&#8221; src=&#8221;https:\/\/sansanews.ro\/wp-content\/uploads\/2026\/03\/cod-galben-1.pnghttps:\/\/sansanews.ro\/wp-content\/uploads\/2026\/03\/cod-galben-1.png&#8221;] Finalul lunii martie aduce un val de precipita\u021bii, v\u00e2nt intens \u0219i temperaturi \u00een sc\u0103dere. Jude\u021bul Buz\u0103u se va afla, la sf\u00e2r\u0219itul acestei s\u0103pt\u0103m\u00e2ni, sub inciden\u021ba unei avertiz\u0103ri Cod Galben de precipita\u021bii \u00eensemnate cantitativ. Avertizarea a intrat \u00een vigoare vineri, 27 martie, la ora 10.00 \u0219i va fi valabil\u0103 p\u00e2n\u0103 luni diminea\u021b\u0103, la [&hellip;]<\/p>\n","protected":false},"author":1,"featured_media":0,"comment_status":"open","ping_status":"","sticky":false,"template":"","format":"standard","meta":{"footnotes":""},"categories":[2],"tags":[226,51],"class_list":["post-1850054","post","type-post","status-publish","format-standard","hentry","category-politics","tag-crawlmanager","tag-sansanews-ro"],"_links":{"self":[{"href":"https:\/\/analyse.optim.biz\/index.php?rest_route=\/wp\/v2\/posts\/1850054","targetHints":{"allow":["GET"]}}],"collection":[{"href":"https:\/\/analyse.optim.biz\/index.php?rest_route=\/wp\/v2\/posts"}],"about":[{"href":"https:\/\/analyse.optim.biz\/index.php?rest_route=\/wp\/v2\/types\/post"}],"author":[{"embeddable":true,"href":"https:\/\/analyse.optim.biz\/index.php?rest_route=\/wp\/v2\/users\/1"}],"replies":[{"embeddable":true,"href":"https:\/\/analyse.optim.biz\/index.php?rest_route=%2Fwp%2Fv2%2Fcomments&post=1850054"}],"version-history":[{"count":0,"href":"https:\/\/analyse.optim.biz\/index.php?rest_route=\/wp\/v2\/posts\/1850054\/revisions"}],"wp:attachment":[{"href":"https:\/\/analyse.optim.biz\/index.php?rest_route=%2Fwp%2Fv2%2Fmedia&parent=1850054"}],"wp:term":[{"taxonomy":"category","embeddable":true,"href":"https:\/\/analyse.optim.biz\/index.php?rest_route=%2Fwp%2Fv2%2Fcategories&post=1850054"},{"taxonomy":"post_tag","embeddable":true,"href":"https:\/\/analyse.optim.biz\/index.php?rest_route=%2Fwp%2Fv2%2Ftags&post=1850054"}],"curies":[{"name":"wp","href":"https:\/\/api.w.org\/{rel}","templated":true}]}}