{"id":1850052,"date":"2026-03-27T06:41:30","date_gmt":"2026-03-27T03:41:30","guid":{"rendered":"https:\/\/analyse.optim.biz\/?p=1850052"},"modified":"2026-03-27T06:41:30","modified_gmt":"2026-03-27T03:41:30","slug":"fermierii-din-buzau-ingenuncheati-de-explozia-pretului-motorinei-suntem-o-mana-de-oameni-care-mai-muncim-si-suntem-pe-cale-de-disparitie","status":"publish","type":"post","link":"https:\/\/analyse.optim.biz\/?p=1850052","title":{"rendered":"Fermierii din Buz\u0103u, \u00eengenunchea\u021bi de explozia pre\u021bului motorinei. \u201dSuntem o m\u00e2n\u0103 de oameni care mai muncim \u0219i suntem pe cale de dispari\u021bie!\u201d"},"content":{"rendered":"<p>[analyse_image type=&#8221;featured&#8221; src=&#8221;https:\/\/sansanews.ro\/wp-content\/uploads\/2026\/03\/motorina-agricultura.jpghttps:\/\/sansanews.ro\/wp-content\/uploads\/2026\/03\/motorina-agricultura.jpg&#8221;]<\/p>\n<div class=\"entry-content herald-entry-content\">\n<p>Agricultura rom\u00e2neasc\u0103 se afl\u0103 \u00een fa\u021ba unui colaps iminent. \u00centre scumpirile galopante la carburan\u021bi \u0219i pre\u021burile extrem de mici oferite de mul\u021bi ani pe kilogramul de gr\u00e2u, marii fermieri avertizeaz\u0103 c\u0103 tot mai mul\u021bi agricultori vor renun\u021ba s\u0103 mai cultive p\u0103m\u00e2ntul, care va r\u0103m\u00e2ne p\u00e2rloag\u0103. Liviu B\u0103r\u0103gan, cunoscut fermier din jude\u021bul Buz\u0103u, a tras un semnal semnal de alarm\u0103 la Focus TV, ar\u0103t\u00e2nd c\u0103 dezastrul din farfuria rom\u00e2nilor \u00eencepe pe c\u00e2mp. <\/p>\n<p>Calculele pe care agricultorii \u0219i le fac acas\u0103 nu se mai potrivesc deloc cu cele de la pomp\u0103. Liviu B\u0103r\u0103gan, care administreaz\u0103 o exploata\u021bie de 1.800 de hectare, spune c\u0103 investi\u021bii de milioane de euro risc\u0103 s\u0103 fie \u00eenghi\u021bite de costurile de produc\u021bie, care s-au dublat peste noapte. Fermierul buzoian spune c\u0103 to\u021bi cei care au \u00eenceput deja lucr\u0103rile de prim\u0103var\u0103, respectiv erbicidarea rapi\u021bei \u0219i a gr\u00e2ului, au ajuns la concluzia c\u0103 toate calculele matematice dau cu minus. El critic\u0103 lipsa de implicare a autorit\u0103\u021bilor, \u00een contextul \u00een care, recent, ministrul Agriculturii a anun\u021bat un ajutor consistent pentru fermieri, const\u00e2nd \u00een tichete valorice, care s\u0103 fie folosite direct la pomp\u0103, dup\u0103 cum \u0218ansaNews a scris <a href=\"https:\/\/sansanews.ro\/revolutie-in-subventiile-agricole-anuntata-de-ministrul-barbu-cum-vor-plati-fermierii-doar-45-lei-litrul-de-motorina\/\">AICI. <\/a><\/p>\n<blockquote class=\"wp-block-quote\">\n<p>\u201eViitorul agriculturii sun\u0103 dezastruos din punctul meu de vedere, din cauza motorinei, a inputurilor, semin\u021belor, \u00eengr\u0103\u0219\u0103mintelor. \u00cen noiembrie, c\u00e2nd noi am \u00eens\u0103m\u00e2n\u021bat gr\u00e2ul \u0219i am terminat cu ogoarele era 6 lei \u0219i 46 de bani litrul de motorin\u0103. Acum s-a dublat. Am cump\u0103rat motorin\u0103 cu 10 lei \u0219i 30 de bani ieri (N.R. \u2013 mar\u021bi), ast\u0103zi 10 lei 50 de bani (N.R. \u2013 miercuri). Sunt doar specula\u021bii, doar vorbe din partea premierului, din partea ministrului agriculturii, pentru c\u0103 nu ne cheam\u0103 nimeni, nu ne d\u0103 nimeni voucher, nu ne d\u0103 nimeni garan\u021bia c\u0103 de m\u00e2ine c\u00e2nd \u00eencepem sem\u0103natul, pentru c\u0103 aici la noi \u00een B\u0103r\u0103gan c\u0103tre Ialomi\u021ba se seam\u0103n\u0103 cu dou\u0103 s\u0103pt\u0103m\u00e2ni mai devreme, vom avea vouchere. Noi deja ne preg\u0103tim terenul \u0219i cump\u0103r\u0103m motorina de la pomp\u0103 dublu fa\u021b\u0103 de anul trecut \u0219i nu ne spune nimeni nimic\u201d, a spus Liviu B\u0103r\u0103gan la Focus TV.<\/p>\n<\/blockquote>\n<p>\u0218i, de parc\u0103<br \/>\nnu era destul, la final de sezon, c\u00e2nd trag linie, fermierii ajung la concluzia<br \/>\nc\u0103, \u00een vreme ce totul s-a scumpit, iar investi\u021biile \u00een agricultur\u0103 sunt tot mai<br \/>\nmari, pre\u021bul cu care \u00ee\u0219i v\u00e2nd produc\u021biile este derizoriu. <\/p>\n<blockquote class=\"wp-block-quote\">\n<p>\u201eNoi suntem nevoi\u021bi s\u0103 vindem din combin\u0103 gr\u00e2ul ca s\u0103 ne putem achita inputurile. \u0218i automat atunci cei din pia\u021b\u0103 care cump\u0103r\u0103 fac pre\u021bul, ne jongleaz\u0103 cum vor d\u00e2n\u0219ii. O s\u0103 vede\u021bi c\u0103 dac\u0103 vom vinde gr\u00e2ul cu 80 de bani, 90 de bani la recoltare, o s\u0103-\u0219i \u00eenchid\u0103 foarte mul\u021bi obloanele. O s\u0103 trag\u0103 z\u0103voarele pe por\u021bi \u0219i o s\u0103 r\u0103m\u00e2n\u0103 p\u0103m\u00e2ntul p\u00e2rloag\u0103. Tot ce am adunat de 30 de ani s-a dus pe apa s\u00e2mbetei \u00een doi ani.\u201d<\/p>\n<\/blockquote>\n<p>Colacul de salvare pentru agricultori, pentru a nu mai ie\u0219i \u00een pierdere \u0219i a putea cre\u0219te pre\u021bul de v\u00e2nzare al produc\u021biei ar fi unirea \u00een cooperative, mai spune buzoianul. Acestea le-ar da fermierilor nu doar pre\u021buri mai bune, ci \u0219i \u0219ansa de a ob\u021bine credite cu dob\u00e2nzi suportabile \u0219i putere pe pia\u021b\u0103. De altfel, acest model func\u021bioneaz\u0103 foarte bine \u00een alte state din vestul Europei, spre deosebire de Rom\u00e2nia, unde num\u0103rul cooperativelor este destul de mic. <\/p>\n<p>Pe<br \/>\nde alt\u0103 parte, fermierul a mai spus c\u0103 nici m\u0103car marii fermieri care au<br \/>\ninvestit milioane de euro \u00een iriga\u021bii sau utilaje nu sunt ocoli\u021bi de probleme. <\/p>\n<blockquote class=\"wp-block-quote\">\n<p>\u201dE foarte greu, pentru c\u0103 fermierii vin dup\u0103 cinci ani de secet\u0103 pedologic\u0103, \u00een care fermierii au s\u0103r\u0103cit. Eu lucrez 1.800 de hectare \u0219i investesc 1,8 milioane de euro \u00een acest teren. \u0218i s\u0103 nu scot combinele din curte s\u0103 recoltez\u2026 urm\u0103torul an s\u0103 o iau de la cap\u0103t? La mine \u00een localitate d\u0103m 1.500 de kilograme de gr\u00e2u arend\u0103 la hectar. C\u00e2t po\u021bi s\u0103 ai str\u00e2ns? C\u0103 tot ce ai str\u00e2ns \u00een 30 de ani s-a dus pe apa s\u00e2mbetei \u00een doi ani. To\u021bi suferim, s\u0103 \u0219ti\u021bi. Chiar dac\u0103, de exemplu, v\u0103 dau un exemplu din jude\u021bul Buz\u0103u: o parte din teren \u00eel are pe Buz\u0103u, o parte pe Ialomi\u021ba, domnul Afiliu. Dac\u0103 are 7.000 de hectare sau 14.000 de hectare \u0219i a irigat, eu v\u0103 spun c\u0103 omul acela sufer\u0103 la fel ca \u0219i mine. Omul acela a investit \u00een iriga\u021bii\u2026 C\u00e2nd trage linie, v\u0103 spun c\u0103 iese mai \u00een pagub\u0103 ca mine\u201d, a mai spus Liviu B\u0103r\u0103gan. <\/p>\n<\/blockquote>\n<p>Concluzia<br \/>\nfermierului este c\u0103 f\u0103r\u0103 o interven\u021bie real\u0103 a statului \u0219i f\u0103r\u0103 garan\u021bii<br \/>\nprivind pre\u021bul carburantului, agricultura rom\u00e2neasc\u0103 risc\u0103 s\u0103 devin\u0103 o<br \/>\namintire, l\u0103s\u00e2nd locul importurilor masive \u0219i pre\u021burilor imposibil de suportat<br \/>\nde c\u0103tre popula\u021bie. <\/p>\n<p>De altfel, o analiz\u0103 realizat\u0103 de Dumitru Chis\u0103li\u021b\u0103, pre\u0219edintele Asocia\u021biei Energia Inteligent\u0103, confirm\u0103 temerile fermierilor. Potrivit acestuia, cre\u0219terea pre\u021bului la motorin\u0103 va l\u0103sa procente uria\u0219e din terenul arabil al Rom\u00e2niei necultivat.<\/p>\n<blockquote class=\"wp-block-quote\">\n<p>\u201eEste un an al schimb\u0103rii modelului de agricultur\u0103, o agricultur\u0103 care ast\u0103zi se desf\u0103\u0219oar\u0103 \u00eentr-un mod foarte intensiv, care se bazeaz\u0103 pe foarte multe lucr\u0103ri care vin la pachet cu costuri mari ca urmare a cre\u0219terii semnificative a pre\u021bului motorinei. Trebuie s\u0103 spunem c\u0103 \u00een scenariile pe care le-am analizat, am concluzionat c\u0103 p\u00e2n\u0103 la momentul de fa\u021b\u0103 a crescut pre\u021bul cu peste 60% la motorin\u0103 \u0219i a determinat o reac\u021bie la nivelul multor fermieri sau multor persoane care de\u021bin terenuri, o reac\u021bie, repet, de a renun\u021ba sau de a diminua lucr\u0103rile care se fac. Concluzia noastr\u0103 pleac\u0103 de la ideea c\u0103 la fiecare leu pe litrul de motorin\u0103 exist\u0103 posibilitatea ca 7-10% din terenul pe care noi \u00eel avem la nivel na\u021bional ca teren arabil s\u0103 r\u0103m\u00e2n\u0103 nelucrat, ceea ce determin\u0103 o reducere a produc\u021biei vegetale din calculele noastre cu 1 p\u00e2n\u0103 la 1,5% \u0219i \u00een acela\u0219i timp o sc\u0103dere a PIB-ului cu 0,3-0,5% datorit\u0103 acestui fenomen, un fenomen influen\u021bat de evolu\u021bia pre\u021bului la motorin\u0103. Spuneam c\u0103 am analizat trei scenarii: un scenariu \u00een care motorina ajunge la 10 lei pe litru, un scenariu de stres moderat; avem deja acest scenariu realizat \u00eentr-o foarte mare m\u0103sur\u0103, suntem practic la trei bani de acest pre\u021b mediu pe litru la motorin\u0103 la nivel na\u021bional. Din calculele noastre, o astfel de situa\u021bie va determina, spuneam, undeva la 15% teren care r\u0103m\u00e2ne nelucrat. Chiar dac\u0103 el a fost arat, nu se vor mai realiza urm\u0103toarele opera\u021bii sau dac\u0103 a fost \u0219i \u00eens\u0103m\u00e2n\u021bat exist\u0103 posibilitatea de a se renun\u021ba la lucr\u0103rile agricole care vin \u00een continuare, ceea ce din calculele noastre \u00eenseamn\u0103 o pierdere de circa un miliard de lei. Un scenariu pe care l-am luat \u00een considerare este cre\u0219terea pre\u021bului motorinei medii la nivel na\u021bional la 11,5 lei, caz \u00een care estim\u0103m pierderea la circa 1,5 miliarde de lei. \u0218i avem \u0219i scenariul de 13 lei pe litru de motorin\u0103, un scenariu pe care noi l-am denumit \u00ab\u0219oc pentru agricultur\u0103\u00bb, care ar duce la o pierdere de peste 2 miliarde de lei la nivelul Rom\u00e2niei\u201d, a spus expertul la Focus TV. <\/p>\n<\/blockquote>\n<p>Dumitru<br \/>\nChis\u0103li\u021b\u0103 subliniaz\u0103 c\u0103 aceste pierderi estimate nu sunt ale fermierilor, ci<br \/>\nale economiei, iar afectat va fi fiecare rom\u00e2n \u00een parte: <\/p>\n<blockquote class=\"wp-block-quote\">\n<p>\u201dToate aceste pierderi nu sunt doar pierderi ale de\u021bin\u0103torilor de terenuri sau ale fermierilor, sunt pierderi care au un impact PIB, spuneam c\u0103 acest impact poate s\u0103 fie undeva \u00eentre 0,3-0,3 respectiv 0,45% din ceea ce \u00eenseamn\u0103 PIB-ul Rom\u00e2niei \u0219i \u00een acela\u0219i timp vine la pachet cu o reducere a produc\u021biei din anumite produse agricole, reducerea produc\u021biei care va \u00eenc\u0103rca \u0219i mai mult nota de plat\u0103, va \u00eenc\u0103rca \u0219i mai mult factura de pe masa rom\u00e2nilor. Din estim\u0103rile noastre, co\u0219ul lunar ar urma s\u0103 creasc\u0103 de la circa 1.700 de lei pentru o familie de dou\u0103 persoane, doi adul\u021bi, doi copii, care poate s\u0103 ajung\u0103 la 2.640 p\u00e2n\u0103 la 2.740 \u00een situa\u021bia \u00een care pre\u021bul motorinei va ajunge la nivelul de 10,5 lei pe litru. O m\u0103rire important\u0103 care practic se adaug\u0103 la veniturile mai reduse \u00een ceea ce prive\u0219te popula\u021bia, care se adaug\u0103 la infla\u021bia m\u0103rit\u0103 pe care am avut-o \u00een anul 2025, care este \u00een continuare foarte ridicat\u0103 \u00een Rom\u00e2nia, care se adaug\u0103 la multiplele taxe pe care am fost nevoi\u021bi s\u0103 le pl\u0103tim dup\u0103 data de 1 iulie 2025 \u0219i dup\u0103 data de 1 ianuarie 2026\u201d, a mai spus Dumitru Chis\u0103li\u021b\u0103 pentru Focus TV. <\/p>\n<\/blockquote>\n<div class=\"meta-tags\"><span>Etichete<\/span><a href=\"https:\/\/sansanews.ro\/tag\/asociatia-energia-inteligenta\/\" rel=\"tag\">Asocia\u021bia Energia Inteligent\u0103<\/a><a href=\"https:\/\/sansanews.ro\/tag\/fermieri-mari\/\" rel=\"tag\">fermieri mari<\/a><a href=\"https:\/\/sansanews.ro\/tag\/liviu-baragan\/\" rel=\"tag\">liviu baragan<\/a><a href=\"https:\/\/sansanews.ro\/tag\/motorina-agricultura\/\" rel=\"tag\">motorina agricultura<\/a><a href=\"https:\/\/sansanews.ro\/tag\/pret-grau\/\" rel=\"tag\">pret grau<\/a><a href=\"https:\/\/sansanews.ro\/tag\/pret-motorina\/\" rel=\"tag\">pret motorina<\/a><\/div>\n<div class=\"herald-share-content\">\n<div class=\"meks_ess rectangle no-labels outline\"><a class=\"meks_ess-item socicon-facebook\" data-url=\"http:\/\/www.facebook.com\/sharer\/sharer.php?u=https%3A%2F%2Fsansanews.ro%2Ffermierii-din-buzau-ingenuncheati-de-explozia-pretului-motorinei-suntem-o-mana-de-oameni-care-mai-muncim-si-suntem-pe-cale-de-disparitie%2F&amp;t=Fermierii%20din%20Buz%C4%83u%2C%20%C3%AEngenunchea%C8%9Bi%20de%20explozia%20pre%C8%9Bului%20motorinei.%20%E2%80%9DSuntem%20o%20m%C3%A2n%C4%83%20de%20oameni%20care%20mai%20muncim%20%C8%99i%20suntem%20pe%20cale%20de%20dispari%C8%9Bie%21%E2%80%9D\"><span>Facebook<\/span><\/a><a href=\"https:\/\/api.whatsapp.com\/send?text=Fermierii%20din%20Buz%C4%83u%2C%20%C3%AEngenunchea%C8%9Bi%20de%20explozia%20pre%C8%9Bului%20motorinei.%20%E2%80%9DSuntem%20o%20m%C3%A2n%C4%83%20de%20oameni%20care%20mai%20muncim%20%C8%99i%20suntem%20pe%20cale%20de%20dispari%C8%9Bie%21%E2%80%9D%20https%3A%2F%2Fsansanews.ro%2Ffermierii-din-buzau-ingenuncheati-de-explozia-pretului-motorinei-suntem-o-mana-de-oameni-care-mai-muncim-si-suntem-pe-cale-de-disparitie%2F\" class=\"meks_ess-item socicon-whatsapp prevent-share-popup\"><span>WhatsApp<\/span><\/a><a class=\"meks_ess-item socicon-twitter\" data-url=\"http:\/\/twitter.com\/intent\/tweet?url=https%3A%2F%2Fsansanews.ro%2Ffermierii-din-buzau-ingenuncheati-de-explozia-pretului-motorinei-suntem-o-mana-de-oameni-care-mai-muncim-si-suntem-pe-cale-de-disparitie%2F&amp;text=Fermierii%20din%20Buz%C4%83u%2C%20%C3%AEngenunchea%C8%9Bi%20de%20explozia%20pre%C8%9Bului%20motorinei.%20%E2%80%9DSuntem%20o%20m%C3%A2n%C4%83%20de%20oameni%20care%20mai%20muncim%20%C8%99i%20suntem%20pe%20cale%20de%20dispari%C8%9Bie%21%E2%80%9D\"><span>Twitter<\/span><\/a><a class=\"meks_ess-item socicon-pinterest\" data-url=\"http:\/\/pinterest.com\/pin\/create\/button\/?url=https%3A%2F%2Fsansanews.ro%2Ffermierii-din-buzau-ingenuncheati-de-explozia-pretului-motorinei-suntem-o-mana-de-oameni-care-mai-muncim-si-suntem-pe-cale-de-disparitie%2F&amp;media=https%3A%2F%2Fsansanews.ro%2Fwp-content%2Fuploads%2F2026%2F03%2Fmotorina-agricultura.jpg&amp;description=Fermierii%20din%20Buz%C4%83u%2C%20%C3%AEngenunchea%C8%9Bi%20de%20explozia%20pre%C8%9Bului%20motorinei.%20%E2%80%9DSuntem%20o%20m%C3%A2n%C4%83%20de%20oameni%20care%20mai%20muncim%20%C8%99i%20suntem%20pe%20cale%20de%20dispari%C8%9Bie%21%E2%80%9D\"><span>Pinterest<\/span><\/a><\/div>\n<\/div>\n<\/div>\n<div class=\"entry-content herald-entry-content\">\n<p>Agricultura rom\u00e2neasc\u0103 se afl\u0103 \u00een fa\u021ba unui colaps iminent. \u00centre scumpirile galopante la carburan\u021bi \u0219i pre\u021burile extrem de mici oferite de mul\u021bi ani pe kilogramul de gr\u00e2u, marii fermieri avertizeaz\u0103 c\u0103 tot mai mul\u021bi agricultori vor renun\u021ba s\u0103 mai cultive p\u0103m\u00e2ntul, care va r\u0103m\u00e2ne p\u00e2rloag\u0103. Liviu B\u0103r\u0103gan, cunoscut fermier din jude\u021bul Buz\u0103u, a tras un semnal semnal de alarm\u0103 la Focus TV, ar\u0103t\u00e2nd c\u0103 dezastrul din farfuria rom\u00e2nilor \u00eencepe pe c\u00e2mp. <\/p>\n<p>Calculele pe care agricultorii \u0219i le fac acas\u0103 nu se mai potrivesc deloc cu cele de la pomp\u0103. Liviu B\u0103r\u0103gan, care administreaz\u0103 o exploata\u021bie de 1.800 de hectare, spune c\u0103 investi\u021bii de milioane de euro risc\u0103 s\u0103 fie \u00eenghi\u021bite de costurile de produc\u021bie, care s-au dublat peste noapte. Fermierul buzoian spune c\u0103 to\u021bi cei care au \u00eenceput deja lucr\u0103rile de prim\u0103var\u0103, respectiv erbicidarea rapi\u021bei \u0219i a gr\u00e2ului, au ajuns la concluzia c\u0103 toate calculele matematice dau cu minus. El critic\u0103 lipsa de implicare a autorit\u0103\u021bilor, \u00een contextul \u00een care, recent, ministrul Agriculturii a anun\u021bat un ajutor consistent pentru fermieri, const\u00e2nd \u00een tichete valorice, care s\u0103 fie folosite direct la pomp\u0103, dup\u0103 cum \u0218ansaNews a scris <a href=\"https:\/\/sansanews.ro\/revolutie-in-subventiile-agricole-anuntata-de-ministrul-barbu-cum-vor-plati-fermierii-doar-45-lei-litrul-de-motorina\/\">AICI. <\/a><\/p>\n<blockquote class=\"wp-block-quote\">\n<p>\u201eViitorul agriculturii sun\u0103 dezastruos din punctul meu de vedere, din cauza motorinei, a inputurilor, semin\u021belor, \u00eengr\u0103\u0219\u0103mintelor. \u00cen noiembrie, c\u00e2nd noi am \u00eens\u0103m\u00e2n\u021bat gr\u00e2ul \u0219i am terminat cu ogoarele era 6 lei \u0219i 46 de bani litrul de motorin\u0103. Acum s-a dublat. Am cump\u0103rat motorin\u0103 cu 10 lei \u0219i 30 de bani ieri (N.R. \u2013 mar\u021bi), ast\u0103zi 10 lei 50 de bani (N.R. \u2013 miercuri). Sunt doar specula\u021bii, doar vorbe din partea premierului, din partea ministrului agriculturii, pentru c\u0103 nu ne cheam\u0103 nimeni, nu ne d\u0103 nimeni voucher, nu ne d\u0103 nimeni garan\u021bia c\u0103 de m\u00e2ine c\u00e2nd \u00eencepem sem\u0103natul, pentru c\u0103 aici la noi \u00een B\u0103r\u0103gan c\u0103tre Ialomi\u021ba se seam\u0103n\u0103 cu dou\u0103 s\u0103pt\u0103m\u00e2ni mai devreme, vom avea vouchere. Noi deja ne preg\u0103tim terenul \u0219i cump\u0103r\u0103m motorina de la pomp\u0103 dublu fa\u021b\u0103 de anul trecut \u0219i nu ne spune nimeni nimic\u201d, a spus Liviu B\u0103r\u0103gan la Focus TV.<\/p>\n<\/blockquote>\n<p>\u0218i, de parc\u0103<br \/>\nnu era destul, la final de sezon, c\u00e2nd trag linie, fermierii ajung la concluzia<br \/>\nc\u0103, \u00een vreme ce totul s-a scumpit, iar investi\u021biile \u00een agricultur\u0103 sunt tot mai<br \/>\nmari, pre\u021bul cu care \u00ee\u0219i v\u00e2nd produc\u021biile este derizoriu. <\/p>\n<blockquote class=\"wp-block-quote\">\n<p>\u201eNoi suntem nevoi\u021bi s\u0103 vindem din combin\u0103 gr\u00e2ul ca s\u0103 ne putem achita inputurile. \u0218i automat atunci cei din pia\u021b\u0103 care cump\u0103r\u0103 fac pre\u021bul, ne jongleaz\u0103 cum vor d\u00e2n\u0219ii. O s\u0103 vede\u021bi c\u0103 dac\u0103 vom vinde gr\u00e2ul cu 80 de bani, 90 de bani la recoltare, o s\u0103-\u0219i \u00eenchid\u0103 foarte mul\u021bi obloanele. O s\u0103 trag\u0103 z\u0103voarele pe por\u021bi \u0219i o s\u0103 r\u0103m\u00e2n\u0103 p\u0103m\u00e2ntul p\u00e2rloag\u0103. Tot ce am adunat de 30 de ani s-a dus pe apa s\u00e2mbetei \u00een doi ani.\u201d<\/p>\n<\/blockquote>\n<p>Colacul de salvare pentru agricultori, pentru a nu mai ie\u0219i \u00een pierdere \u0219i a putea cre\u0219te pre\u021bul de v\u00e2nzare al produc\u021biei ar fi unirea \u00een cooperative, mai spune buzoianul. Acestea le-ar da fermierilor nu doar pre\u021buri mai bune, ci \u0219i \u0219ansa de a ob\u021bine credite cu dob\u00e2nzi suportabile \u0219i putere pe pia\u021b\u0103. De altfel, acest model func\u021bioneaz\u0103 foarte bine \u00een alte state din vestul Europei, spre deosebire de Rom\u00e2nia, unde num\u0103rul cooperativelor este destul de mic. <\/p>\n<p>Pe<br \/>\nde alt\u0103 parte, fermierul a mai spus c\u0103 nici m\u0103car marii fermieri care au<br \/>\ninvestit milioane de euro \u00een iriga\u021bii sau utilaje nu sunt ocoli\u021bi de probleme. <\/p>\n<blockquote class=\"wp-block-quote\">\n<p>\u201dE foarte greu, pentru c\u0103 fermierii vin dup\u0103 cinci ani de secet\u0103 pedologic\u0103, \u00een care fermierii au s\u0103r\u0103cit. Eu lucrez 1.800 de hectare \u0219i investesc 1,8 milioane de euro \u00een acest teren. \u0218i s\u0103 nu scot combinele din curte s\u0103 recoltez\u2026 urm\u0103torul an s\u0103 o iau de la cap\u0103t? La mine \u00een localitate d\u0103m 1.500 de kilograme de gr\u00e2u arend\u0103 la hectar. C\u00e2t po\u021bi s\u0103 ai str\u00e2ns? C\u0103 tot ce ai str\u00e2ns \u00een 30 de ani s-a dus pe apa s\u00e2mbetei \u00een doi ani. To\u021bi suferim, s\u0103 \u0219ti\u021bi. Chiar dac\u0103, de exemplu, v\u0103 dau un exemplu din jude\u021bul Buz\u0103u: o parte din teren \u00eel are pe Buz\u0103u, o parte pe Ialomi\u021ba, domnul Afiliu. Dac\u0103 are 7.000 de hectare sau 14.000 de hectare \u0219i a irigat, eu v\u0103 spun c\u0103 omul acela sufer\u0103 la fel ca \u0219i mine. Omul acela a investit \u00een iriga\u021bii\u2026 C\u00e2nd trage linie, v\u0103 spun c\u0103 iese mai \u00een pagub\u0103 ca mine\u201d, a mai spus Liviu B\u0103r\u0103gan. <\/p>\n<\/blockquote>\n<p>Concluzia<br \/>\nfermierului este c\u0103 f\u0103r\u0103 o interven\u021bie real\u0103 a statului \u0219i f\u0103r\u0103 garan\u021bii<br \/>\nprivind pre\u021bul carburantului, agricultura rom\u00e2neasc\u0103 risc\u0103 s\u0103 devin\u0103 o<br \/>\namintire, l\u0103s\u00e2nd locul importurilor masive \u0219i pre\u021burilor imposibil de suportat<br \/>\nde c\u0103tre popula\u021bie. <\/p>\n<p>De altfel, o analiz\u0103 realizat\u0103 de Dumitru Chis\u0103li\u021b\u0103, pre\u0219edintele Asocia\u021biei Energia Inteligent\u0103, confirm\u0103 temerile fermierilor. Potrivit acestuia, cre\u0219terea pre\u021bului la motorin\u0103 va l\u0103sa procente uria\u0219e din terenul arabil al Rom\u00e2niei necultivat.<\/p>\n<blockquote class=\"wp-block-quote\">\n<p>\u201eEste un an al schimb\u0103rii modelului de agricultur\u0103, o agricultur\u0103 care ast\u0103zi se desf\u0103\u0219oar\u0103 \u00eentr-un mod foarte intensiv, care se bazeaz\u0103 pe foarte multe lucr\u0103ri care vin la pachet cu costuri mari ca urmare a cre\u0219terii semnificative a pre\u021bului motorinei. Trebuie s\u0103 spunem c\u0103 \u00een scenariile pe care le-am analizat, am concluzionat c\u0103 p\u00e2n\u0103 la momentul de fa\u021b\u0103 a crescut pre\u021bul cu peste 60% la motorin\u0103 \u0219i a determinat o reac\u021bie la nivelul multor fermieri sau multor persoane care de\u021bin terenuri, o reac\u021bie, repet, de a renun\u021ba sau de a diminua lucr\u0103rile care se fac. Concluzia noastr\u0103 pleac\u0103 de la ideea c\u0103 la fiecare leu pe litrul de motorin\u0103 exist\u0103 posibilitatea ca 7-10% din terenul pe care noi \u00eel avem la nivel na\u021bional ca teren arabil s\u0103 r\u0103m\u00e2n\u0103 nelucrat, ceea ce determin\u0103 o reducere a produc\u021biei vegetale din calculele noastre cu 1 p\u00e2n\u0103 la 1,5% \u0219i \u00een acela\u0219i timp o sc\u0103dere a PIB-ului cu 0,3-0,5% datorit\u0103 acestui fenomen, un fenomen influen\u021bat de evolu\u021bia pre\u021bului la motorin\u0103. Spuneam c\u0103 am analizat trei scenarii: un scenariu \u00een care motorina ajunge la 10 lei pe litru, un scenariu de stres moderat; avem deja acest scenariu realizat \u00eentr-o foarte mare m\u0103sur\u0103, suntem practic la trei bani de acest pre\u021b mediu pe litru la motorin\u0103 la nivel na\u021bional. Din calculele noastre, o astfel de situa\u021bie va determina, spuneam, undeva la 15% teren care r\u0103m\u00e2ne nelucrat. Chiar dac\u0103 el a fost arat, nu se vor mai realiza urm\u0103toarele opera\u021bii sau dac\u0103 a fost \u0219i \u00eens\u0103m\u00e2n\u021bat exist\u0103 posibilitatea de a se renun\u021ba la lucr\u0103rile agricole care vin \u00een continuare, ceea ce din calculele noastre \u00eenseamn\u0103 o pierdere de circa un miliard de lei. Un scenariu pe care l-am luat \u00een considerare este cre\u0219terea pre\u021bului motorinei medii la nivel na\u021bional la 11,5 lei, caz \u00een care estim\u0103m pierderea la circa 1,5 miliarde de lei. \u0218i avem \u0219i scenariul de 13 lei pe litru de motorin\u0103, un scenariu pe care noi l-am denumit \u00ab\u0219oc pentru agricultur\u0103\u00bb, care ar duce la o pierdere de peste 2 miliarde de lei la nivelul Rom\u00e2niei\u201d, a spus expertul la Focus TV. <\/p>\n<\/blockquote>\n<p>Dumitru<br \/>\nChis\u0103li\u021b\u0103 subliniaz\u0103 c\u0103 aceste pierderi estimate nu sunt ale fermierilor, ci<br \/>\nale economiei, iar afectat va fi fiecare rom\u00e2n \u00een parte: <\/p>\n<blockquote class=\"wp-block-quote\">\n<p>\u201dToate aceste pierderi nu sunt doar pierderi ale de\u021bin\u0103torilor de terenuri sau ale fermierilor, sunt pierderi care au un impact PIB, spuneam c\u0103 acest impact poate s\u0103 fie undeva \u00eentre 0,3-0,3 respectiv 0,45% din ceea ce \u00eenseamn\u0103 PIB-ul Rom\u00e2niei \u0219i \u00een acela\u0219i timp vine la pachet cu o reducere a produc\u021biei din anumite produse agricole, reducerea produc\u021biei care va \u00eenc\u0103rca \u0219i mai mult nota de plat\u0103, va \u00eenc\u0103rca \u0219i mai mult factura de pe masa rom\u00e2nilor. Din estim\u0103rile noastre, co\u0219ul lunar ar urma s\u0103 creasc\u0103 de la circa 1.700 de lei pentru o familie de dou\u0103 persoane, doi adul\u021bi, doi copii, care poate s\u0103 ajung\u0103 la 2.640 p\u00e2n\u0103 la 2.740 \u00een situa\u021bia \u00een care pre\u021bul motorinei va ajunge la nivelul de 10,5 lei pe litru. O m\u0103rire important\u0103 care practic se adaug\u0103 la veniturile mai reduse \u00een ceea ce prive\u0219te popula\u021bia, care se adaug\u0103 la infla\u021bia m\u0103rit\u0103 pe care am avut-o \u00een anul 2025, care este \u00een continuare foarte ridicat\u0103 \u00een Rom\u00e2nia, care se adaug\u0103 la multiplele taxe pe care am fost nevoi\u021bi s\u0103 le pl\u0103tim dup\u0103 data de 1 iulie 2025 \u0219i dup\u0103 data de 1 ianuarie 2026\u201d, a mai spus Dumitru Chis\u0103li\u021b\u0103 pentru Focus TV. <\/p>\n<\/blockquote>\n<div class=\"meta-tags\"><span>Etichete<\/span><a href=\"https:\/\/sansanews.ro\/tag\/asociatia-energia-inteligenta\/\" rel=\"tag\">Asocia\u021bia Energia Inteligent\u0103<\/a><a href=\"https:\/\/sansanews.ro\/tag\/fermieri-mari\/\" rel=\"tag\">fermieri mari<\/a><a href=\"https:\/\/sansanews.ro\/tag\/liviu-baragan\/\" rel=\"tag\">liviu baragan<\/a><a href=\"https:\/\/sansanews.ro\/tag\/motorina-agricultura\/\" rel=\"tag\">motorina agricultura<\/a><a href=\"https:\/\/sansanews.ro\/tag\/pret-grau\/\" rel=\"tag\">pret grau<\/a><a href=\"https:\/\/sansanews.ro\/tag\/pret-motorina\/\" rel=\"tag\">pret motorina<\/a><\/div>\n<div class=\"herald-share-content\">\n<div class=\"meks_ess rectangle no-labels outline\"><a class=\"meks_ess-item socicon-facebook\" data-url=\"http:\/\/www.facebook.com\/sharer\/sharer.php?u=https%3A%2F%2Fsansanews.ro%2Ffermierii-din-buzau-ingenuncheati-de-explozia-pretului-motorinei-suntem-o-mana-de-oameni-care-mai-muncim-si-suntem-pe-cale-de-disparitie%2F&amp;t=Fermierii%20din%20Buz%C4%83u%2C%20%C3%AEngenunchea%C8%9Bi%20de%20explozia%20pre%C8%9Bului%20motorinei.%20%E2%80%9DSuntem%20o%20m%C3%A2n%C4%83%20de%20oameni%20care%20mai%20muncim%20%C8%99i%20suntem%20pe%20cale%20de%20dispari%C8%9Bie%21%E2%80%9D\"><span>Facebook<\/span><\/a><a href=\"https:\/\/api.whatsapp.com\/send?text=Fermierii%20din%20Buz%C4%83u%2C%20%C3%AEngenunchea%C8%9Bi%20de%20explozia%20pre%C8%9Bului%20motorinei.%20%E2%80%9DSuntem%20o%20m%C3%A2n%C4%83%20de%20oameni%20care%20mai%20muncim%20%C8%99i%20suntem%20pe%20cale%20de%20dispari%C8%9Bie%21%E2%80%9D%20https%3A%2F%2Fsansanews.ro%2Ffermierii-din-buzau-ingenuncheati-de-explozia-pretului-motorinei-suntem-o-mana-de-oameni-care-mai-muncim-si-suntem-pe-cale-de-disparitie%2F\" class=\"meks_ess-item socicon-whatsapp prevent-share-popup\"><span>WhatsApp<\/span><\/a><a class=\"meks_ess-item socicon-twitter\" data-url=\"http:\/\/twitter.com\/intent\/tweet?url=https%3A%2F%2Fsansanews.ro%2Ffermierii-din-buzau-ingenuncheati-de-explozia-pretului-motorinei-suntem-o-mana-de-oameni-care-mai-muncim-si-suntem-pe-cale-de-disparitie%2F&amp;text=Fermierii%20din%20Buz%C4%83u%2C%20%C3%AEngenunchea%C8%9Bi%20de%20explozia%20pre%C8%9Bului%20motorinei.%20%E2%80%9DSuntem%20o%20m%C3%A2n%C4%83%20de%20oameni%20care%20mai%20muncim%20%C8%99i%20suntem%20pe%20cale%20de%20dispari%C8%9Bie%21%E2%80%9D\"><span>Twitter<\/span><\/a><a class=\"meks_ess-item socicon-pinterest\" data-url=\"http:\/\/pinterest.com\/pin\/create\/button\/?url=https%3A%2F%2Fsansanews.ro%2Ffermierii-din-buzau-ingenuncheati-de-explozia-pretului-motorinei-suntem-o-mana-de-oameni-care-mai-muncim-si-suntem-pe-cale-de-disparitie%2F&amp;media=https%3A%2F%2Fsansanews.ro%2Fwp-content%2Fuploads%2F2026%2F03%2Fmotorina-agricultura.jpg&amp;description=Fermierii%20din%20Buz%C4%83u%2C%20%C3%AEngenunchea%C8%9Bi%20de%20explozia%20pre%C8%9Bului%20motorinei.%20%E2%80%9DSuntem%20o%20m%C3%A2n%C4%83%20de%20oameni%20care%20mai%20muncim%20%C8%99i%20suntem%20pe%20cale%20de%20dispari%C8%9Bie%21%E2%80%9D\"><span>Pinterest<\/span><\/a><\/div>\n<\/div>\n<\/div>\n<p>[analyse_source url=&#8221;https:\/\/sansanews.ro\/fermierii-din-buzau-ingenuncheati-de-explozia-pretului-motorinei-suntem-o-mana-de-oameni-care-mai-muncim-si-suntem-pe-cale-de-disparitie\/&#8221;]<\/p>\n","protected":false},"excerpt":{"rendered":"<p>[analyse_image type=&#8221;featured&#8221; src=&#8221;https:\/\/sansanews.ro\/wp-content\/uploads\/2026\/03\/motorina-agricultura.jpghttps:\/\/sansanews.ro\/wp-content\/uploads\/2026\/03\/motorina-agricultura.jpg&#8221;] Agricultura rom\u00e2neasc\u0103 se afl\u0103 \u00een fa\u021ba unui colaps iminent. \u00centre scumpirile galopante la carburan\u021bi \u0219i pre\u021burile extrem de mici oferite de mul\u021bi ani pe kilogramul de gr\u00e2u, marii fermieri avertizeaz\u0103 c\u0103 tot mai mul\u021bi agricultori vor renun\u021ba s\u0103 mai cultive p\u0103m\u00e2ntul, care va r\u0103m\u00e2ne p\u00e2rloag\u0103. Liviu B\u0103r\u0103gan, cunoscut fermier din jude\u021bul Buz\u0103u, [&hellip;]<\/p>\n","protected":false},"author":1,"featured_media":0,"comment_status":"open","ping_status":"","sticky":false,"template":"","format":"standard","meta":{"footnotes":""},"categories":[2],"tags":[226,51],"class_list":["post-1850052","post","type-post","status-publish","format-standard","hentry","category-politics","tag-crawlmanager","tag-sansanews-ro"],"_links":{"self":[{"href":"https:\/\/analyse.optim.biz\/index.php?rest_route=\/wp\/v2\/posts\/1850052","targetHints":{"allow":["GET"]}}],"collection":[{"href":"https:\/\/analyse.optim.biz\/index.php?rest_route=\/wp\/v2\/posts"}],"about":[{"href":"https:\/\/analyse.optim.biz\/index.php?rest_route=\/wp\/v2\/types\/post"}],"author":[{"embeddable":true,"href":"https:\/\/analyse.optim.biz\/index.php?rest_route=\/wp\/v2\/users\/1"}],"replies":[{"embeddable":true,"href":"https:\/\/analyse.optim.biz\/index.php?rest_route=%2Fwp%2Fv2%2Fcomments&post=1850052"}],"version-history":[{"count":0,"href":"https:\/\/analyse.optim.biz\/index.php?rest_route=\/wp\/v2\/posts\/1850052\/revisions"}],"wp:attachment":[{"href":"https:\/\/analyse.optim.biz\/index.php?rest_route=%2Fwp%2Fv2%2Fmedia&parent=1850052"}],"wp:term":[{"taxonomy":"category","embeddable":true,"href":"https:\/\/analyse.optim.biz\/index.php?rest_route=%2Fwp%2Fv2%2Fcategories&post=1850052"},{"taxonomy":"post_tag","embeddable":true,"href":"https:\/\/analyse.optim.biz\/index.php?rest_route=%2Fwp%2Fv2%2Ftags&post=1850052"}],"curies":[{"name":"wp","href":"https:\/\/api.w.org\/{rel}","templated":true}]}}