{"id":185002,"date":"2015-03-15T17:55:29","date_gmt":"2015-03-15T14:55:29","guid":{"rendered":"https:\/\/analyse.optim.biz\/?p=185002"},"modified":"2015-03-15T17:55:29","modified_gmt":"2015-03-15T14:55:29","slug":"avertismentul-lui-traian-basescu","status":"publish","type":"post","link":"https:\/\/analyse.optim.biz\/?p=185002","title":{"rendered":"Avertismentul lui Traian B\u0103sescu"},"content":{"rendered":"<div class=\"entry data-app-meta data-app-meta-article\" data-embed-base-url-canonical=\"https:\/\/www.digi24.ro\/embed\/stiri\/actualitate\/politica\/avertismentul-lui-traian-basescu-370923\">\n<p data-index=\"1\">Traian B\u0103sescu l-a informat pe premier \u015fi chiar a am\u00e2nat ceremonia de \u00eenvestire p\u00e2n\u0103 c\u00e2nd Victor Ponta a putut fi prezent. A fost prima dat\u0103 c\u00e2nd depunerea jur\u0103m\u00e2ntului unui ministru nu s-a \u0163inut \u00een ziua \u015fi la ora convenite. Fostul \u015fef al statului a explicat am\u00e2narea prin faptul c\u0103 vrea s\u0103 fie sigur c\u0103 premierul \u00ee\u015fi asum\u0103 propunerea lui Darius V\u00e2lcov la Buget. <\/p>\n<p data-index=\"2\"><strong>Acum, Traian B\u0103sescu <a href=\"https:\/\/www.digi24.ro\/Stiri\/Digi24\/Actualitate\/Stiri\/Traian+Basescu+cere+remanirea+ministrului+de+Finante+Darius+Valc\" target=\"_blank\" data-skip-linkfix=\"1\" rel=\"noopener\">cere demiterea imediat\u0103 a ministrului Finan\u0163elor, Darius V\u00e2lcov, motiv\u00e2nd c\u0103<\/a><\/strong><a href=\"https:\/\/www.digi24.ro\/Stiri\/Digi24\/Actualitate\/Stiri\/Traian+Basescu+cere+remanirea+ministrului+de+Finante+Darius+Valc\" target=\"_blank\" data-skip-linkfix=\"1\" rel=\"noopener\"> \u201eorice or\u0103 de \u00eent\u00e2ziere are efecte grave de credibilitate politic\u0103 \u00een exterior, pe pie\u0163ele financiare dar \u015fi pe cursul de schimb\u201d. <\/a>Victor Ponta l-a propus pe Darius V\u00e2lcov pe 19 august 2014, dup\u0103 ce pre\u015fedintele Traian B\u0103sescu refuzase deja nominalizarea lui Claudiu Manda. Acum, \u015feful statului nu mai putea refuza.<\/p>\n<p data-index=\"3\"><strong>A trecut totu\u015fi o s\u0103pt\u0103m\u00e2n\u0103 p\u00e2n\u0103 c\u00e2nd Darius V\u00e2lcov a depus jur\u0103m\u00e2ntul, iar Traian B\u0103sescu \u015fi-a explicat ezit\u0103rile<\/strong>. A cerut informa\u0163ii despre senatorul PSD \u015fi a aflat c\u0103 sunt mai multe pl\u00e2ngeri pe numele s\u0103u. Era convins c\u0103 \u015fi premierul \u015ftie despre aceste probleme care ar fi putut duce la \u00eenceperea urm\u0103ririi penale. \u201eSunt o serie de fapte petrecute \u00een timpul mandatului de primar care au fost sesizate de diverse persoane \u015fi nu se \u015ftie dac\u0103 \u00eencepe sau nu \u00eencepe, ori aici voiam \u015fi asumarea primului ministru care \u015ftia toate aceste probleme \u00een aceea\u015fi m\u0103sur\u0103 \u00een care \u015ftiam \u015fi eu pentru c\u0103 am fost egal informa\u0163i\u201d, declara Traian B\u0103sescu.<\/p>\n<p data-index=\"4\"><strong>Declara\u0163ia lui Traian B\u0103sescu a fost dat\u0103 chiar \u00een ziua \u00een care ar fi trebuit s\u0103 aib\u0103 loc ceremonia de depunere a jur\u0103m\u00e2ntului.<\/strong> Evenimenul fusese deja anulat de \u015feful statului, pentru c\u0103 Victor Ponta nu a putut ajunge \u015fi l-a trimis \u00een locul lui pe Gabriel Oprea.<\/p>\n<p data-index=\"5\">\u201e<strong>Nu-mi r\u0103m\u00e2ne dec\u00e2t s\u0103 a\u015ftept un moment c\u00e2nd vom conveni reorganizarea ceremoniei \u00een prezen\u0163a primului ministru care pentru mine \u00eenseamn\u0103 c\u0103-\u015fi asum\u0103 propunerea pe care a f\u0103cut-o<\/strong>\u201d, a spus Traian B\u0103sescu. \u00cen tot acest timp, premierul se afla la reuniunea diploma\u0163iei. Efectuase \u00een ziua respectiv\u0103 \u015fi o vizit\u0103 \u00een Republica Moldova care se prelungise peste programul stabilit. A ajuns cu \u00eent\u00e2rziere inclusiv la \u00eent\u00e2lnirea cu diploma\u0163ii, iar cu zece minute \u00eenainte de \u00eenceperea ceremoniei de la Cotroceni, a anun\u0163at c\u0103 nu mai poate merge.<\/p>\n<p data-index=\"6\">\u201eNu am stat s\u0103 citesc ziarul sau s\u0103 beau cafea. \u015ei dac\u0103 \u00eei este at\u00e2t de drag de mine domnului B\u0103sescu, s\u0103 merg la studioul de cinematografie Cotroceni, o s\u0103 m\u0103 duc\u201d, declara Ponta. <strong>Ceremonia a avut loc p\u00e2n\u0103 la urm\u0103 a doua zi. Imediat dup\u0103 depunerea jur\u0103m\u00e2ntului, a avut loc o \u015fedin\u0163\u0103 de Guvern. Prima la care participa \u015fi Darius V\u00e2lcov. Atunci Victor Ponta i-a transmis noului ministru un mesaj de \u00eencurajare.<\/strong><span>\u201eNu \u015ftiu ce fapte cumplite penale a\u0163i comis pe vremea c\u00e2nd era\u0163i la PDL, sper ca ministru PSD s\u0103 face\u0163i foarte bine \u015fi s\u0103 lucra\u0163i foarte bine cu domnul ministru Petrescu\u201d, i-a spus premierul. <\/span>Victor Ponta a sus\u0163inut c\u0103 nu \u015ftie despre ce fapte vorbe\u015fte Traian B\u0103sescu. De\u015fi pre\u015fedintele declarase c\u0103, pe 25 august, i-a trimis o scrisoare lui Victor Ponta \u00een care l-a informat despre probleme cu Justi\u0163ia pe care le-ar putea avea Darius V\u00e2lcov. \u00a0<\/p>\n<\/div>\n<p> Source URL: https:\/\/www.digi24.ro\/stiri\/actualitate\/politica\/avertismentul-lui-traian-basescu-370923<\/p>\n","protected":false},"excerpt":{"rendered":"<p>Traian B\u0103sescu l-a informat pe premier \u015fi chiar a am\u00e2nat ceremonia de \u00eenvestire p\u00e2n\u0103 c\u00e2nd Victor Ponta a putut fi prezent. A fost prima dat\u0103 c\u00e2nd depunerea jur\u0103m\u00e2ntului unui ministru nu s-a \u0163inut \u00een ziua \u015fi la ora convenite. Fostul \u015fef al statului a explicat am\u00e2narea prin faptul c\u0103 vrea s\u0103 fie sigur c\u0103 premierul [&hellip;]<\/p>\n","protected":false},"author":1,"featured_media":185003,"comment_status":"open","ping_status":"","sticky":false,"template":"","format":"standard","meta":{"footnotes":""},"categories":[2],"tags":[11],"class_list":["post-185002","post","type-post","status-publish","format-standard","has-post-thumbnail","hentry","category-politics","tag-digi24"],"_links":{"self":[{"href":"https:\/\/analyse.optim.biz\/index.php?rest_route=\/wp\/v2\/posts\/185002","targetHints":{"allow":["GET"]}}],"collection":[{"href":"https:\/\/analyse.optim.biz\/index.php?rest_route=\/wp\/v2\/posts"}],"about":[{"href":"https:\/\/analyse.optim.biz\/index.php?rest_route=\/wp\/v2\/types\/post"}],"author":[{"embeddable":true,"href":"https:\/\/analyse.optim.biz\/index.php?rest_route=\/wp\/v2\/users\/1"}],"replies":[{"embeddable":true,"href":"https:\/\/analyse.optim.biz\/index.php?rest_route=%2Fwp%2Fv2%2Fcomments&post=185002"}],"version-history":[{"count":0,"href":"https:\/\/analyse.optim.biz\/index.php?rest_route=\/wp\/v2\/posts\/185002\/revisions"}],"wp:featuredmedia":[{"embeddable":true,"href":"https:\/\/analyse.optim.biz\/index.php?rest_route=\/wp\/v2\/media\/185003"}],"wp:attachment":[{"href":"https:\/\/analyse.optim.biz\/index.php?rest_route=%2Fwp%2Fv2%2Fmedia&parent=185002"}],"wp:term":[{"taxonomy":"category","embeddable":true,"href":"https:\/\/analyse.optim.biz\/index.php?rest_route=%2Fwp%2Fv2%2Fcategories&post=185002"},{"taxonomy":"post_tag","embeddable":true,"href":"https:\/\/analyse.optim.biz\/index.php?rest_route=%2Fwp%2Fv2%2Ftags&post=185002"}],"curies":[{"name":"wp","href":"https:\/\/api.w.org\/{rel}","templated":true}]}}