{"id":184987,"date":"2015-03-15T19:01:36","date_gmt":"2015-03-15T16:01:36","guid":{"rendered":"https:\/\/analyse.optim.biz\/?p=184987"},"modified":"2015-03-15T19:01:36","modified_gmt":"2015-03-15T16:01:36","slug":"victor-ponta-darius-valcov-si-a-dat-demisia-din-functia-de-ministru","status":"publish","type":"post","link":"https:\/\/analyse.optim.biz\/?p=184987","title":{"rendered":"Victor Ponta: Darius V\u00e2lcov \u0219i-a dat demisia din func\u021bia de ministru"},"content":{"rendered":"<div class=\"entry data-app-meta data-app-meta-article\" data-embed-base-url-canonical=\"https:\/\/www.digi24.ro\/embed\/stiri\/actualitate\/politica\/victor-ponta-darius-valcov-si-a-dat-demisia-din-functia-de-ministru-370939\">\n<p data-index=\"1\">\u00a0<img decoding=\"async\" src=\"https:\/\/analyse.optim.biz\/wp-content\/uploads\/2024\/09\/cgcmdz04mdamagfzad0wnwfmntrkmzgynjvizjkxzweyotk2nzu2nji5mtqznw-thumb_.jpg\" data-skip-htmlfix=\"1\" title=\"cgcmdz04mdamagfzad0wnwfmntrkmzgynjvizjkxzweyotk2nzu2nji5mtqznw-thumb_\"><\/p>\n<p data-index=\"2\">\u201e<span><strong>Am discutat ast\u0103zi la pr\u00e2nz cu domnul V\u00e2lcov care mi-a \u00eenaintat demisia domniei sale.<\/strong> Am vorbit dup\u0103 aceea, dup\u0103-amiaz\u0103, seara, \u015fi cu pre\u015fedintele \u015fi a\u0219tept de la domnul V\u00e2lcov \u2013 care chiar a avut un rol foarte important, foarte pozitiv \u2013 ca \u00een zilele urm\u0103toare, totu\u015fi, s\u0103 termine proiectul de Cod Fiscal. O s\u0103 m\u0103 g\u00e2ndesc la cel care va fi numit \u015fi voi \u00eenainta propunerea pre\u015fedintelui\u201d, a declarat premierul Victor Ponta la o televiziune.<\/span><\/p>\n<div class=\"fb-post\">\n<div class=\"fb-xfbml-parse-ignore\"><a href=\"https:\/\/www.facebook.com\/victor.ponta\/posts\/923884910984730\" data-skip-linkfix=\"1\">Post<\/a> by <a href=\"https:\/\/www.facebook.com\/victor.ponta\" data-skip-linkfix=\"1\">Victor Ponta<\/a>.<\/div>\n<\/div>\n<p data-index=\"4\">Reamintim c\u0103, \u00een urm\u0103 cu pu\u021bin timp, pre\u0219edintele <a href=\"https:\/\/www.digi24.ro\/Stiri\/Digi24\/Actualitate\/Politica\/Klaus+Iohannis+cere+revocarea+lui+Darius+Valcov+M-as+fi+asteptat\" target=\"_blank\" data-skip-linkfix=\"1\" rel=\"noopener\">Klaus Iohannis a cerut revocarea din func\u021bie a ministrului Darius V\u00e2lcov.\u00a0<\/a><\/p>\n<p data-index=\"5\">Pre\u015fedintele Rom\u00e2niei, Klaus Iohannis, a cerut revocarea lui Darius V\u00e2lcov din func\u0163ia de ministrul al Finan\u0163elor, potrivit unui comunicat de pres\u0103 publicat duminic\u0103 pe site-ul Pre\u015fedin\u0163iei.\u00a0<\/p>\n<p data-index=\"6\"><strong><span>Pre\u015fedintele a publicat \u015fi pe Facebook un mesaj \u00een care acuz\u0103 sfidarea justi\u0163iei din Rom\u00e2nia de c\u0103tre unii politicieni, nominaliz\u00e2nd cazurile Borbely \u015fi V\u00e2lcov.\u00a0<\/span><\/strong>Klaus Iohannis spune c\u0103\u00a0demnitarii care au probleme cu justi\u0163ia compromit clasa politic\u0103 \u00een general \u0219i credibilitatea institu\u021biilor statului \u00een ochii cet\u0103\u021benilor.\u00a0<\/p>\n<p data-index=\"7\">\u0218i\u00a0<a href=\"https:\/\/www.digi24.ro\/Stiri\/Digi24\/Actualitate\/Stiri\/Traian+Basescu+cere+remanirea+ministrului+de+Finante+Darius+Valc\" target=\"_blank\" data-skip-linkfix=\"1\" rel=\"noopener\">fostul pre\u0219edinte Traian B\u0103sescu a postat un mesaj pe contul s\u0103u de Facebook, s\u00e2mb\u0103t\u0103 noapte, adresat at\u00e2t pre\u0219edintelui Rom\u00e2niei Klaus Iohannis, c\u00e2t \u0219i premierului Victor Ponta cer\u00e2nd remanierea ministrului de Finan\u021be<\/a><span>, Darius V\u00e2lcov, preciz\u00e2nd c\u0103 acest lucru nu \u00eenseamn\u0103 c\u0103 \u00eel consider\u0103 vinovat.<\/span><\/p>\n<\/div>\n<p> Source URL: https:\/\/www.digi24.ro\/stiri\/actualitate\/politica\/victor-ponta-darius-valcov-si-a-dat-demisia-din-functia-de-ministru-370939<\/p>\n","protected":false},"excerpt":{"rendered":"<p>\u00a0 \u201eAm discutat ast\u0103zi la pr\u00e2nz cu domnul V\u00e2lcov care mi-a \u00eenaintat demisia domniei sale. Am vorbit dup\u0103 aceea, dup\u0103-amiaz\u0103, seara, \u015fi cu pre\u015fedintele \u015fi a\u0219tept de la domnul V\u00e2lcov \u2013 care chiar a avut un rol foarte important, foarte pozitiv \u2013 ca \u00een zilele urm\u0103toare, totu\u015fi, s\u0103 termine proiectul de Cod Fiscal. O s\u0103 [&hellip;]<\/p>\n","protected":false},"author":1,"featured_media":184988,"comment_status":"open","ping_status":"","sticky":false,"template":"","format":"standard","meta":{"footnotes":""},"categories":[2],"tags":[11],"class_list":["post-184987","post","type-post","status-publish","format-standard","has-post-thumbnail","hentry","category-politics","tag-digi24"],"_links":{"self":[{"href":"https:\/\/analyse.optim.biz\/index.php?rest_route=\/wp\/v2\/posts\/184987","targetHints":{"allow":["GET"]}}],"collection":[{"href":"https:\/\/analyse.optim.biz\/index.php?rest_route=\/wp\/v2\/posts"}],"about":[{"href":"https:\/\/analyse.optim.biz\/index.php?rest_route=\/wp\/v2\/types\/post"}],"author":[{"embeddable":true,"href":"https:\/\/analyse.optim.biz\/index.php?rest_route=\/wp\/v2\/users\/1"}],"replies":[{"embeddable":true,"href":"https:\/\/analyse.optim.biz\/index.php?rest_route=%2Fwp%2Fv2%2Fcomments&post=184987"}],"version-history":[{"count":0,"href":"https:\/\/analyse.optim.biz\/index.php?rest_route=\/wp\/v2\/posts\/184987\/revisions"}],"wp:featuredmedia":[{"embeddable":true,"href":"https:\/\/analyse.optim.biz\/index.php?rest_route=\/wp\/v2\/media\/184988"}],"wp:attachment":[{"href":"https:\/\/analyse.optim.biz\/index.php?rest_route=%2Fwp%2Fv2%2Fmedia&parent=184987"}],"wp:term":[{"taxonomy":"category","embeddable":true,"href":"https:\/\/analyse.optim.biz\/index.php?rest_route=%2Fwp%2Fv2%2Fcategories&post=184987"},{"taxonomy":"post_tag","embeddable":true,"href":"https:\/\/analyse.optim.biz\/index.php?rest_route=%2Fwp%2Fv2%2Ftags&post=184987"}],"curies":[{"name":"wp","href":"https:\/\/api.w.org\/{rel}","templated":true}]}}