{"id":184962,"date":"2015-03-15T21:49:24","date_gmt":"2015-03-15T18:49:24","guid":{"rendered":"https:\/\/analyse.optim.biz\/?p=184962"},"modified":"2015-03-15T21:49:24","modified_gmt":"2015-03-15T18:49:24","slug":"victor-ponta-nu-ma-spal-pe-maini-dar-povestea-ca-eu-cu-sova-am-facut-ceva-la-turceni-rovinari-este-falsa","status":"publish","type":"post","link":"https:\/\/analyse.optim.biz\/?p=184962","title":{"rendered":"Victor Ponta: Nu m\u0103 sp\u0103l pe m\u00e2ini, dar povestea c\u0103 eu cu \u015eova am f\u0103cut ceva la Turceni &#8211; Rovinari este fals\u0103"},"content":{"rendered":"<div class=\"entry data-app-meta data-app-meta-article\" data-embed-base-url-canonical=\"https:\/\/www.digi24.ro\/embed\/stiri\/actualitate\/politica\/victor-ponta-nu-ma-spal-pe-maini-dar-povestea-ca-eu-cu-sova-am-facut-ceva-la-turceni-rovinari-este-falsa-370966\">\n<p data-index=\"1\">\u00a0<img decoding=\"async\" src=\"https:\/\/analyse.optim.biz\/wp-content\/uploads\/2024\/09\/jmhhc2g9ywq0ntkznzqxyzy3ztjlnzg1zjuzmtk2ngviyjeyyty-thumb_.jpg\" data-skip-htmlfix=\"1\" title=\"jmhhc2g9ywq0ntkznzqxyzy3ztjlnzg1zjuzmtk2ngviyjeyyty-thumb_\"><\/p>\n<p data-index=\"2\">\u201e<span>Povestea asta cum eu cu \u015eova am f\u0103cut la Turceni \u015fi Rovinari este spus\u0103 de Man\u0163og, azi \u00een \u00eenchisoare, \u015fi de Macovei, care ar trebui s\u0103 fie tot pe acolo, dar \u00eenc\u0103 nu a ajuns. De \u015fapte ani, toate institu\u0163iile statului &#8211; ANAF, ANI, DNA &#8211; au verificat \u015fi au confirmat c\u0103, \u00een 2007, nu aveam nicio treab\u0103 cu contracte cu Turceni \u015fi Rovinari, ci erau ale cabinetului de avocatur\u0103 Dan \u015eova. Deci, nu m\u0103 sp\u0103l pe m\u00e2ini de nimic, dar e o poveste fals\u0103, pe care nu au reu\u015fit s\u0103 o foloseasc\u0103. Nu cred c\u0103 o s-o lase dup\u0103 \u015fapte ani, dar nici nu cred c\u0103 vor g\u0103si \u00een plus, c\u0103 nu au ce&#8221;, a spus Ponta la\u00a0o televiziune, scrie <a href=\"http:\/\/www.mediafax.ro\/politic\/ponta-nu-ma-spal-pe-maini-dar-povestea-ca-eu-cu-sova-am-facut-ceva-la-turceni-rovinari-este-falsa-13990124\" target=\"_blank\" data-skip-linkfix=\"1\" rel=\"noopener\">Mediafax.<\/a><\/span><\/p>\n<p data-index=\"3\"><a href=\"https:\/\/www.digi24.ro\/Stiri\/Digi24\/Actualitate\/Politica\/Ludovic+Orban+Victor+Ponta+a+castigat+miliarde+ca+partener+al+lu\" target=\"_blank\" data-skip-linkfix=\"1\" rel=\"noopener\">De altfel, prim-vicepre\u015fedintele PNL Ludovic Orban sus\u0163ine c\u0103 Victor Ponta a fost \u201eun beneficiar\u201d de pe urma rela\u0163iei cu Dan \u015eova<\/a> \u0219i c\u0103 premierul a c\u00e2\u015ftigat miliarde de lei ca partener \u00een cabinetul de avocatur\u0103 al lui \u015eova \u00een perioada c\u00e2nd acesta avea contracte cu complexurile energetice.\u00a0<\/p>\n<p data-index=\"4\"><span>\u201e<\/span><strong>\u00cen privin\u0163a lui \u015eova, ce s\u0103 fac\u0103 domnul Ponta cu \u015eova at\u00e2ta timp c\u00e2t a fost un beneficiar de pe urma rela\u0163iei cu \u015eova<\/strong><span>\u00a0c\u00e2\u015ftig\u00e2nd vreo patru miliarde jumate \u00een 2007 \u015fi \u015fapte miliarde patru sute de milioane \u00een 2008 \u00een pozi\u0163ia de\u00a0<\/span><em>senior partner<\/em><span>\u00a0la firma lui \u015eova exact \u00een perioada \u00een care domnul \u015eova avea contracte la complexurile energetice\u201d, a spus Ludovic Orban.\u00a0<\/span><\/p>\n<\/div>\n<p> Source URL: https:\/\/www.digi24.ro\/stiri\/actualitate\/politica\/victor-ponta-nu-ma-spal-pe-maini-dar-povestea-ca-eu-cu-sova-am-facut-ceva-la-turceni-rovinari-este-falsa-370966<\/p>\n","protected":false},"excerpt":{"rendered":"<p>\u00a0 \u201ePovestea asta cum eu cu \u015eova am f\u0103cut la Turceni \u015fi Rovinari este spus\u0103 de Man\u0163og, azi \u00een \u00eenchisoare, \u015fi de Macovei, care ar trebui s\u0103 fie tot pe acolo, dar \u00eenc\u0103 nu a ajuns. De \u015fapte ani, toate institu\u0163iile statului &#8211; ANAF, ANI, DNA &#8211; au verificat \u015fi au confirmat c\u0103, \u00een 2007, [&hellip;]<\/p>\n","protected":false},"author":1,"featured_media":184963,"comment_status":"open","ping_status":"","sticky":false,"template":"","format":"standard","meta":{"footnotes":""},"categories":[2],"tags":[11],"class_list":["post-184962","post","type-post","status-publish","format-standard","has-post-thumbnail","hentry","category-politics","tag-digi24"],"_links":{"self":[{"href":"https:\/\/analyse.optim.biz\/index.php?rest_route=\/wp\/v2\/posts\/184962","targetHints":{"allow":["GET"]}}],"collection":[{"href":"https:\/\/analyse.optim.biz\/index.php?rest_route=\/wp\/v2\/posts"}],"about":[{"href":"https:\/\/analyse.optim.biz\/index.php?rest_route=\/wp\/v2\/types\/post"}],"author":[{"embeddable":true,"href":"https:\/\/analyse.optim.biz\/index.php?rest_route=\/wp\/v2\/users\/1"}],"replies":[{"embeddable":true,"href":"https:\/\/analyse.optim.biz\/index.php?rest_route=%2Fwp%2Fv2%2Fcomments&post=184962"}],"version-history":[{"count":0,"href":"https:\/\/analyse.optim.biz\/index.php?rest_route=\/wp\/v2\/posts\/184962\/revisions"}],"wp:featuredmedia":[{"embeddable":true,"href":"https:\/\/analyse.optim.biz\/index.php?rest_route=\/wp\/v2\/media\/184963"}],"wp:attachment":[{"href":"https:\/\/analyse.optim.biz\/index.php?rest_route=%2Fwp%2Fv2%2Fmedia&parent=184962"}],"wp:term":[{"taxonomy":"category","embeddable":true,"href":"https:\/\/analyse.optim.biz\/index.php?rest_route=%2Fwp%2Fv2%2Fcategories&post=184962"},{"taxonomy":"post_tag","embeddable":true,"href":"https:\/\/analyse.optim.biz\/index.php?rest_route=%2Fwp%2Fv2%2Ftags&post=184962"}],"curies":[{"name":"wp","href":"https:\/\/api.w.org\/{rel}","templated":true}]}}