{"id":184940,"date":"2015-03-15T23:44:11","date_gmt":"2015-03-15T20:44:11","guid":{"rendered":"https:\/\/analyse.optim.biz\/?p=184940"},"modified":"2015-03-15T23:44:11","modified_gmt":"2015-03-15T20:44:11","slug":"legaturile-lui-victor-ponta-cu-rovinari-turceni-dezvaluirile-facute-de-dan-sova","status":"publish","type":"post","link":"https:\/\/analyse.optim.biz\/?p=184940","title":{"rendered":"Leg\u0103turile lui Victor Ponta cu Rovinari-Turceni. Dezv\u0103luirile f\u0103cute de Dan \u0218ova"},"content":{"rendered":"<div class=\"entry data-app-meta data-app-meta-article\" data-embed-base-url-canonical=\"https:\/\/www.digi24.ro\/embed\/stiri\/actualitate\/politica\/legaturile-lui-victor-ponta-cu-rovinari-turceni-dezvaluirile-facute-de-dan-sova-370977\">\n<p data-index=\"1\"><strong>Dezv\u0103luirea a fost f\u0103cut\u0103 de Dan \u015eova, <a href=\"https:\/\/www.digi24.ro\/Stiri\/Digi24\/Actualitate\/Justitie\/DNA+cere+incuviintarea+retinerii+si+arestarii+lui+Dan+Sova\" target=\"_blank\" data-skip-linkfix=\"1\" rel=\"noopener\">pentru care DNA a cerut deja avizul Parlamentului privind re\u0163inerea \u015fi arestarea sa<\/a>.<\/strong> Victor Ponta a colaborat cu casa de avocatur\u0103 \u00een perioada \u00een care aceasta reprezenta interesele companiei energetice Turceni-Rovinari. Comisionul lui Victor Ponta ar fi fost de 0,32% din valoarea \u00eencasat\u0103 de &#8220;\u015eova \u015fi Asocia\u0163ii&#8221; de la societatea din T\u00e2rgu Jiu, mai spune senatorul social-democrat.<\/p>\n<p data-index=\"2\"><strong>Dan \u015eova sus\u0163ine c\u0103 Victor Ponta nu a avut nicio leg\u0103tur\u0103 cu contractele dintre cabinetul s\u0103u de avocatur\u0103 \u015fi conducerea complexului Rovinari-Turceni.<\/strong> Admite \u00eens\u0103 c\u0103 \u00eentre 2007 \u015fi 2008, premierul a avut un contract cu &#8220;Sova \u015fi Asocia\u0163ii&#8221;. \u00ce\u015fi aminte\u015fte c\u0103 Victor Ponta a \u00eencasat \u201eo sum\u0103 modic\u0103\u201d.<\/p>\n<p data-index=\"3\">\u201e<strong>A fost o colaborare pe dou\u0103 dosare penale.<\/strong> Atunci Ponta era dintre cei mai buni avoca\u0163i de drept penal. <span>Sumele c\u00e2\u015ftigate de Ponta au fost modice. Dac\u0103 vrea cineva s\u0103 fac\u0103 compara\u0163ie \u00eentre veniturile luate de Ponta de la &#8220;Sova \u015fi Asocia\u0163ii&#8221;\u00a0\u015fi veniturile lui &#8220;\u0218ova \u015fi Asocia\u0163ii&#8221;\u00a0de la Turceni. Veniturile lui Ponta de la &#8220;\u0218ova \u015fi Asocia\u0163ii&#8221;\u00a0reprezint\u0103 0,32% din veniturile pe care le-a luat &#8220;\u0218ova \u015fi Asocia\u0163ii&#8221;\u00a0de la Turceni\u201d, a spus Dan \u0218ova.\u00a0<\/span><\/p>\n<p data-index=\"4\"><strong>Premierul Victor Ponta sus\u0163ine la r\u00e2ndul s\u0103u<a href=\"https:\/\/www.digi24.ro\/Stiri\/Digi24\/Actualitate\/Politica\/Victor+Ponta+Nu+ma+spal+pe+maini+dar+povestea+ca+eu+cu+Sova+am+f\" target=\"_blank\" data-skip-linkfix=\"1\" rel=\"noopener\"> c\u0103 ANAF, ANI \u015fi DNA au verificat deja toat\u0103 afacerea.<\/a><\/strong>\u00a0\u201e<span>Nu m\u0103 sp\u0103l pe m\u00e2ini de nimic, Doamne fere\u015fte! E o poveste fals\u0103 pe care nu au reu\u015fit s\u0103 o foloseasc\u0103. Nu cred c\u0103 o s-o lase dup\u0103 7 ani, dar nici nu vor g\u0103si nimic \u00een plus, nu au ce\u201d, a spus premierul Victor Ponta.<\/span><\/p>\n<p data-index=\"5\">Pe de alt\u0103 parte, \u015feful PSD spune c\u0103 senatorii social-democra\u0163i au m\u00e2n\u0103 liber\u0103 la votul privind cererea de arestare a procurorilor pe numele lui Dan \u015eova.\u00a0<\/p>\n<p data-index=\"6\"><strong>\u201eDomnul \u015eova va explica colegilor din Senat, ei vor lua decizia\u201d, a spus premierul.\u00a0<\/strong>\u00cen dosarul care-l vizeaz\u0103 pe fostul ministru al Marilor Proiecte, anchetatorii sus\u0163in c\u0103 el ar fi \u00eencercat s\u0103 distrug\u0103 probe tocmai din dosarul Turceni-Rovinari, \u00een care era deja acuzat de complicitate la abuz \u00een serviciu.<\/p>\n<p data-index=\"7\"><strong> Avocat de profesie, senatorul PSD ar fi adus \u00een fa\u0163a procurorilor documente false, pentru a sc\u0103pa de acuza\u0163ii.<\/strong> \u00cempreun\u0103 cu Dan \u015eova este cercetat \u015fi fostul director general al Complexului Energetic Turceni, pentru o pagub\u0103 adus\u0103 statului de peste 70 de milioane de lei.<\/p>\n<p data-index=\"8\"><strong>Directorul a angajat casa de avocatur\u0103 a lui Dan \u015eova s\u0103 reprezinte complexul \u00een mai multe litigii.<\/strong> Unele au fost pierdute. Cu toate acestea, firma lui Dan \u015eova ar fi \u00eencasat trei milioane \u015fi jum\u0103tate de lei, sus\u0163in procurorii. \u00a0<\/p>\n<\/div>\n<p> Source URL: https:\/\/www.digi24.ro\/stiri\/actualitate\/politica\/legaturile-lui-victor-ponta-cu-rovinari-turceni-dezvaluirile-facute-de-dan-sova-370977<\/p>\n","protected":false},"excerpt":{"rendered":"<p>Dezv\u0103luirea a fost f\u0103cut\u0103 de Dan \u015eova, pentru care DNA a cerut deja avizul Parlamentului privind re\u0163inerea \u015fi arestarea sa. Victor Ponta a colaborat cu casa de avocatur\u0103 \u00een perioada \u00een care aceasta reprezenta interesele companiei energetice Turceni-Rovinari. Comisionul lui Victor Ponta ar fi fost de 0,32% din valoarea \u00eencasat\u0103 de &#8220;\u015eova \u015fi Asocia\u0163ii&#8221; de [&hellip;]<\/p>\n","protected":false},"author":1,"featured_media":184941,"comment_status":"open","ping_status":"","sticky":false,"template":"","format":"standard","meta":{"footnotes":""},"categories":[2],"tags":[11],"class_list":["post-184940","post","type-post","status-publish","format-standard","has-post-thumbnail","hentry","category-politics","tag-digi24"],"_links":{"self":[{"href":"https:\/\/analyse.optim.biz\/index.php?rest_route=\/wp\/v2\/posts\/184940","targetHints":{"allow":["GET"]}}],"collection":[{"href":"https:\/\/analyse.optim.biz\/index.php?rest_route=\/wp\/v2\/posts"}],"about":[{"href":"https:\/\/analyse.optim.biz\/index.php?rest_route=\/wp\/v2\/types\/post"}],"author":[{"embeddable":true,"href":"https:\/\/analyse.optim.biz\/index.php?rest_route=\/wp\/v2\/users\/1"}],"replies":[{"embeddable":true,"href":"https:\/\/analyse.optim.biz\/index.php?rest_route=%2Fwp%2Fv2%2Fcomments&post=184940"}],"version-history":[{"count":0,"href":"https:\/\/analyse.optim.biz\/index.php?rest_route=\/wp\/v2\/posts\/184940\/revisions"}],"wp:featuredmedia":[{"embeddable":true,"href":"https:\/\/analyse.optim.biz\/index.php?rest_route=\/wp\/v2\/media\/184941"}],"wp:attachment":[{"href":"https:\/\/analyse.optim.biz\/index.php?rest_route=%2Fwp%2Fv2%2Fmedia&parent=184940"}],"wp:term":[{"taxonomy":"category","embeddable":true,"href":"https:\/\/analyse.optim.biz\/index.php?rest_route=%2Fwp%2Fv2%2Fcategories&post=184940"},{"taxonomy":"post_tag","embeddable":true,"href":"https:\/\/analyse.optim.biz\/index.php?rest_route=%2Fwp%2Fv2%2Ftags&post=184940"}],"curies":[{"name":"wp","href":"https:\/\/api.w.org\/{rel}","templated":true}]}}