{"id":1849372,"date":"2026-03-23T20:48:55","date_gmt":"2026-03-23T17:48:55","guid":{"rendered":"https:\/\/analyse.optim.biz\/?p=1849372"},"modified":"2026-03-23T20:48:55","modified_gmt":"2026-03-23T17:48:55","slug":"anumiti-locatari-ar-putea-sa-nu-beneficieze-de-reduceri-la-impozite-pentru-cladirile-vechi","status":"publish","type":"post","link":"https:\/\/analyse.optim.biz\/?p=1849372","title":{"rendered":"Anumi\u0163i locatari ar putea s\u0103 nu beneficieze de reduceri la impozite pentru cl\u0103dirile vechi"},"content":{"rendered":"<p>[analyse_image type=&#8221;featured&#8221; src=&#8221;https:\/\/www.tvbuzau.ro\/wp-content\/uploads\/2026\/03\/sddefault-47.jpghttps:\/\/www.tvbuzau.ro\/wp-content\/uploads\/2026\/03\/sddefault-47.jpg&#8221;]<\/p>\n<div class=\"td-ss-main-content\">\n<article id=\"post-118477\" class=\"post-118477 post type-post status-publish format-video has-post-thumbnail hentry category-actualitate post_format-post-format-video\">\n<div class=\"td-post-header\">\n<ul class=\"td-category\">\n<li class=\"entry-category\"><a href=\"https:\/\/www.tvbuzau.ro\/category\/actualitate\/\">Actualitate<\/a><\/li>\n<\/ul>\n<header class=\"td-post-title\">\n<h1 class=\"entry-title\">Anumi\u0163i locatari ar putea s\u0103 nu beneficieze de reduceri la impozite pentru cl\u0103dirile vechi<\/h1>\n<div class=\"td-module-meta-info\">\n<div class=\"td-post-author-name\">De c\u0103tre <a href=\"https:\/\/www.tvbuzau.ro\/author\/mihai-vasilescu\/\">TV Buz\u0103u<\/a> &#8211; <\/div>\n<p><span class=\"td-post-date\"><time class=\"entry-date updated td-module-date\" datetime=\"2026-03-23T20:48:55+00:00\">martie 23, 2026<\/time><\/span><\/p>\n<div class=\"td-post-comments\"><a href=\"https:\/\/www.tvbuzau.ro\/anumiti-locatari-ar-putea-sa-nu-beneficieze-de-reduceri-la-impozite-pentru-cladirile-vechi\/#respond\">0<\/a><\/div>\n<div class=\"td-post-views\"><span class=\"td-nr-views-118477\">16<\/span><\/div>\n<\/div>\n<\/header>\n<\/div>\n<div class=\"td-post-sharing td-post-sharing-top td-with-like\">\n<div class=\"td-default-sharing\"><a class=\"td-social-sharing-buttons td-social-facebook\" href=\"http:\/\/www.facebook.com\/sharer.php?u=https%3A%2F%2Fwww.tvbuzau.ro%2Fanumiti-locatari-ar-putea-sa-nu-beneficieze-de-reduceri-la-impozite-pentru-cladirile-vechi%2F\"><\/p>\n<div class=\"td-social-but-text\">Distribui\u021bi pe Facebook<\/div>\n<p><\/a><a class=\"td-social-sharing-buttons td-social-twitter\" href=\"https:\/\/twitter.com\/intent\/tweet?text=Anumi%C5%A3i+locatari+ar+putea+s%C4%83+nu+beneficieze+de+reduceri+la+impozite+pentru+cl%C4%83dirile+vechi&amp;url=https%3A%2F%2Fwww.tvbuzau.ro%2Fanumiti-locatari-ar-putea-sa-nu-beneficieze-de-reduceri-la-impozite-pentru-cladirile-vechi%2F&amp;via=TV+Buz%C4%83u\"><\/p>\n<div class=\"td-social-but-text\">Distribui\u021bi pe Twitter<\/div>\n<p><\/a><\/div>\n<div class=\"td-classic-sharing\">\n<ul>\n<li class=\"td-classic-facebook\"><iframe frameborder src=\"https:\/\/www.facebook.com\/plugins\/like.php?href=https:\/\/www.tvbuzau.ro\/anumiti-locatari-ar-putea-sa-nu-beneficieze-de-reduceri-la-impozite-pentru-cladirile-vechi\/&amp;layout=button_count&amp;show_faces=false&amp;width=105&amp;action=like&amp;colorscheme=light&amp;height=21\"><\/iframe><\/li>\n<li class=\"td-classic-twitter\"><a href=\"https:\/\/twitter.com\/share\" class=\"twitter-share-button\" data-url=\"https:\/\/www.tvbuzau.ro\/anumiti-locatari-ar-putea-sa-nu-beneficieze-de-reduceri-la-impozite-pentru-cladirile-vechi\/\" data-text=\"Anumi\u0163i locatari ar putea s\u0103 nu beneficieze de reduceri la impozite pentru cl\u0103dirile vechi\" data-via data-lang=\"en\">tweet<\/a><\/li>\n<\/ul>\n<\/div>\n<\/div>\n<div class=\"td-post-content\">\n<div class=\"td-featured-image-rec\">\n<div class=\"wpb_video_wrapper\">\n                    <iframe loading=\"lazy\" id=\"td_youtube_player\" width=\"600\" height=\"560\" src=\"https:\/\/www.youtube.com\/embed\/gxfg4iSi4e8?enablejsapi=1&amp;feature=oembed&amp;wmode=opaque&amp;vq=hd720\" frameborder allowfullscreen><\/iframe><\/p><\/div>\n<\/div>\n<p>Care este motivul? Unul destul de complicat<br \/>\nPrim\u0103ria Municipiului Buz\u0103u a modificat recent cuantumul taxelor \u015fi impozitelor pentru anul curent. Dac\u0103 anumite reduceri de care propretarii imobilelor vechi fuseser\u0103 anulate de o hot\u0103r\u00e2re probat\u0103 de Prim\u0103ria Buz\u0103u la finalul anului trecut, noua prevedere revine asupra beneficiilor respective, cu reduceri \u00een procente \u00eens\u0103 mai mici.  Astfel, pentru posesorii de cl\u0103diri cu o vechime mai mare de 50 de ani, vor avea un procent de reducere de15% iar cei care au cl\u0103diri cu vechime de cel pu\u021bin 100 de ani, vor avea impozitul redus cu 25%. Chiar \u015fi a\u015fa Prim\u0103ria Buz\u0103u a identificat o problem\u0103 legat\u0103 de aprobarea procentului de reducere \u00een cazul unor locatari.<br \/>\n\u00cen acest context, \u00een anumite cazuri, locatarii \u015fi asocia\u0163iile de proprietari vor trebui s\u0103 stabileasc\u0103 prin documente justificative vechimea locuin\u0163elor.<br \/>\nCLM Buz\u0103u a aprobat diminuarea cotelor din taxe \u0219i impozite, dup\u0103 intrarea \u00een vigoare a Ordonan\u021bei de Urgen\u021b\u0103 nr. 9 din 27 februarie ce a condus la revizuirea taxelor locale pentru persoanele cu handicap, pentru imobilele vechi, dar \u0219i pentru ma\u0219ini.<\/p>\n<div class=\"post-views post-118477 entry-meta\"><span class=\"post-views-label\">Post Views: <\/span><span class=\"post-views-count\">242<\/span><\/div>\n<\/div>\n<footer>\n<div class=\"td-post-sharing td-post-sharing-bottom td-with-like\"><span class=\"td-post-share-title\">DISTRIBUI\u021aI<\/span><\/p>\n<div class=\"td-default-sharing\"><a class=\"td-social-sharing-buttons td-social-facebook\" href=\"http:\/\/www.facebook.com\/sharer.php?u=https%3A%2F%2Fwww.tvbuzau.ro%2Fanumiti-locatari-ar-putea-sa-nu-beneficieze-de-reduceri-la-impozite-pentru-cladirile-vechi%2F\"><\/p>\n<div class=\"td-social-but-text\">Facebook<\/div>\n<p><\/a><a class=\"td-social-sharing-buttons td-social-twitter\" href=\"https:\/\/twitter.com\/intent\/tweet?text=Anumi%C5%A3i+locatari+ar+putea+s%C4%83+nu+beneficieze+de+reduceri+la+impozite+pentru+cl%C4%83dirile+vechi&amp;url=https%3A%2F%2Fwww.tvbuzau.ro%2Fanumiti-locatari-ar-putea-sa-nu-beneficieze-de-reduceri-la-impozite-pentru-cladirile-vechi%2F&amp;via=TV+Buz%C4%83u\"><\/p>\n<div class=\"td-social-but-text\">Twitter<\/div>\n<p><\/a><\/div>\n<div class=\"td-classic-sharing\">\n<ul>\n<li class=\"td-classic-facebook\"><iframe frameborder src=\"https:\/\/www.facebook.com\/plugins\/like.php?href=https:\/\/www.tvbuzau.ro\/anumiti-locatari-ar-putea-sa-nu-beneficieze-de-reduceri-la-impozite-pentru-cladirile-vechi\/&amp;layout=button_count&amp;show_faces=false&amp;width=105&amp;action=like&amp;colorscheme=light&amp;height=21\"><\/iframe><\/li>\n<li class=\"td-classic-twitter\"><a href=\"https:\/\/twitter.com\/share\" class=\"twitter-share-button\" data-url=\"https:\/\/www.tvbuzau.ro\/anumiti-locatari-ar-putea-sa-nu-beneficieze-de-reduceri-la-impozite-pentru-cladirile-vechi\/\" data-text=\"Anumi\u0163i locatari ar putea s\u0103 nu beneficieze de reduceri la impozite pentru cl\u0103dirile vechi\" data-via data-lang=\"en\">tweet<\/a><\/li>\n<\/ul>\n<\/div>\n<\/div>\n<div class=\"td-author-name vcard author\"><span class=\"fn\"><a href=\"https:\/\/www.tvbuzau.ro\/author\/mihai-vasilescu\/\">TV Buz\u0103u<\/a><\/span><\/div>\n<p><span><\/span><span><span><\/span><\/span><span><\/span><\/footer>\n<\/article>\n<div class=\"td_block_wrap td_block_related_posts td_uid_1_69c5ed97bdae6_rand td_with_ajax_pagination td-pb-border-top\" data-td-block-uid=\"td_uid_1_69c5ed97bdae6\">\n<h4 class=\"td-related-title\"><a id=\"td_uid_2_69c5ed97c2ead\" class=\"td-related-left td-cur-simple-item\" data-td_filter_value data-td_block_id=\"td_uid_1_69c5ed97bdae6\" href=\"https:\/\/www.tvbuzau.ro\/anumiti-locatari-ar-putea-sa-nu-beneficieze-de-reduceri-la-impozite-pentru-cladirile-vechi\/\">ARTICOLE SIMILARE<\/a><a id=\"td_uid_3_69c5ed97c2ee8\" class=\"td-related-right\" data-td_filter_value=\"td_related_more_from_author\" data-td_block_id=\"td_uid_1_69c5ed97bdae6\" href=\"https:\/\/www.tvbuzau.ro\/anumiti-locatari-ar-putea-sa-nu-beneficieze-de-reduceri-la-impozite-pentru-cladirile-vechi\/\">DE LA ACELA\u0218I AUTOR<\/a><\/h4>\n<div id=\"td_uid_1_69c5ed97bdae6\" class=\"td_block_inner\">\n<div class=\"td-related-row\">\n<div class=\"td-related-span4\">\n<div class=\"td_module_related_posts td-animation-stack td_mod_related_posts\">\n<div class=\"td-module-image\">\n<div class=\"td-module-thumb\"><a href=\"https:\/\/www.tvbuzau.ro\/prostitutie-si-masini-de-lux\/\" rel=\"bookmark\" title=\"Prostitu\u0163ie \u015fi ma\u015fini de lux\"><img loading=\"lazy\" decoding=\"async\" width=\"218\" height=\"150\" class=\"entry-thumb\" src=\"https:\/\/www.tvbuzau.ro\/wp-content\/uploads\/2026\/03\/sddefault-55-218x150.jpg\" alt title=\"Prostitu\u0163ie \u015fi ma\u015fini de lux\"><span class=\"td-video-play-ico\"><img loading=\"lazy\" decoding=\"async\" width=\"40\" height=\"40\" class=\"td-retina\" src=\"https:\/\/www.tvbuzau.ro\/wp-content\/themes\/Newspaper\/images\/icons\/ico-video-large.png\" alt=\"video\"><\/span><\/a><\/div>\n<p><a href=\"https:\/\/www.tvbuzau.ro\/category\/actualitate\/\" class=\"td-post-category\">Actualitate<\/a><\/div>\n<div class=\"item-details\">\n<h3 class=\"entry-title td-module-title\"><a href=\"https:\/\/www.tvbuzau.ro\/prostitutie-si-masini-de-lux\/\" rel=\"bookmark\" title=\"Prostitu\u0163ie \u015fi ma\u015fini de lux\">Prostitu\u0163ie \u015fi ma\u015fini de lux<\/a><\/h3>\n<\/div>\n<\/div>\n<\/div>\n<div class=\"td-related-span4\">\n<div class=\"td_module_related_posts td-animation-stack td_mod_related_posts\">\n<div class=\"td-module-image\">\n<div class=\"td-module-thumb\"><a href=\"https:\/\/www.tvbuzau.ro\/directia-silvica-pregateste-puieti-pentru-impaduriri\/\" rel=\"bookmark\" title=\"Direc\u0163ia Silvic\u0103 preg\u0103te\u015fte puie\u0163i pentru \u00eemp\u0103duriri\"><img loading=\"lazy\" decoding=\"async\" width=\"218\" height=\"150\" class=\"entry-thumb\" src=\"https:\/\/www.tvbuzau.ro\/wp-content\/uploads\/2026\/03\/hqdefault-46-218x150.jpg\" alt title=\"Direc\u0163ia Silvic\u0103 preg\u0103te\u015fte puie\u0163i pentru \u00eemp\u0103duriri\"><span class=\"td-video-play-ico\"><img loading=\"lazy\" decoding=\"async\" width=\"40\" height=\"40\" class=\"td-retina\" src=\"https:\/\/www.tvbuzau.ro\/wp-content\/themes\/Newspaper\/images\/icons\/ico-video-large.png\" alt=\"video\"><\/span><\/a><\/div>\n<p><a href=\"https:\/\/www.tvbuzau.ro\/category\/actualitate\/\" class=\"td-post-category\">Actualitate<\/a><\/div>\n<div class=\"item-details\">\n<h3 class=\"entry-title td-module-title\"><a href=\"https:\/\/www.tvbuzau.ro\/directia-silvica-pregateste-puieti-pentru-impaduriri\/\" rel=\"bookmark\" title=\"Direc\u0163ia Silvic\u0103 preg\u0103te\u015fte puie\u0163i pentru \u00eemp\u0103duriri\">Direc\u0163ia Silvic\u0103 preg\u0103te\u015fte puie\u0163i pentru \u00eemp\u0103duriri<\/a><\/h3>\n<\/div>\n<\/div>\n<\/div>\n<div class=\"td-related-span4\">\n<div class=\"td_module_related_posts td-animation-stack td_mod_related_posts\">\n<div class=\"td-module-image\">\n<div class=\"td-module-thumb\"><a href=\"https:\/\/www.tvbuzau.ro\/programe-pentru-comunitatile-de-romi\/\" rel=\"bookmark\" title=\"Programe pentru comunit\u0103\u0163ile de romi\"><img loading=\"lazy\" decoding=\"async\" width=\"218\" height=\"150\" class=\"entry-thumb\" src=\"https:\/\/www.tvbuzau.ro\/wp-content\/uploads\/2026\/03\/sddefault-54-218x150.jpg\" alt title=\"Programe pentru comunit\u0103\u0163ile de romi\"><span class=\"td-video-play-ico\"><img loading=\"lazy\" decoding=\"async\" width=\"40\" height=\"40\" class=\"td-retina\" src=\"https:\/\/www.tvbuzau.ro\/wp-content\/themes\/Newspaper\/images\/icons\/ico-video-large.png\" alt=\"video\"><\/span><\/a><\/div>\n<p><a href=\"https:\/\/www.tvbuzau.ro\/category\/actualitate\/\" class=\"td-post-category\">Actualitate<\/a><\/div>\n<div class=\"item-details\">\n<h3 class=\"entry-title td-module-title\"><a href=\"https:\/\/www.tvbuzau.ro\/programe-pentru-comunitatile-de-romi\/\" rel=\"bookmark\" title=\"Programe pentru comunit\u0103\u0163ile de romi\">Programe pentru comunit\u0103\u0163ile de romi<\/a><\/h3>\n<\/div>\n<\/div>\n<\/div>\n<\/div>\n<div class=\"td-related-row\">\n<div class=\"td-related-span4\">\n<div class=\"td_module_related_posts td-animation-stack td_mod_related_posts\">\n<div class=\"td-module-image\">\n<div class=\"td-module-thumb\"><a href=\"https:\/\/www.tvbuzau.ro\/putin-pana-se-deschide-aqua-park-ul\/\" rel=\"bookmark\" title=\"Pu\u0163in p\u00e2n\u0103 se deschide  Aqua Park-ul\"><img loading=\"lazy\" decoding=\"async\" width=\"218\" height=\"150\" class=\"entry-thumb\" src=\"https:\/\/www.tvbuzau.ro\/wp-content\/uploads\/2026\/03\/hqdefault-45-218x150.jpg\" alt title=\"Pu\u0163in p\u00e2n\u0103 se deschide  Aqua Park-ul\"><span class=\"td-video-play-ico\"><img loading=\"lazy\" decoding=\"async\" width=\"40\" height=\"40\" class=\"td-retina\" src=\"https:\/\/www.tvbuzau.ro\/wp-content\/themes\/Newspaper\/images\/icons\/ico-video-large.png\" alt=\"video\"><\/span><\/a><\/div>\n<p><a href=\"https:\/\/www.tvbuzau.ro\/category\/actualitate\/\" class=\"td-post-category\">Actualitate<\/a><\/div>\n<div class=\"item-details\">\n<h3 class=\"entry-title td-module-title\"><a href=\"https:\/\/www.tvbuzau.ro\/putin-pana-se-deschide-aqua-park-ul\/\" rel=\"bookmark\" title=\"Pu\u0163in p\u00e2n\u0103 se deschide  Aqua Park-ul\">Pu\u0163in p\u00e2n\u0103 se deschide  Aqua Park-ul<\/a><\/h3>\n<\/div>\n<\/div>\n<\/div>\n<div class=\"td-related-span4\">\n<div class=\"td_module_related_posts td-animation-stack td_mod_related_posts\">\n<div class=\"td-module-image\">\n<div class=\"td-module-thumb\"><a href=\"https:\/\/www.tvbuzau.ro\/pagube-insemate-provocate-de-animalele-salbatice\/\" rel=\"bookmark\" title=\"Pagube \u00eensemate provocate de animalele s\u0103lbatice\"><img loading=\"lazy\" decoding=\"async\" width=\"218\" height=\"150\" class=\"entry-thumb\" src=\"https:\/\/www.tvbuzau.ro\/wp-content\/uploads\/2026\/03\/hqdefault-44-218x150.jpg\" alt title=\"Pagube \u00eensemate provocate de animalele s\u0103lbatice\"><span class=\"td-video-play-ico\"><img loading=\"lazy\" decoding=\"async\" width=\"40\" height=\"40\" class=\"td-retina\" src=\"https:\/\/www.tvbuzau.ro\/wp-content\/themes\/Newspaper\/images\/icons\/ico-video-large.png\" alt=\"video\"><\/span><\/a><\/div>\n<p><a href=\"https:\/\/www.tvbuzau.ro\/category\/actualitate\/\" class=\"td-post-category\">Actualitate<\/a><\/div>\n<div class=\"item-details\">\n<h3 class=\"entry-title td-module-title\"><a href=\"https:\/\/www.tvbuzau.ro\/pagube-insemate-provocate-de-animalele-salbatice\/\" rel=\"bookmark\" title=\"Pagube \u00eensemate provocate de animalele s\u0103lbatice\">Pagube \u00eensemate provocate de animalele s\u0103lbatice<\/a><\/h3>\n<\/div>\n<\/div>\n<\/div>\n<div class=\"td-related-span4\">\n<div class=\"td_module_related_posts td-animation-stack td_mod_related_posts\">\n<div class=\"td-module-image\">\n<div class=\"td-module-thumb\"><a href=\"https:\/\/www.tvbuzau.ro\/vizite-de-lucru-la-unitatile-spitalcesti-din-judet\/\" rel=\"bookmark\" title=\"Vizite de lucru la unit\u0103\u0163ile spitalce\u015fti din jude\u0163\"><img loading=\"lazy\" decoding=\"async\" width=\"218\" height=\"150\" class=\"entry-thumb\" src=\"https:\/\/www.tvbuzau.ro\/wp-content\/uploads\/2026\/03\/sddefault-53-218x150.jpg\" alt title=\"Vizite de lucru la unit\u0103\u0163ile spitalce\u015fti din jude\u0163\"><span class=\"td-video-play-ico\"><img loading=\"lazy\" decoding=\"async\" width=\"40\" height=\"40\" class=\"td-retina\" src=\"https:\/\/www.tvbuzau.ro\/wp-content\/themes\/Newspaper\/images\/icons\/ico-video-large.png\" alt=\"video\"><\/span><\/a><\/div>\n<p><a href=\"https:\/\/www.tvbuzau.ro\/category\/actualitate\/\" class=\"td-post-category\">Actualitate<\/a><\/div>\n<div class=\"item-details\">\n<h3 class=\"entry-title td-module-title\"><a href=\"https:\/\/www.tvbuzau.ro\/vizite-de-lucru-la-unitatile-spitalcesti-din-judet\/\" rel=\"bookmark\" title=\"Vizite de lucru la unit\u0103\u0163ile spitalce\u015fti din jude\u0163\">Vizite de lucru la unit\u0103\u0163ile spitalce\u015fti din jude\u0163<\/a><\/h3>\n<\/div>\n<\/div>\n<\/div>\n<\/div>\n<\/div>\n<\/div>\n<div class=\"comments\" id=\"comments\">\n<div id=\"respond\" class=\"comment-respond\">\n<h3 id=\"reply-title\" class=\"comment-reply-title\">L\u0102SA\u021aI UN MESAJ <small><a rel=\"nofollow\" id=\"cancel-comment-reply-link\" href=\"https:\/\/www.tvbuzau.ro\/anumiti-locatari-ar-putea-sa-nu-beneficieze-de-reduceri-la-impozite-pentru-cladirile-vechi\/#respond\">Renun\u021ba\u021bi la r\u0103spuns<\/a><\/small><\/h3>\n<\/div>\n<\/div>\n<\/div>\n<div class=\"td-post-content\">\n<div class=\"td-featured-image-rec\">\n<div class=\"wpb_video_wrapper\">\n                    <iframe loading=\"lazy\" id=\"td_youtube_player\" width=\"600\" height=\"560\" src=\"https:\/\/www.youtube.com\/embed\/gxfg4iSi4e8?enablejsapi=1&amp;feature=oembed&amp;wmode=opaque&amp;vq=hd720\" frameborder allowfullscreen><\/iframe><\/p><\/div>\n<\/div>\n<p>Care este motivul? Unul destul de complicat<br \/>\nPrim\u0103ria Municipiului Buz\u0103u a modificat recent cuantumul taxelor \u015fi impozitelor pentru anul curent. Dac\u0103 anumite reduceri de care propretarii imobilelor vechi fuseser\u0103 anulate de o hot\u0103r\u00e2re probat\u0103 de Prim\u0103ria Buz\u0103u la finalul anului trecut, noua prevedere revine asupra beneficiilor respective, cu reduceri \u00een procente \u00eens\u0103 mai mici.  Astfel, pentru posesorii de cl\u0103diri cu o vechime mai mare de 50 de ani, vor avea un procent de reducere de15% iar cei care au cl\u0103diri cu vechime de cel pu\u021bin 100 de ani, vor avea impozitul redus cu 25%. Chiar \u015fi a\u015fa Prim\u0103ria Buz\u0103u a identificat o problem\u0103 legat\u0103 de aprobarea procentului de reducere \u00een cazul unor locatari.<br \/>\n\u00cen acest context, \u00een anumite cazuri, locatarii \u015fi asocia\u0163iile de proprietari vor trebui s\u0103 stabileasc\u0103 prin documente justificative vechimea locuin\u0163elor.<br \/>\nCLM Buz\u0103u a aprobat diminuarea cotelor din taxe \u0219i impozite, dup\u0103 intrarea \u00een vigoare a Ordonan\u021bei de Urgen\u021b\u0103 nr. 9 din 27 februarie ce a condus la revizuirea taxelor locale pentru persoanele cu handicap, pentru imobilele vechi, dar \u0219i pentru ma\u0219ini.<\/p>\n<div class=\"post-views post-118477 entry-meta\"><span class=\"post-views-label\">Post Views: <\/span><span class=\"post-views-count\">242<\/span><\/div>\n<\/div>\n<p>[analyse_source url=&#8221;https:\/\/www.tvbuzau.ro\/anumiti-locatari-ar-putea-sa-nu-beneficieze-de-reduceri-la-impozite-pentru-cladirile-vechi\/&#8221;]<\/p>\n","protected":false},"excerpt":{"rendered":"<p>[analyse_image type=&#8221;featured&#8221; src=&#8221;https:\/\/www.tvbuzau.ro\/wp-content\/uploads\/2026\/03\/sddefault-47.jpghttps:\/\/www.tvbuzau.ro\/wp-content\/uploads\/2026\/03\/sddefault-47.jpg&#8221;] Actualitate Anumi\u0163i locatari ar putea s\u0103 nu beneficieze de reduceri la impozite pentru cl\u0103dirile vechi De c\u0103tre TV Buz\u0103u &#8211; martie 23, 2026 0 16 Distribui\u021bi pe Facebook Distribui\u021bi pe Twitter tweet Care este motivul? Unul destul de complicat Prim\u0103ria Municipiului Buz\u0103u a modificat recent cuantumul taxelor \u015fi impozitelor pentru anul curent. [&hellip;]<\/p>\n","protected":false},"author":1,"featured_media":0,"comment_status":"open","ping_status":"","sticky":false,"template":"","format":"standard","meta":{"footnotes":""},"categories":[2],"tags":[226,116],"class_list":["post-1849372","post","type-post","status-publish","format-standard","hentry","category-politics","tag-crawlmanager","tag-tvbuzau-ro"],"_links":{"self":[{"href":"https:\/\/analyse.optim.biz\/index.php?rest_route=\/wp\/v2\/posts\/1849372","targetHints":{"allow":["GET"]}}],"collection":[{"href":"https:\/\/analyse.optim.biz\/index.php?rest_route=\/wp\/v2\/posts"}],"about":[{"href":"https:\/\/analyse.optim.biz\/index.php?rest_route=\/wp\/v2\/types\/post"}],"author":[{"embeddable":true,"href":"https:\/\/analyse.optim.biz\/index.php?rest_route=\/wp\/v2\/users\/1"}],"replies":[{"embeddable":true,"href":"https:\/\/analyse.optim.biz\/index.php?rest_route=%2Fwp%2Fv2%2Fcomments&post=1849372"}],"version-history":[{"count":0,"href":"https:\/\/analyse.optim.biz\/index.php?rest_route=\/wp\/v2\/posts\/1849372\/revisions"}],"wp:attachment":[{"href":"https:\/\/analyse.optim.biz\/index.php?rest_route=%2Fwp%2Fv2%2Fmedia&parent=1849372"}],"wp:term":[{"taxonomy":"category","embeddable":true,"href":"https:\/\/analyse.optim.biz\/index.php?rest_route=%2Fwp%2Fv2%2Fcategories&post=1849372"},{"taxonomy":"post_tag","embeddable":true,"href":"https:\/\/analyse.optim.biz\/index.php?rest_route=%2Fwp%2Fv2%2Ftags&post=1849372"}],"curies":[{"name":"wp","href":"https:\/\/api.w.org\/{rel}","templated":true}]}}