{"id":1848782,"date":"2026-03-26T16:50:12","date_gmt":"2026-03-26T13:50:12","guid":{"rendered":"https:\/\/analyse.optim.biz\/?p=1848782"},"modified":"2026-03-26T16:50:12","modified_gmt":"2026-03-26T13:50:12","slug":"gest-extrem-din-gelozie-la-buzau-unde-un-barbat-ar-fi-dat-foc-casei-fostei-sotii","status":"publish","type":"post","link":"https:\/\/analyse.optim.biz\/?p=1848782","title":{"rendered":"Gest extrem din gelozie la Buz\u0103u unde un b\u0103rbat ar fi dat foc casei fostei so\u021bii"},"content":{"rendered":"<p>[analyse_image type=&#8221;featured&#8221; src=&#8221;https:\/\/www.buzau.net\/stiri-din-buzau\/wp-content\/uploads\/2026\/03\/incendiu-cover.jpg&#8221;]<\/p>\n<div id=\"mvp-content-main\" class=\"left relative\">\n<p>Poli\u021bi\u0219tii de investiga\u021bii criminale din cadrul Poli\u021biei municipiului Buz\u0103u au re\u021binut, pe 25 martie, un b\u0103rbat \u00een v\u00e2rst\u0103 de 45 de ani din municipiu, cercetat pentru distrugere prin incendiere. Re\u021binerea s-a f\u0103cut pentru 24 de ore, ca urmare a verific\u0103rilor demarate dup\u0103 sesizarea formulat\u0103 de o localnic\u0103.<\/p>\n<p>Din cercet\u0103rile efectuate de anchetatori a reie\u0219it c\u0103, \u00een diminea\u021ba zilei de 21 martie, b\u0103rbatul ar fi p\u0103truns \u00een imobilul unei femei de 41 de ani, aflat \u00een acel moment nelocuit, \u0219i l-ar fi incendiat. Proprietara imobilului este fosta so\u021bie a b\u0103rbatului, iar acestea sunt date confirmate \u00een cadrul investiga\u021biei.<\/p>\n<p>Pe numele persoanei re\u021binute s-a \u00eentocmit dosar penal pentru distrugere prin incendiere, iar poli\u021bi\u0219tii continu\u0103 cercet\u0103rile pentru stabilirea \u00eentregii activit\u0103\u021bi infrac\u021bionale a acestuia. Ancheta vizeaz\u0103 l\u0103murirea tuturor circumstan\u021belor producerii evenimentului \u0219i identificarea eventualelor alte fapte conexe.<\/p>\n<div class=\"heateor_sss_sharing_container heateor_sss_horizontal_sharing\" data-heateor-sss-href=\"https:\/\/www.buzau.net\/stiri-din-buzau\/gest-extrem-din-gelozie-la-buzau-unde-un-barbat-ar-fi-dat-foc-casei-fostei-sotii\/\">\n<div class=\"heateor_sss_sharing_title\">DISTRIBUIE ACEST ARTICOL<\/div>\n<\/div>\n<\/div>\n<p>[analyse_source url=&#8221;https:\/\/www.buzau.net\/stiri-din-buzau\/gest-extrem-din-gelozie-la-buzau-unde-un-barbat-ar-fi-dat-foc-casei-fostei-sotii\/&#8221;]<\/p>\n","protected":false},"excerpt":{"rendered":"<p>[analyse_image type=&#8221;featured&#8221; src=&#8221;https:\/\/www.buzau.net\/stiri-din-buzau\/wp-content\/uploads\/2026\/03\/incendiu-cover.jpg&#8221;] Poli\u021bi\u0219tii de investiga\u021bii criminale din cadrul Poli\u021biei municipiului Buz\u0103u au re\u021binut, pe 25 martie, un b\u0103rbat \u00een v\u00e2rst\u0103 de 45 de ani din municipiu, cercetat pentru distrugere prin incendiere. Re\u021binerea s-a f\u0103cut pentru 24 de ore, ca urmare a verific\u0103rilor demarate dup\u0103 sesizarea formulat\u0103 de o localnic\u0103. Din cercet\u0103rile efectuate de anchetatori [&hellip;]<\/p>\n","protected":false},"author":1,"featured_media":0,"comment_status":"open","ping_status":"","sticky":false,"template":"","format":"standard","meta":{"footnotes":""},"categories":[2],"tags":[113,226],"class_list":["post-1848782","post","type-post","status-publish","format-standard","hentry","category-politics","tag-buzau-net","tag-crawlmanager"],"_links":{"self":[{"href":"https:\/\/analyse.optim.biz\/index.php?rest_route=\/wp\/v2\/posts\/1848782","targetHints":{"allow":["GET"]}}],"collection":[{"href":"https:\/\/analyse.optim.biz\/index.php?rest_route=\/wp\/v2\/posts"}],"about":[{"href":"https:\/\/analyse.optim.biz\/index.php?rest_route=\/wp\/v2\/types\/post"}],"author":[{"embeddable":true,"href":"https:\/\/analyse.optim.biz\/index.php?rest_route=\/wp\/v2\/users\/1"}],"replies":[{"embeddable":true,"href":"https:\/\/analyse.optim.biz\/index.php?rest_route=%2Fwp%2Fv2%2Fcomments&post=1848782"}],"version-history":[{"count":0,"href":"https:\/\/analyse.optim.biz\/index.php?rest_route=\/wp\/v2\/posts\/1848782\/revisions"}],"wp:attachment":[{"href":"https:\/\/analyse.optim.biz\/index.php?rest_route=%2Fwp%2Fv2%2Fmedia&parent=1848782"}],"wp:term":[{"taxonomy":"category","embeddable":true,"href":"https:\/\/analyse.optim.biz\/index.php?rest_route=%2Fwp%2Fv2%2Fcategories&post=1848782"},{"taxonomy":"post_tag","embeddable":true,"href":"https:\/\/analyse.optim.biz\/index.php?rest_route=%2Fwp%2Fv2%2Ftags&post=1848782"}],"curies":[{"name":"wp","href":"https:\/\/api.w.org\/{rel}","templated":true}]}}