{"id":1848423,"date":"2026-03-26T15:43:31","date_gmt":"2026-03-26T12:43:31","guid":{"rendered":"https:\/\/analyse.optim.biz\/?p=1848423"},"modified":"2026-03-26T15:43:31","modified_gmt":"2026-03-26T12:43:31","slug":"dan-nica-ue-trebuie-sa-investeasca-masiv-pentru-a-si-pastra-competitivitatea-industriala","status":"publish","type":"post","link":"https:\/\/analyse.optim.biz\/?p=1848423","title":{"rendered":"Dan Nica: UE trebuie s\u0103 investeasc\u0103 masiv pentru a-\u0219i p\u0103stra competitivitatea industrial\u0103"},"content":{"rendered":"<p>[analyse_image type=&#8221;featured&#8221; src=&#8221;https:\/\/www.buzau.net\/stiri-din-buzau\/wp-content\/uploads\/2026\/03\/WhatsApp-Image-2026-03-26-at-15.49.18.jpeg&#8221;]<\/p>\n<div id=\"mvp-content-main\" class=\"left relative\">\n<p>Europarlamentarul Dan Nica, coordonator al Comisiei ITRE din Parlamentul European, a subliniat necesitatea unor investi\u021bii concrete pentru consolidarea competitivit\u0103\u021bii industriale a UE, \u00een cadrul unei dezbateri organizate \u00een cooperare cu BusinessEurope. La discu\u021bii au participat Vicepre\u0219edinta Comisiei Europene, Henna Virkkunen, \u0219i Markus Beyrer, Director General BusinessEurope.<br \/>\n\u201eUn mesaj a fost clar \u2013 competitivitatea nu poate r\u0103m\u00e2ne doar un slogan, trebuie s\u0103 fie sus\u021binut\u0103 de investi\u021bii reale \u0219i de o viziune coerent\u0103. Raportul Draghi arat\u0103 ca Uniunea European\u0103 are nevoie de 750-800 de miliarde de euro suplimentare anual pentru a-\u0219i atinge obiectivele si pentru a r\u0103m\u00e2ne competitiv\u0103 la nivel global. Astfel, trebuie s\u0103 proiect\u0103m fondul cu o logic\u0103 clar\u0103 de interven\u021bie, o guvernan\u021b\u0103 puternic\u0103 \u0219i un accent pe tehnologii \u0219i infrastructuri care s\u0103 schimbe cu adev\u0103rat situa\u021bia.<br \/>\n\u00cen raportul Parlamentului European sus\u021binem:<br \/>\n\u2013 un sprijin mai concentrat pentru infrastructura digital\u0103;<br \/>\n\u2013 o aten\u021bie sporit\u0103 pentru securitatea cibernetic\u0103;<br \/>\n\u2013 \u2060o logic\u0103 de implementare mai rapid\u0103 pentru tehnologiile care evolueaz\u0103 accelerat;<br \/>\n\u2013 \u2060o prioritizare clar\u0103 a proiectelor care consolideaz\u0103 autonomia tehnologic\u0103 a Europei.<br \/>\n\u00cen acela\u0219i timp, trebuie s\u0103 acord\u0103m o aten\u021bie strategic\u0103 tehnologiilor emergente, precum quantum, care vor modela viitorul competitivit\u0103\u021bii europene.<br \/>\nEuropa nu \u00ee\u0219i permite s\u0103 am\u00e2ne deciziile. Dac\u0103 vrem s\u0103 r\u0103m\u00e2nem un actor industrial de top la nivel global, este momentul s\u0103 ac\u021bion\u0103m ferm, coerent \u0219i uni\u021bi\u201d, a precizat europarlamentarul Dan Nica.<\/p>\n<p><img decoding=\"async\" loading=\"lazy\" class=\"size-full wp-image-53628 aligncenter\" src=\"https:\/\/www.buzau.net\/stiri-din-buzau\/wp-content\/uploads\/2026\/03\/WhatsApp-Image-2026-03-26-at-15.49.18-2.jpeg\" alt width=\"1600\" height=\"1200\"><img decoding=\"async\" loading=\"lazy\" class=\"size-full wp-image-53629 aligncenter\" src=\"https:\/\/www.buzau.net\/stiri-din-buzau\/wp-content\/uploads\/2026\/03\/WhatsApp-Image-2026-03-26-at-15.49.18-1.jpeg\" alt width=\"900\" height=\"1600\"><\/p>\n<div class=\"heateor_sss_sharing_container heateor_sss_horizontal_sharing\" data-heateor-sss-href=\"https:\/\/www.buzau.net\/stiri-din-buzau\/dan-nica-ue-trebuie-sa-investeasca-masiv-pentru-a-si-pastra-competitivitatea-industriala\/\">\n<div class=\"heateor_sss_sharing_title\">DISTRIBUIE ACEST ARTICOL<\/div>\n<\/div>\n<\/div>\n<p>[analyse_source url=&#8221;https:\/\/www.buzau.net\/stiri-din-buzau\/dan-nica-ue-trebuie-sa-investeasca-masiv-pentru-a-si-pastra-competitivitatea-industriala\/&#8221;]<\/p>\n","protected":false},"excerpt":{"rendered":"<p>[analyse_image type=&#8221;featured&#8221; src=&#8221;https:\/\/www.buzau.net\/stiri-din-buzau\/wp-content\/uploads\/2026\/03\/WhatsApp-Image-2026-03-26-at-15.49.18.jpeg&#8221;] Europarlamentarul Dan Nica, coordonator al Comisiei ITRE din Parlamentul European, a subliniat necesitatea unor investi\u021bii concrete pentru consolidarea competitivit\u0103\u021bii industriale a UE, \u00een cadrul unei dezbateri organizate \u00een cooperare cu BusinessEurope. La discu\u021bii au participat Vicepre\u0219edinta Comisiei Europene, Henna Virkkunen, \u0219i Markus Beyrer, Director General BusinessEurope. \u201eUn mesaj a fost clar \u2013 [&hellip;]<\/p>\n","protected":false},"author":1,"featured_media":0,"comment_status":"open","ping_status":"","sticky":false,"template":"","format":"standard","meta":{"footnotes":""},"categories":[2],"tags":[113,226],"class_list":["post-1848423","post","type-post","status-publish","format-standard","hentry","category-politics","tag-buzau-net","tag-crawlmanager"],"_links":{"self":[{"href":"https:\/\/analyse.optim.biz\/index.php?rest_route=\/wp\/v2\/posts\/1848423","targetHints":{"allow":["GET"]}}],"collection":[{"href":"https:\/\/analyse.optim.biz\/index.php?rest_route=\/wp\/v2\/posts"}],"about":[{"href":"https:\/\/analyse.optim.biz\/index.php?rest_route=\/wp\/v2\/types\/post"}],"author":[{"embeddable":true,"href":"https:\/\/analyse.optim.biz\/index.php?rest_route=\/wp\/v2\/users\/1"}],"replies":[{"embeddable":true,"href":"https:\/\/analyse.optim.biz\/index.php?rest_route=%2Fwp%2Fv2%2Fcomments&post=1848423"}],"version-history":[{"count":0,"href":"https:\/\/analyse.optim.biz\/index.php?rest_route=\/wp\/v2\/posts\/1848423\/revisions"}],"wp:attachment":[{"href":"https:\/\/analyse.optim.biz\/index.php?rest_route=%2Fwp%2Fv2%2Fmedia&parent=1848423"}],"wp:term":[{"taxonomy":"category","embeddable":true,"href":"https:\/\/analyse.optim.biz\/index.php?rest_route=%2Fwp%2Fv2%2Fcategories&post=1848423"},{"taxonomy":"post_tag","embeddable":true,"href":"https:\/\/analyse.optim.biz\/index.php?rest_route=%2Fwp%2Fv2%2Ftags&post=1848423"}],"curies":[{"name":"wp","href":"https:\/\/api.w.org\/{rel}","templated":true}]}}