{"id":1848195,"date":"2026-03-26T13:38:44","date_gmt":"2026-03-26T10:38:44","guid":{"rendered":"https:\/\/analyse.optim.biz\/?p=1848195"},"modified":"2026-03-26T13:38:44","modified_gmt":"2026-03-26T10:38:44","slug":"cum-va-rezolva-primaria-buzau-problema-cainilor-fara-stapan-dupa-ce-a-pierdut-procesul-cu-un-ong-momentan-capturarea-maidanezilor-sistata","status":"publish","type":"post","link":"https:\/\/analyse.optim.biz\/?p=1848195","title":{"rendered":"Cum va rezolva Prim\u0103ria Buz\u0103u problema c\u00e2inilor f\u0103r\u0103 st\u0103p\u00e2n, dup\u0103 ce a pierdut procesul cu un ONG. Momentan, capturarea maidanezilor, sistat\u0103"},"content":{"rendered":"<p>[analyse_image type=&#8221;featured&#8221; src=&#8221;https:\/\/sansanews.ro\/wp-content\/uploads\/2023\/03\/WhatsApp-Image-2023-03-02-at-17.14.30.jpeghttps:\/\/sansanews.ro\/wp-content\/uploads\/2023\/03\/WhatsApp-Image-2023-03-02-at-17.14.30.jpeg&#8221;]<\/p>\n<div class=\"entry-content herald-entry-content\">\n<p>Prim\u0103ria Municipiului Buz\u0103u trebuie s\u0103 reia procedurile pentru \u00eenfiin\u021barea unui serviciu propriu de gestionare a c\u00e2inilor f\u0103r\u0103 st\u0103p\u00e2n, dup\u0103 ce a pierdut procesul intentat de \u201eH\u0103plu\u021b \u0219i prietenii\u201d, o asocia\u021bie de protec\u021bie a animalelor. Instan\u021ba a decis definitiv c\u0103 fostul serviciu delegat c\u0103tre Urbis Serv nu a respectat cadrul legal \u00een vigoare. Detalii <a href=\"https:\/\/sansanews.ro\/curtea-de-apel-hotarare-definitiva-consilierii-municipali-au-concesionat-ilegal-serviciul-de-ecarisaj-trebuie-sa-plateasca-500-000-euro-cand-votezi-dupa-ureche\/\">AICI.<\/a><\/p>\n<p>Procesul a fost deschis de organiza\u021bia de protec\u021bie a<br \/>\nanimalelor, care a contestat modul \u00een care a fost atribuit \u0219i a func\u021bionat<br \/>\nserviciul. Judec\u0103torii au admis ac\u021biunea, ceea ce oblig\u0103 administra\u021bia local\u0103<br \/>\ns\u0103 caute solu\u021bii \u0219i s\u0103 reg\u00e2ndeasc\u0103 \u00eentregul sistem.<\/p>\n<p>\u00cen urma acestei decizii, Prim\u0103ria Buz\u0103u a anun\u021bat c\u0103 va \u00eenfiin\u021ba un nou serviciu public, aflat direct \u00een subordinea institu\u021biei, care s\u0103 se ocupe de gestionarea c\u00e2inilor f\u0103r\u0103 st\u0103p\u00e2n, \u00een conformitate cu legisla\u021bia actual\u0103. \u00centre timp, \u00eens\u0103, situa\u021bia este delicat\u0103: c\u00e2inii f\u0103r\u0103 st\u0103p\u00e2n nu mai pot fi ridica\u021bi de pe domeniul public. <\/p>\n<blockquote class=\"wp-block-quote\">\n<p>\u201c\u00cen viitoarea sedint\u0103 a CLM, probabil dup\u0103 dezbaterea public\u0103, pentru c\u0103 este nevoie de o astfel de dezbatere, vom \u00eencerca s\u0103 \u00eenfiin\u021b\u0103m un astfel de serviciu \u00een cadrul Prim\u0103riei Buz\u0103u, a\u0219a cum prevede legea, \u0219i s\u0103-l gestion\u0103m prin aparatul propriu al prim\u0103riei. Va fi dezbatere public\u0103, vom urma to\u021bi pa\u0219ii legea, astfel \u00eenc\u00e2t vom respecta decizia instan\u021bei.<\/p>\n<p>\u00cen aceast\u0103 perioad\u0103, nu se mai desf\u0103\u0219oar\u0103 activit\u0103\u021bi de capturare a c\u00e2inilor f\u0103r\u0103 st\u0103p\u00e2n, p\u00e2n\u0103 \u00een momentul \u00een care Consiliul Local va lua o decizie \u00een acest sens. \u00cen caz de urgen\u021b\u0103, l\u0103s\u0103m celelalte autorit\u0103\u021bi-Poli\u021bia Animalelor, Jandarmeria-s\u0103 intervin\u0103. \u00cen urma deciziei instan\u021bei, noi nu vom mai interveni p\u00e2n\u0103 \u00een momentul \u00een care vom avea o reglementare adoptat\u0103 de CLM. Dar, to\u021bi c\u00e2inii acre se afl\u0103 \u00een padoc vor fi hr\u0103ni\u021bi \u0219i \u00eengriji\u021bi\u201d, a declarat, pentru \u0218ansaNews.ro, viceprimarul Ionu\u021b Apostu.<\/p>\n<\/blockquote>\n<p>Pe de alt\u0103 parte, Sorin Udrea, reprezentantul Asocia\u021biei \u201cH\u0103plu\u021b \u0219i prietenii\u201d spune c\u0103 autorit\u0103\u021bile locale au avut termen mai bine de 20 de ani s\u0103 rezolve problema serviciului de gestionare a c\u00e2inilor f\u0103r\u0103 st\u0103p\u00e2n, pentru a nu se ajunge \u00een acest punct, \u00eens\u0103 nu a f\u0103cut nimic \u00een acest sens.<\/p>\n<blockquote class=\"wp-block-quote\">\n<p>\u201cNu vorbim de urgen\u021b\u0103 acum, urgen\u021b\u0103 a fost la nivelul anului 2001, c\u00e2nd trebuia s\u0103 aplice legea \u0219i s\u0103 \u00eenfiin\u021beze serviciul \u0219i ad\u0103post public, \u00een termen de 60 de zile. Dup\u0103 7 ani \u00een care am avut discu\u021bii nenum\u0103rate \u0219i le-am spus ce obliga\u021bii au, domnul Apostu vine \u0219i spune c\u0103 vor \u00eenfiin\u021ba serviciu, p\u00e2n\u0103 acum au refuzat, au spus c\u0103 nu pot s\u0103 fac\u0103 asta. Este problema \u0219i responsabilitatea prim\u0103riei ce se \u00eent\u00e2mpl\u0103 \u0219i ce se va \u00eent\u00e2mpla \u00een municipiu.\u201d<\/p>\n<\/blockquote>\n<div class=\"meta-tags\"><span>Etichete<\/span><a href=\"https:\/\/sansanews.ro\/tag\/caini-fara-stapan\/\" rel=\"tag\">caini fara stapan<\/a><a href=\"https:\/\/sansanews.ro\/tag\/primaria-buzau\/\" rel=\"tag\">Prim\u0103ria Buz\u0103u<\/a><a href=\"https:\/\/sansanews.ro\/tag\/urbis-serv\/\" rel=\"tag\">Urbis Serv<\/a><\/div>\n<div class=\"herald-share-content\">\n<div class=\"meks_ess rectangle no-labels outline\"><a class=\"meks_ess-item socicon-facebook\" data-url=\"http:\/\/www.facebook.com\/sharer\/sharer.php?u=https%3A%2F%2Fsansanews.ro%2Fcum-va-rezolva-primaria-buzau-problema-cainilor-fara-stapan-dupa-ce-a-pierdut-procesul-cu-un-ong-momentan-capturarea-maidanezilor-sistata%2F&amp;t=Cum%20va%20rezolva%20Prim%C4%83ria%20Buz%C4%83u%20problema%20c%C3%A2inilor%20f%C4%83r%C4%83%20st%C4%83p%C3%A2n%2C%20dup%C4%83%20ce%20a%20pierdut%20procesul%20cu%20un%20ONG.%20Momentan%2C%20capturarea%20maidanezilor%2C%20sistat%C4%83\"><span>Facebook<\/span><\/a><a href=\"https:\/\/api.whatsapp.com\/send?text=Cum%20va%20rezolva%20Prim%C4%83ria%20Buz%C4%83u%20problema%20c%C3%A2inilor%20f%C4%83r%C4%83%20st%C4%83p%C3%A2n%2C%20dup%C4%83%20ce%20a%20pierdut%20procesul%20cu%20un%20ONG.%20Momentan%2C%20capturarea%20maidanezilor%2C%20sistat%C4%83%20https%3A%2F%2Fsansanews.ro%2Fcum-va-rezolva-primaria-buzau-problema-cainilor-fara-stapan-dupa-ce-a-pierdut-procesul-cu-un-ong-momentan-capturarea-maidanezilor-sistata%2F\" class=\"meks_ess-item socicon-whatsapp prevent-share-popup\"><span>WhatsApp<\/span><\/a><a class=\"meks_ess-item socicon-twitter\" data-url=\"http:\/\/twitter.com\/intent\/tweet?url=https%3A%2F%2Fsansanews.ro%2Fcum-va-rezolva-primaria-buzau-problema-cainilor-fara-stapan-dupa-ce-a-pierdut-procesul-cu-un-ong-momentan-capturarea-maidanezilor-sistata%2F&amp;text=Cum%20va%20rezolva%20Prim%C4%83ria%20Buz%C4%83u%20problema%20c%C3%A2inilor%20f%C4%83r%C4%83%20st%C4%83p%C3%A2n%2C%20dup%C4%83%20ce%20a%20pierdut%20procesul%20cu%20un%20ONG.%20Momentan%2C%20capturarea%20maidanezilor%2C%20sistat%C4%83\"><span>Twitter<\/span><\/a><a class=\"meks_ess-item socicon-pinterest\" data-url=\"http:\/\/pinterest.com\/pin\/create\/button\/?url=https%3A%2F%2Fsansanews.ro%2Fcum-va-rezolva-primaria-buzau-problema-cainilor-fara-stapan-dupa-ce-a-pierdut-procesul-cu-un-ong-momentan-capturarea-maidanezilor-sistata%2F&amp;media=https%3A%2F%2Fsansanews.ro%2Fwp-content%2Fuploads%2F2023%2F03%2FWhatsApp-Image-2023-03-02-at-17.14.30.jpeg&amp;description=Cum%20va%20rezolva%20Prim%C4%83ria%20Buz%C4%83u%20problema%20c%C3%A2inilor%20f%C4%83r%C4%83%20st%C4%83p%C3%A2n%2C%20dup%C4%83%20ce%20a%20pierdut%20procesul%20cu%20un%20ONG.%20Momentan%2C%20capturarea%20maidanezilor%2C%20sistat%C4%83\"><span>Pinterest<\/span><\/a><\/div>\n<\/div>\n<\/div>\n<div class=\"entry-content herald-entry-content\">\n<p>Prim\u0103ria Municipiului Buz\u0103u trebuie s\u0103 reia procedurile pentru \u00eenfiin\u021barea unui serviciu propriu de gestionare a c\u00e2inilor f\u0103r\u0103 st\u0103p\u00e2n, dup\u0103 ce a pierdut procesul intentat de \u201eH\u0103plu\u021b \u0219i prietenii\u201d, o asocia\u021bie de protec\u021bie a animalelor. Instan\u021ba a decis definitiv c\u0103 fostul serviciu delegat c\u0103tre Urbis Serv nu a respectat cadrul legal \u00een vigoare. Detalii <a href=\"https:\/\/sansanews.ro\/curtea-de-apel-hotarare-definitiva-consilierii-municipali-au-concesionat-ilegal-serviciul-de-ecarisaj-trebuie-sa-plateasca-500-000-euro-cand-votezi-dupa-ureche\/\">AICI.<\/a><\/p>\n<p>Procesul a fost deschis de organiza\u021bia de protec\u021bie a<br \/>\nanimalelor, care a contestat modul \u00een care a fost atribuit \u0219i a func\u021bionat<br \/>\nserviciul. Judec\u0103torii au admis ac\u021biunea, ceea ce oblig\u0103 administra\u021bia local\u0103<br \/>\ns\u0103 caute solu\u021bii \u0219i s\u0103 reg\u00e2ndeasc\u0103 \u00eentregul sistem.<\/p>\n<p>\u00cen urma acestei decizii, Prim\u0103ria Buz\u0103u a anun\u021bat c\u0103 va \u00eenfiin\u021ba un nou serviciu public, aflat direct \u00een subordinea institu\u021biei, care s\u0103 se ocupe de gestionarea c\u00e2inilor f\u0103r\u0103 st\u0103p\u00e2n, \u00een conformitate cu legisla\u021bia actual\u0103. \u00centre timp, \u00eens\u0103, situa\u021bia este delicat\u0103: c\u00e2inii f\u0103r\u0103 st\u0103p\u00e2n nu mai pot fi ridica\u021bi de pe domeniul public. <\/p>\n<blockquote class=\"wp-block-quote\">\n<p>\u201c\u00cen viitoarea sedint\u0103 a CLM, probabil dup\u0103 dezbaterea public\u0103, pentru c\u0103 este nevoie de o astfel de dezbatere, vom \u00eencerca s\u0103 \u00eenfiin\u021b\u0103m un astfel de serviciu \u00een cadrul Prim\u0103riei Buz\u0103u, a\u0219a cum prevede legea, \u0219i s\u0103-l gestion\u0103m prin aparatul propriu al prim\u0103riei. Va fi dezbatere public\u0103, vom urma to\u021bi pa\u0219ii legea, astfel \u00eenc\u00e2t vom respecta decizia instan\u021bei.<\/p>\n<p>\u00cen aceast\u0103 perioad\u0103, nu se mai desf\u0103\u0219oar\u0103 activit\u0103\u021bi de capturare a c\u00e2inilor f\u0103r\u0103 st\u0103p\u00e2n, p\u00e2n\u0103 \u00een momentul \u00een care Consiliul Local va lua o decizie \u00een acest sens. \u00cen caz de urgen\u021b\u0103, l\u0103s\u0103m celelalte autorit\u0103\u021bi-Poli\u021bia Animalelor, Jandarmeria-s\u0103 intervin\u0103. \u00cen urma deciziei instan\u021bei, noi nu vom mai interveni p\u00e2n\u0103 \u00een momentul \u00een care vom avea o reglementare adoptat\u0103 de CLM. Dar, to\u021bi c\u00e2inii acre se afl\u0103 \u00een padoc vor fi hr\u0103ni\u021bi \u0219i \u00eengriji\u021bi\u201d, a declarat, pentru \u0218ansaNews.ro, viceprimarul Ionu\u021b Apostu.<\/p>\n<\/blockquote>\n<p>Pe de alt\u0103 parte, Sorin Udrea, reprezentantul Asocia\u021biei \u201cH\u0103plu\u021b \u0219i prietenii\u201d spune c\u0103 autorit\u0103\u021bile locale au avut termen mai bine de 20 de ani s\u0103 rezolve problema serviciului de gestionare a c\u00e2inilor f\u0103r\u0103 st\u0103p\u00e2n, pentru a nu se ajunge \u00een acest punct, \u00eens\u0103 nu a f\u0103cut nimic \u00een acest sens.<\/p>\n<blockquote class=\"wp-block-quote\">\n<p>\u201cNu vorbim de urgen\u021b\u0103 acum, urgen\u021b\u0103 a fost la nivelul anului 2001, c\u00e2nd trebuia s\u0103 aplice legea \u0219i s\u0103 \u00eenfiin\u021beze serviciul \u0219i ad\u0103post public, \u00een termen de 60 de zile. Dup\u0103 7 ani \u00een care am avut discu\u021bii nenum\u0103rate \u0219i le-am spus ce obliga\u021bii au, domnul Apostu vine \u0219i spune c\u0103 vor \u00eenfiin\u021ba serviciu, p\u00e2n\u0103 acum au refuzat, au spus c\u0103 nu pot s\u0103 fac\u0103 asta. Este problema \u0219i responsabilitatea prim\u0103riei ce se \u00eent\u00e2mpl\u0103 \u0219i ce se va \u00eent\u00e2mpla \u00een municipiu.\u201d<\/p>\n<\/blockquote>\n<div class=\"meta-tags\"><span>Etichete<\/span><a href=\"https:\/\/sansanews.ro\/tag\/caini-fara-stapan\/\" rel=\"tag\">caini fara stapan<\/a><a href=\"https:\/\/sansanews.ro\/tag\/primaria-buzau\/\" rel=\"tag\">Prim\u0103ria Buz\u0103u<\/a><a href=\"https:\/\/sansanews.ro\/tag\/urbis-serv\/\" rel=\"tag\">Urbis Serv<\/a><\/div>\n<div class=\"herald-share-content\">\n<div class=\"meks_ess rectangle no-labels outline\"><a class=\"meks_ess-item socicon-facebook\" data-url=\"http:\/\/www.facebook.com\/sharer\/sharer.php?u=https%3A%2F%2Fsansanews.ro%2Fcum-va-rezolva-primaria-buzau-problema-cainilor-fara-stapan-dupa-ce-a-pierdut-procesul-cu-un-ong-momentan-capturarea-maidanezilor-sistata%2F&amp;t=Cum%20va%20rezolva%20Prim%C4%83ria%20Buz%C4%83u%20problema%20c%C3%A2inilor%20f%C4%83r%C4%83%20st%C4%83p%C3%A2n%2C%20dup%C4%83%20ce%20a%20pierdut%20procesul%20cu%20un%20ONG.%20Momentan%2C%20capturarea%20maidanezilor%2C%20sistat%C4%83\"><span>Facebook<\/span><\/a><a href=\"https:\/\/api.whatsapp.com\/send?text=Cum%20va%20rezolva%20Prim%C4%83ria%20Buz%C4%83u%20problema%20c%C3%A2inilor%20f%C4%83r%C4%83%20st%C4%83p%C3%A2n%2C%20dup%C4%83%20ce%20a%20pierdut%20procesul%20cu%20un%20ONG.%20Momentan%2C%20capturarea%20maidanezilor%2C%20sistat%C4%83%20https%3A%2F%2Fsansanews.ro%2Fcum-va-rezolva-primaria-buzau-problema-cainilor-fara-stapan-dupa-ce-a-pierdut-procesul-cu-un-ong-momentan-capturarea-maidanezilor-sistata%2F\" class=\"meks_ess-item socicon-whatsapp prevent-share-popup\"><span>WhatsApp<\/span><\/a><a class=\"meks_ess-item socicon-twitter\" data-url=\"http:\/\/twitter.com\/intent\/tweet?url=https%3A%2F%2Fsansanews.ro%2Fcum-va-rezolva-primaria-buzau-problema-cainilor-fara-stapan-dupa-ce-a-pierdut-procesul-cu-un-ong-momentan-capturarea-maidanezilor-sistata%2F&amp;text=Cum%20va%20rezolva%20Prim%C4%83ria%20Buz%C4%83u%20problema%20c%C3%A2inilor%20f%C4%83r%C4%83%20st%C4%83p%C3%A2n%2C%20dup%C4%83%20ce%20a%20pierdut%20procesul%20cu%20un%20ONG.%20Momentan%2C%20capturarea%20maidanezilor%2C%20sistat%C4%83\"><span>Twitter<\/span><\/a><a class=\"meks_ess-item socicon-pinterest\" data-url=\"http:\/\/pinterest.com\/pin\/create\/button\/?url=https%3A%2F%2Fsansanews.ro%2Fcum-va-rezolva-primaria-buzau-problema-cainilor-fara-stapan-dupa-ce-a-pierdut-procesul-cu-un-ong-momentan-capturarea-maidanezilor-sistata%2F&amp;media=https%3A%2F%2Fsansanews.ro%2Fwp-content%2Fuploads%2F2023%2F03%2FWhatsApp-Image-2023-03-02-at-17.14.30.jpeg&amp;description=Cum%20va%20rezolva%20Prim%C4%83ria%20Buz%C4%83u%20problema%20c%C3%A2inilor%20f%C4%83r%C4%83%20st%C4%83p%C3%A2n%2C%20dup%C4%83%20ce%20a%20pierdut%20procesul%20cu%20un%20ONG.%20Momentan%2C%20capturarea%20maidanezilor%2C%20sistat%C4%83\"><span>Pinterest<\/span><\/a><\/div>\n<\/div>\n<\/div>\n<p>[analyse_source url=&#8221;https:\/\/sansanews.ro\/cum-va-rezolva-primaria-buzau-problema-cainilor-fara-stapan-dupa-ce-a-pierdut-procesul-cu-un-ong-momentan-capturarea-maidanezilor-sistata\/&#8221;]<\/p>\n","protected":false},"excerpt":{"rendered":"<p>[analyse_image type=&#8221;featured&#8221; src=&#8221;https:\/\/sansanews.ro\/wp-content\/uploads\/2023\/03\/WhatsApp-Image-2023-03-02-at-17.14.30.jpeghttps:\/\/sansanews.ro\/wp-content\/uploads\/2023\/03\/WhatsApp-Image-2023-03-02-at-17.14.30.jpeg&#8221;] Prim\u0103ria Municipiului Buz\u0103u trebuie s\u0103 reia procedurile pentru \u00eenfiin\u021barea unui serviciu propriu de gestionare a c\u00e2inilor f\u0103r\u0103 st\u0103p\u00e2n, dup\u0103 ce a pierdut procesul intentat de \u201eH\u0103plu\u021b \u0219i prietenii\u201d, o asocia\u021bie de protec\u021bie a animalelor. Instan\u021ba a decis definitiv c\u0103 fostul serviciu delegat c\u0103tre Urbis Serv nu a respectat cadrul legal \u00een vigoare. [&hellip;]<\/p>\n","protected":false},"author":1,"featured_media":0,"comment_status":"open","ping_status":"","sticky":false,"template":"","format":"standard","meta":{"footnotes":""},"categories":[2],"tags":[226,51],"class_list":["post-1848195","post","type-post","status-publish","format-standard","hentry","category-politics","tag-crawlmanager","tag-sansanews-ro"],"_links":{"self":[{"href":"https:\/\/analyse.optim.biz\/index.php?rest_route=\/wp\/v2\/posts\/1848195","targetHints":{"allow":["GET"]}}],"collection":[{"href":"https:\/\/analyse.optim.biz\/index.php?rest_route=\/wp\/v2\/posts"}],"about":[{"href":"https:\/\/analyse.optim.biz\/index.php?rest_route=\/wp\/v2\/types\/post"}],"author":[{"embeddable":true,"href":"https:\/\/analyse.optim.biz\/index.php?rest_route=\/wp\/v2\/users\/1"}],"replies":[{"embeddable":true,"href":"https:\/\/analyse.optim.biz\/index.php?rest_route=%2Fwp%2Fv2%2Fcomments&post=1848195"}],"version-history":[{"count":0,"href":"https:\/\/analyse.optim.biz\/index.php?rest_route=\/wp\/v2\/posts\/1848195\/revisions"}],"wp:attachment":[{"href":"https:\/\/analyse.optim.biz\/index.php?rest_route=%2Fwp%2Fv2%2Fmedia&parent=1848195"}],"wp:term":[{"taxonomy":"category","embeddable":true,"href":"https:\/\/analyse.optim.biz\/index.php?rest_route=%2Fwp%2Fv2%2Fcategories&post=1848195"},{"taxonomy":"post_tag","embeddable":true,"href":"https:\/\/analyse.optim.biz\/index.php?rest_route=%2Fwp%2Fv2%2Ftags&post=1848195"}],"curies":[{"name":"wp","href":"https:\/\/api.w.org\/{rel}","templated":true}]}}