{"id":1848194,"date":"2026-03-26T12:24:04","date_gmt":"2026-03-26T09:24:04","guid":{"rendered":"https:\/\/analyse.optim.biz\/?p=1848194"},"modified":"2026-03-26T12:24:04","modified_gmt":"2026-03-26T09:24:04","slug":"cel-mai-inalt-brad-din-romania-se-afla-chiar-in-buzau-ce-inaltime-si-varsta-are","status":"publish","type":"post","link":"https:\/\/analyse.optim.biz\/?p=1848194","title":{"rendered":"Cel mai \u00eenalt brad din Rom\u00e2nia se afl\u0103 chiar \u00een Buz\u0103u! Ce \u00een\u0103l\u021bime \u0219i v\u00e2rst\u0103 are"},"content":{"rendered":"<p>[analyse_image type=&#8221;featured&#8221; src=&#8221;https:\/\/sansanews.ro\/wp-content\/uploads\/2026\/03\/656840969_1480235970326576_7426475475300817552_n.jpghttps:\/\/sansanews.ro\/wp-content\/uploads\/2026\/03\/656840969_1480235970326576_7426475475300817552_n.jpg&#8221;]<\/p>\n<div class=\"entry-content herald-entry-content\">\n<p>Imagina\u021bi-v\u0103 un brad uria\u0219, at\u00e2t de \u00eenalt \u00eenc\u00e2t pare c\u0103 atinge cerul\u2026 Acest \u201egigant verde\u201d exist\u0103 \u00een realitate \u0219i se afl\u0103 chiar \u00een satul Gura Siriului, jude\u021bul Buz\u0103u. Cu o \u00een\u0103l\u021bime record de 55,50 metri este cel mai \u00eenalt brad din Rom\u00e2nia, dep\u0103\u0219ind chiar exemplarele din p\u0103durile virgine ale Bra\u0219ovului.<\/p>\n<p>Bradul de la<br \/>\nGura Siriului este inclus \u00een Catalogul arborilor monumentali din Rom\u00e2nia,<br \/>\nal\u0103turi de cel din Bra\u0219ov.<\/p>\n<ul class=\"wp-block-gallery columns-2 is-cropped\">\n<li class=\"blocks-gallery-item\">\n<figure><img decoding=\"async\" src=\"https:\/\/sansanews.ro\/wp-content\/uploads\/2026\/03\/arbore-brasov.jpg\" alt data-id=\"118492\" data-link=\"https:\/\/sansanews.ro\/?attachment_id=118492\" class=\"wp-image-118492\"><\/figure>\n<\/li>\n<li class=\"blocks-gallery-item\">\n<figure><img decoding=\"async\" src=\"https:\/\/sansanews.ro\/wp-content\/uploads\/2026\/03\/656840969_1480235970326576_7426475475300817552_n-599x1024.jpg\" alt data-id=\"118493\" data-link=\"https:\/\/sansanews.ro\/?attachment_id=118493\" class=\"wp-image-118493\"><\/figure>\n<\/li>\n<\/ul>\n<blockquote class=\"wp-block-quote\">\n<p>\u201eCel mai \u00eenalt exemplar din Rom\u00e2nia din specia Abies alba este bradul de la Gura Siriului, jude\u021bul Buz\u0103u, cu o \u00een\u0103l\u021bime de 55,50 m, al doilea fiind bradul din p\u0103durea virgin\u0103 de la \u0218inca (R.P.L.P. P\u0103durile \u0218incii) din jude\u021bul Bra\u0219ov cu \u00een\u0103l\u021bimea de 54,00 m. Cel mai b\u0103tr\u00e2n exemplar este tot din specia Abies alba de pe raza O.S. Gura R\u00e2ului, jude\u021bul Sibiu, care are o circumferin\u021b\u0103 de 6,27 m \u0219i v\u00e2rsta de 350 de ani. Bradul de la Buz\u0103u are 300 de ani\u201d, se arat\u0103 \u00een Catalogul arborilor monumentali din Rom\u00e2nia.<\/p>\n<\/blockquote>\n<div class=\"wp-block-image\">\n<figure class=\"alignright is-resized\"><img loading=\"lazy\" decoding=\"async\" src=\"https:\/\/sansanews.ro\/wp-content\/uploads\/2026\/03\/gura-raului.png\" alt class=\"wp-image-118494\" width=\"201\" height=\"285\"><\/figure>\n<\/div>\n<p>Arborii excep\u021bionali<br \/>\nnu sunt doar \u00eenal\u021bi, explic\u0103 silvicultorii. Ei reprezint\u0103 adev\u0103rate repere ale<br \/>\nnaturii, cu coroane impresionante de peste 16 metri diametru \u0219i o v\u00e2rst\u0103 de<br \/>\nsute de ani. <\/p>\n<blockquote class=\"wp-block-quote\">\n<p>\u201eAce\u0219ti arbori contribuie la men\u021binerea echilibrului ecosistemelor \u0219i constituie repere naturale de patrimoniu. Protejarea lor este prioritar\u0103 pentru Direc\u021bia Silvic\u0103 Buz\u0103u, pentru genera\u021biile viitoare\u201d, explic\u0103 Ciprian Silvestru, directorul Direc\u021biei Silvice Buz\u0103u.<\/p>\n<\/blockquote>\n<p>Abies alba Mill. (brad, brad alb) \u2013 este o specie autohton\u0103 cu areal exclusiv european, mai pu\u0163in r\u0103sp\u00e2ndit\u0103 dec\u00e2t molidul. Arbore de m\u0103rimea I, p\u00e2n\u0103 la 35- 40 m \u00een\u0103l\u0163ime \u015fi 1-2 m \u00een diametru (excep\u0163ional p\u00e2n\u0103 la 50-60 m \u00een\u0103l\u0163ime \u015fi 3-4 m \u00een diametru) cu un temperament pronun\u021bat de umbr\u0103 \u0219i o longevitate de p\u00e2n\u0103 la 700(800) ani (\u0218ofletea \u0219i Curtu, 2007).<\/p>\n<h2>Un stejar de<br \/>\n400 de ani, cel mai b\u0103tr\u00e2n arbore din jude\u021b<\/h2>\n<p>Nu doar bradul uria\u0219 de la Gura Teghii atrage aten\u021bia speciali\u0219tilor. Tot un arbore excep\u021bionat, inclus, de asemenea, \u00een Catalogul arborilor monumentali din Rom\u00e2nia, este \u0219i stejarul de pe strada Crizantemelor ,din municipiul Buz\u0103u. Acesta impresioneaz\u0103 prin v\u00e2rst\u0103 dar \u0219i dimensiunea coroanei. Are nu mai pu\u021bin de 400 de ani \u0219i este cel mai b\u0103tr\u00e2n arbore din jude\u021bul Buz\u0103u. Coronamentul stejurului se \u00eentinde pe 500 de metri p\u0103tra\u021bi \u0219i se afl\u0103 pe o proprietate privat\u0103.<\/p>\n<ul class=\"wp-block-gallery columns-2 is-cropped\">\n<li class=\"blocks-gallery-item\">\n<figure><img decoding=\"async\" src=\"https:\/\/sansanews.ro\/wp-content\/uploads\/2026\/03\/poza-stejar-crizantemelor-829x1024.jpg\" alt data-id=\"118495\" data-link=\"https:\/\/sansanews.ro\/?attachment_id=118495\" class=\"wp-image-118495\"><figcaption>surs\u0103 foto:Observator News<\/figcaption><\/figure>\n<\/li>\n<li class=\"blocks-gallery-item\">\n<figure><img decoding=\"async\" src=\"https:\/\/sansanews.ro\/wp-content\/uploads\/2026\/03\/WhatsApp-Image-2026-03-26-at-04.46.55-1024x577.jpeg\" alt data-id=\"118496\" data-link=\"https:\/\/sansanews.ro\/?attachment_id=118496\" class=\"wp-image-118496\"><\/figure>\n<\/li>\n<\/ul>\n<p> \u00cen jude\u021bul Buz\u0103u sunt \u00eenregistra\u021bi 19 arbori monumentali, fiecare fiind o adev\u0103rat\u0103 bijuterie natural\u0103, de la brazi colosali la stejari milenari, care p\u0103streaz\u0103 pove\u0219ti seculare \u0219i reprezint\u0103 simboluri vii ale naturii locale. Iat\u0103 lista complet\u0103:<\/p>\n<div class=\"wp-block-image\">\n<figure class=\"aligncenter\"><img decoding=\"async\" src=\"https:\/\/sansanews.ro\/wp-content\/uploads\/2026\/03\/WhatsApp-Image-2026-03-26-at-04.41.22.jpeg\" alt class=\"wp-image-118497\"><\/figure>\n<\/div>\n<div class=\"meta-tags\"><span>Etichete<\/span><a href=\"https:\/\/sansanews.ro\/tag\/arbori-monumentali-buzau\/\" rel=\"tag\">arbori monumentali buzau<\/a><a href=\"https:\/\/sansanews.ro\/tag\/cel-mai-batran-stejar-buzau\/\" rel=\"tag\">cel mai batran stejar buzau<\/a><a href=\"https:\/\/sansanews.ro\/tag\/cel-mai-inalt-brad-din-romania\/\" rel=\"tag\">cel mai inalt brad din romania<\/a><\/div>\n<div class=\"herald-share-content\">\n<div class=\"meks_ess rectangle no-labels outline\"><a class=\"meks_ess-item socicon-facebook\" data-url=\"http:\/\/www.facebook.com\/sharer\/sharer.php?u=https%3A%2F%2Fsansanews.ro%2Fcel-mai-inalt-brad-din-romania-se-afla-chiar-in-buzau-ce-inaltime-si-varsta-are%2F&amp;t=Cel%20mai%20%C3%AEnalt%20brad%20din%20Rom%C3%A2nia%20se%20afl%C4%83%20chiar%20%C3%AEn%20Buz%C4%83u%21%20Ce%20%C3%AEn%C4%83l%C8%9Bime%20%C8%99i%20v%C3%A2rst%C4%83%20are\"><span>Facebook<\/span><\/a><a href=\"https:\/\/api.whatsapp.com\/send?text=Cel%20mai%20%C3%AEnalt%20brad%20din%20Rom%C3%A2nia%20se%20afl%C4%83%20chiar%20%C3%AEn%20Buz%C4%83u%21%20Ce%20%C3%AEn%C4%83l%C8%9Bime%20%C8%99i%20v%C3%A2rst%C4%83%20are%20https%3A%2F%2Fsansanews.ro%2Fcel-mai-inalt-brad-din-romania-se-afla-chiar-in-buzau-ce-inaltime-si-varsta-are%2F\" class=\"meks_ess-item socicon-whatsapp prevent-share-popup\"><span>WhatsApp<\/span><\/a><a class=\"meks_ess-item socicon-twitter\" data-url=\"http:\/\/twitter.com\/intent\/tweet?url=https%3A%2F%2Fsansanews.ro%2Fcel-mai-inalt-brad-din-romania-se-afla-chiar-in-buzau-ce-inaltime-si-varsta-are%2F&amp;text=Cel%20mai%20%C3%AEnalt%20brad%20din%20Rom%C3%A2nia%20se%20afl%C4%83%20chiar%20%C3%AEn%20Buz%C4%83u%21%20Ce%20%C3%AEn%C4%83l%C8%9Bime%20%C8%99i%20v%C3%A2rst%C4%83%20are\"><span>Twitter<\/span><\/a><a class=\"meks_ess-item socicon-pinterest\" data-url=\"http:\/\/pinterest.com\/pin\/create\/button\/?url=https%3A%2F%2Fsansanews.ro%2Fcel-mai-inalt-brad-din-romania-se-afla-chiar-in-buzau-ce-inaltime-si-varsta-are%2F&amp;media=https%3A%2F%2Fsansanews.ro%2Fwp-content%2Fuploads%2F2026%2F03%2F656840969_1480235970326576_7426475475300817552_n.jpg&amp;description=Cel%20mai%20%C3%AEnalt%20brad%20din%20Rom%C3%A2nia%20se%20afl%C4%83%20chiar%20%C3%AEn%20Buz%C4%83u%21%20Ce%20%C3%AEn%C4%83l%C8%9Bime%20%C8%99i%20v%C3%A2rst%C4%83%20are\"><span>Pinterest<\/span><\/a><\/div>\n<\/div>\n<\/div>\n<div class=\"entry-content herald-entry-content\">\n<p>Imagina\u021bi-v\u0103 un brad uria\u0219, at\u00e2t de \u00eenalt \u00eenc\u00e2t pare c\u0103 atinge cerul\u2026 Acest \u201egigant verde\u201d exist\u0103 \u00een realitate \u0219i se afl\u0103 chiar \u00een satul Gura Siriului, jude\u021bul Buz\u0103u. Cu o \u00een\u0103l\u021bime record de 55,50 metri este cel mai \u00eenalt brad din Rom\u00e2nia, dep\u0103\u0219ind chiar exemplarele din p\u0103durile virgine ale Bra\u0219ovului.<\/p>\n<p>Bradul de la<br \/>\nGura Siriului este inclus \u00een Catalogul arborilor monumentali din Rom\u00e2nia,<br \/>\nal\u0103turi de cel din Bra\u0219ov.<\/p>\n<ul class=\"wp-block-gallery columns-2 is-cropped\">\n<li class=\"blocks-gallery-item\">\n<figure><img decoding=\"async\" src=\"https:\/\/sansanews.ro\/wp-content\/uploads\/2026\/03\/arbore-brasov.jpg\" alt data-id=\"118492\" data-link=\"https:\/\/sansanews.ro\/?attachment_id=118492\" class=\"wp-image-118492\"><\/figure>\n<\/li>\n<li class=\"blocks-gallery-item\">\n<figure><img decoding=\"async\" src=\"https:\/\/sansanews.ro\/wp-content\/uploads\/2026\/03\/656840969_1480235970326576_7426475475300817552_n-599x1024.jpg\" alt data-id=\"118493\" data-link=\"https:\/\/sansanews.ro\/?attachment_id=118493\" class=\"wp-image-118493\"><\/figure>\n<\/li>\n<\/ul>\n<blockquote class=\"wp-block-quote\">\n<p>\u201eCel mai \u00eenalt exemplar din Rom\u00e2nia din specia Abies alba este bradul de la Gura Siriului, jude\u021bul Buz\u0103u, cu o \u00een\u0103l\u021bime de 55,50 m, al doilea fiind bradul din p\u0103durea virgin\u0103 de la \u0218inca (R.P.L.P. P\u0103durile \u0218incii) din jude\u021bul Bra\u0219ov cu \u00een\u0103l\u021bimea de 54,00 m. Cel mai b\u0103tr\u00e2n exemplar este tot din specia Abies alba de pe raza O.S. Gura R\u00e2ului, jude\u021bul Sibiu, care are o circumferin\u021b\u0103 de 6,27 m \u0219i v\u00e2rsta de 350 de ani. Bradul de la Buz\u0103u are 300 de ani\u201d, se arat\u0103 \u00een Catalogul arborilor monumentali din Rom\u00e2nia.<\/p>\n<\/blockquote>\n<div class=\"wp-block-image\">\n<figure class=\"alignright is-resized\"><img loading=\"lazy\" decoding=\"async\" src=\"https:\/\/sansanews.ro\/wp-content\/uploads\/2026\/03\/gura-raului.png\" alt class=\"wp-image-118494\" width=\"201\" height=\"285\"><\/figure>\n<\/div>\n<p>Arborii excep\u021bionali<br \/>\nnu sunt doar \u00eenal\u021bi, explic\u0103 silvicultorii. Ei reprezint\u0103 adev\u0103rate repere ale<br \/>\nnaturii, cu coroane impresionante de peste 16 metri diametru \u0219i o v\u00e2rst\u0103 de<br \/>\nsute de ani. <\/p>\n<blockquote class=\"wp-block-quote\">\n<p>\u201eAce\u0219ti arbori contribuie la men\u021binerea echilibrului ecosistemelor \u0219i constituie repere naturale de patrimoniu. Protejarea lor este prioritar\u0103 pentru Direc\u021bia Silvic\u0103 Buz\u0103u, pentru genera\u021biile viitoare\u201d, explic\u0103 Ciprian Silvestru, directorul Direc\u021biei Silvice Buz\u0103u.<\/p>\n<\/blockquote>\n<p>Abies alba Mill. (brad, brad alb) \u2013 este o specie autohton\u0103 cu areal exclusiv european, mai pu\u0163in r\u0103sp\u00e2ndit\u0103 dec\u00e2t molidul. Arbore de m\u0103rimea I, p\u00e2n\u0103 la 35- 40 m \u00een\u0103l\u0163ime \u015fi 1-2 m \u00een diametru (excep\u0163ional p\u00e2n\u0103 la 50-60 m \u00een\u0103l\u0163ime \u015fi 3-4 m \u00een diametru) cu un temperament pronun\u021bat de umbr\u0103 \u0219i o longevitate de p\u00e2n\u0103 la 700(800) ani (\u0218ofletea \u0219i Curtu, 2007).<\/p>\n<h2>Un stejar de<br \/>\n400 de ani, cel mai b\u0103tr\u00e2n arbore din jude\u021b<\/h2>\n<p>Nu doar bradul uria\u0219 de la Gura Teghii atrage aten\u021bia speciali\u0219tilor. Tot un arbore excep\u021bionat, inclus, de asemenea, \u00een Catalogul arborilor monumentali din Rom\u00e2nia, este \u0219i stejarul de pe strada Crizantemelor ,din municipiul Buz\u0103u. Acesta impresioneaz\u0103 prin v\u00e2rst\u0103 dar \u0219i dimensiunea coroanei. Are nu mai pu\u021bin de 400 de ani \u0219i este cel mai b\u0103tr\u00e2n arbore din jude\u021bul Buz\u0103u. Coronamentul stejurului se \u00eentinde pe 500 de metri p\u0103tra\u021bi \u0219i se afl\u0103 pe o proprietate privat\u0103.<\/p>\n<ul class=\"wp-block-gallery columns-2 is-cropped\">\n<li class=\"blocks-gallery-item\">\n<figure><img decoding=\"async\" src=\"https:\/\/sansanews.ro\/wp-content\/uploads\/2026\/03\/poza-stejar-crizantemelor-829x1024.jpg\" alt data-id=\"118495\" data-link=\"https:\/\/sansanews.ro\/?attachment_id=118495\" class=\"wp-image-118495\"><figcaption>surs\u0103 foto:Observator News<\/figcaption><\/figure>\n<\/li>\n<li class=\"blocks-gallery-item\">\n<figure><img decoding=\"async\" src=\"https:\/\/sansanews.ro\/wp-content\/uploads\/2026\/03\/WhatsApp-Image-2026-03-26-at-04.46.55-1024x577.jpeg\" alt data-id=\"118496\" data-link=\"https:\/\/sansanews.ro\/?attachment_id=118496\" class=\"wp-image-118496\"><\/figure>\n<\/li>\n<\/ul>\n<p> \u00cen jude\u021bul Buz\u0103u sunt \u00eenregistra\u021bi 19 arbori monumentali, fiecare fiind o adev\u0103rat\u0103 bijuterie natural\u0103, de la brazi colosali la stejari milenari, care p\u0103streaz\u0103 pove\u0219ti seculare \u0219i reprezint\u0103 simboluri vii ale naturii locale. Iat\u0103 lista complet\u0103:<\/p>\n<div class=\"wp-block-image\">\n<figure class=\"aligncenter\"><img decoding=\"async\" src=\"https:\/\/sansanews.ro\/wp-content\/uploads\/2026\/03\/WhatsApp-Image-2026-03-26-at-04.41.22.jpeg\" alt class=\"wp-image-118497\"><\/figure>\n<\/div>\n<div class=\"meta-tags\"><span>Etichete<\/span><a href=\"https:\/\/sansanews.ro\/tag\/arbori-monumentali-buzau\/\" rel=\"tag\">arbori monumentali buzau<\/a><a href=\"https:\/\/sansanews.ro\/tag\/cel-mai-batran-stejar-buzau\/\" rel=\"tag\">cel mai batran stejar buzau<\/a><a href=\"https:\/\/sansanews.ro\/tag\/cel-mai-inalt-brad-din-romania\/\" rel=\"tag\">cel mai inalt brad din romania<\/a><\/div>\n<div class=\"herald-share-content\">\n<div class=\"meks_ess rectangle no-labels outline\"><a class=\"meks_ess-item socicon-facebook\" data-url=\"http:\/\/www.facebook.com\/sharer\/sharer.php?u=https%3A%2F%2Fsansanews.ro%2Fcel-mai-inalt-brad-din-romania-se-afla-chiar-in-buzau-ce-inaltime-si-varsta-are%2F&amp;t=Cel%20mai%20%C3%AEnalt%20brad%20din%20Rom%C3%A2nia%20se%20afl%C4%83%20chiar%20%C3%AEn%20Buz%C4%83u%21%20Ce%20%C3%AEn%C4%83l%C8%9Bime%20%C8%99i%20v%C3%A2rst%C4%83%20are\"><span>Facebook<\/span><\/a><a href=\"https:\/\/api.whatsapp.com\/send?text=Cel%20mai%20%C3%AEnalt%20brad%20din%20Rom%C3%A2nia%20se%20afl%C4%83%20chiar%20%C3%AEn%20Buz%C4%83u%21%20Ce%20%C3%AEn%C4%83l%C8%9Bime%20%C8%99i%20v%C3%A2rst%C4%83%20are%20https%3A%2F%2Fsansanews.ro%2Fcel-mai-inalt-brad-din-romania-se-afla-chiar-in-buzau-ce-inaltime-si-varsta-are%2F\" class=\"meks_ess-item socicon-whatsapp prevent-share-popup\"><span>WhatsApp<\/span><\/a><a class=\"meks_ess-item socicon-twitter\" data-url=\"http:\/\/twitter.com\/intent\/tweet?url=https%3A%2F%2Fsansanews.ro%2Fcel-mai-inalt-brad-din-romania-se-afla-chiar-in-buzau-ce-inaltime-si-varsta-are%2F&amp;text=Cel%20mai%20%C3%AEnalt%20brad%20din%20Rom%C3%A2nia%20se%20afl%C4%83%20chiar%20%C3%AEn%20Buz%C4%83u%21%20Ce%20%C3%AEn%C4%83l%C8%9Bime%20%C8%99i%20v%C3%A2rst%C4%83%20are\"><span>Twitter<\/span><\/a><a class=\"meks_ess-item socicon-pinterest\" data-url=\"http:\/\/pinterest.com\/pin\/create\/button\/?url=https%3A%2F%2Fsansanews.ro%2Fcel-mai-inalt-brad-din-romania-se-afla-chiar-in-buzau-ce-inaltime-si-varsta-are%2F&amp;media=https%3A%2F%2Fsansanews.ro%2Fwp-content%2Fuploads%2F2026%2F03%2F656840969_1480235970326576_7426475475300817552_n.jpg&amp;description=Cel%20mai%20%C3%AEnalt%20brad%20din%20Rom%C3%A2nia%20se%20afl%C4%83%20chiar%20%C3%AEn%20Buz%C4%83u%21%20Ce%20%C3%AEn%C4%83l%C8%9Bime%20%C8%99i%20v%C3%A2rst%C4%83%20are\"><span>Pinterest<\/span><\/a><\/div>\n<\/div>\n<\/div>\n<p>[analyse_source url=&#8221;https:\/\/sansanews.ro\/cel-mai-inalt-brad-din-romania-se-afla-chiar-in-buzau-ce-inaltime-si-varsta-are\/&#8221;]<\/p>\n","protected":false},"excerpt":{"rendered":"<p>[analyse_image type=&#8221;featured&#8221; src=&#8221;https:\/\/sansanews.ro\/wp-content\/uploads\/2026\/03\/656840969_1480235970326576_7426475475300817552_n.jpghttps:\/\/sansanews.ro\/wp-content\/uploads\/2026\/03\/656840969_1480235970326576_7426475475300817552_n.jpg&#8221;] Imagina\u021bi-v\u0103 un brad uria\u0219, at\u00e2t de \u00eenalt \u00eenc\u00e2t pare c\u0103 atinge cerul\u2026 Acest \u201egigant verde\u201d exist\u0103 \u00een realitate \u0219i se afl\u0103 chiar \u00een satul Gura Siriului, jude\u021bul Buz\u0103u. Cu o \u00een\u0103l\u021bime record de 55,50 metri este cel mai \u00eenalt brad din Rom\u00e2nia, dep\u0103\u0219ind chiar exemplarele din p\u0103durile virgine ale Bra\u0219ovului. Bradul de [&hellip;]<\/p>\n","protected":false},"author":1,"featured_media":0,"comment_status":"open","ping_status":"","sticky":false,"template":"","format":"standard","meta":{"footnotes":""},"categories":[2],"tags":[226,51],"class_list":["post-1848194","post","type-post","status-publish","format-standard","hentry","category-politics","tag-crawlmanager","tag-sansanews-ro"],"_links":{"self":[{"href":"https:\/\/analyse.optim.biz\/index.php?rest_route=\/wp\/v2\/posts\/1848194","targetHints":{"allow":["GET"]}}],"collection":[{"href":"https:\/\/analyse.optim.biz\/index.php?rest_route=\/wp\/v2\/posts"}],"about":[{"href":"https:\/\/analyse.optim.biz\/index.php?rest_route=\/wp\/v2\/types\/post"}],"author":[{"embeddable":true,"href":"https:\/\/analyse.optim.biz\/index.php?rest_route=\/wp\/v2\/users\/1"}],"replies":[{"embeddable":true,"href":"https:\/\/analyse.optim.biz\/index.php?rest_route=%2Fwp%2Fv2%2Fcomments&post=1848194"}],"version-history":[{"count":0,"href":"https:\/\/analyse.optim.biz\/index.php?rest_route=\/wp\/v2\/posts\/1848194\/revisions"}],"wp:attachment":[{"href":"https:\/\/analyse.optim.biz\/index.php?rest_route=%2Fwp%2Fv2%2Fmedia&parent=1848194"}],"wp:term":[{"taxonomy":"category","embeddable":true,"href":"https:\/\/analyse.optim.biz\/index.php?rest_route=%2Fwp%2Fv2%2Fcategories&post=1848194"},{"taxonomy":"post_tag","embeddable":true,"href":"https:\/\/analyse.optim.biz\/index.php?rest_route=%2Fwp%2Fv2%2Ftags&post=1848194"}],"curies":[{"name":"wp","href":"https:\/\/api.w.org\/{rel}","templated":true}]}}