{"id":1848100,"date":"2026-03-26T12:37:30","date_gmt":"2026-03-26T09:37:30","guid":{"rendered":"https:\/\/analyse.optim.biz\/?p=1848100"},"modified":"2026-03-26T12:37:30","modified_gmt":"2026-03-26T09:37:30","slug":"sectie-noua-de-ingrijiri-paliative-la-spitalul-din-ramnicu-sarat-investitie-de-peste-25-de-milioane-de-lei","status":"publish","type":"post","link":"https:\/\/analyse.optim.biz\/?p=1848100","title":{"rendered":"Sec\u021bie nou\u0103 de \u00eengrijiri paliative la spitalul din R\u00e2mnicu S\u0103rat. Investi\u021bie de peste 25 de milioane de lei"},"content":{"rendered":"<p>[analyse_image type=&#8221;featured&#8221; src=&#8221;https:\/\/www.buzau.net\/stiri-din-buzau\/wp-content\/uploads\/2026\/03\/sectie-noua-de-ingrijiri-paliative-la-spitalul-din-ramnicu-sarat.-investitie-de-peste-25-de-milioane-de-lei.jpg&#8221;]<\/p>\n<div id=\"mvp-content-main\" class=\"left relative\">\n<p>Un proiect important pentru sistemul de s\u0103n\u0103tate din jude\u021bul Buz\u0103u a fost lansat la R\u00e2mnicu S\u0103rat, viz\u00e2nd construirea unei noi sec\u021bii de \u00eengrijiri paliative \u00een cadrul Spitalului Municipal. Ini\u021biativa, prezentat\u0103 \u00een cadrul unui eveniment la prim\u0103ria local\u0103, va fi finan\u021bat\u0103 preponderent din fonduri europene \u0219i \u00ee\u0219i propune s\u0103 creasc\u0103 accesul popula\u021biei la servicii medicale de calitate pentru pacien\u021bii cu afec\u021biuni grave.<\/p>\n<p>Viitorul centru va avea o capacitate de 26 de paturi \u0219i va fi o construc\u021bie nou\u0103, ridicat\u0103 de la zero \u0219i dotat\u0103 la standarde moderne, incluz\u00e2nd sisteme ecologice de climatizare \u0219i iluminat. Valoarea total\u0103 a investi\u021biei se ridic\u0103 la peste 25,5 milioane de lei, din care o parte semnificativ\u0103 provine din Fondul European de Dezvoltare Regional\u0103. Cheltuielile neeligibile, de aproximativ 13,6 milioane de lei, vor fi suportate din surse locale, cu sprijinul anun\u021bat al Consiliului Jude\u021bean Buz\u0103u. Termenul de finalizare a lucr\u0103rilor este stabilit pentru vara anului 2027.<\/p>\n<p>Prezent la eveniment, pre\u0219edintele Consiliului Jude\u021bean Buz\u0103u, Marcel Ciolacu, a subliniat necesitatea acestui proiect. \u201eEste o investi\u021bie necesar\u0103, care va cre\u0219te capacitatea de tratament \u0219i va oferi pacien\u021bilor cu afec\u021biuni grave acces la servicii medicale specializate, \u00een condi\u021bii mai bune. Vorbim despre oameni care au nevoie de \u00eengrijire, de sprijin \u0219i de demnitate \u00een momente dificile\u201d, a declarat Ciolacu, felicit\u00e2nd totodat\u0103 administra\u021bia local\u0103 condus\u0103 de primarul Sorin C\u00eerjan pentru implicarea \u00een acest demers.<\/p>\n<p>Proiectul de la R\u00e2mnicu S\u0103rat se \u00eenscrie \u00eentr-o viziune mai ampl\u0103 la nivel jude\u021bean, cea a consor\u021biului medical. Potrivit lui Marcel Ciolacu, aceast\u0103 abordare urm\u0103re\u0219te o colaborare str\u00e2ns\u0103 \u00eentre spitale pentru a coordona resursele \u0219i a oferi pacien\u021bilor servicii complete, integrate, f\u0103r\u0103 drumuri inutile sau \u00eent\u00e2rzieri. Consor\u021biul medical este conceput ca un sistem mai bine organizat, \u00een care fiecare unitate sanitar\u0103 contribuie la cre\u0219terea calit\u0103\u021bii actului medical \u0219i la o utilizare mai eficient\u0103 a fondurilor.<\/p>\n<p>Necesitatea unei astfel de sec\u021bii a fost confirmat\u0103 \u0219i de prefectul jude\u021bului, Liliana Sb\u00eernea, care a men\u021bionat c\u0103 lipsa serviciilor de \u00eengrijire paliativ\u0103 este o problem\u0103 frecvent semnalat\u0103 \u00een comunitate. Investi\u021biile \u00een s\u0103n\u0103tate \u0219i colaborarea real\u0103 \u00eentre spitale reprezint\u0103, \u00een viziunea oficialilor, direc\u021bia corect\u0103 pentru jude\u021bul Buz\u0103u, av\u00e2nd ca scop final asigurarea unor servicii medicale de calitate, accesibile fiec\u0103rui pacient c\u00e2t mai aproape de cas\u0103.<\/p>\n<div class=\"heateor_sss_sharing_container heateor_sss_horizontal_sharing\" data-heateor-sss-href=\"https:\/\/www.buzau.net\/stiri-din-buzau\/sectie-noua-de-ingrijiri-paliative-la-spitalul-din-ramnicu-sarat-investitie-de-peste-25-de-milioane-de-lei\/\">\n<div class=\"heateor_sss_sharing_title\">DISTRIBUIE ACEST ARTICOL<\/div>\n<\/div>\n<\/div>\n<p>[analyse_source url=&#8221;https:\/\/www.buzau.net\/stiri-din-buzau\/sectie-noua-de-ingrijiri-paliative-la-spitalul-din-ramnicu-sarat-investitie-de-peste-25-de-milioane-de-lei\/&#8221;]<\/p>\n","protected":false},"excerpt":{"rendered":"<p>[analyse_image type=&#8221;featured&#8221; src=&#8221;https:\/\/www.buzau.net\/stiri-din-buzau\/wp-content\/uploads\/2026\/03\/sectie-noua-de-ingrijiri-paliative-la-spitalul-din-ramnicu-sarat.-investitie-de-peste-25-de-milioane-de-lei.jpg&#8221;] Un proiect important pentru sistemul de s\u0103n\u0103tate din jude\u021bul Buz\u0103u a fost lansat la R\u00e2mnicu S\u0103rat, viz\u00e2nd construirea unei noi sec\u021bii de \u00eengrijiri paliative \u00een cadrul Spitalului Municipal. Ini\u021biativa, prezentat\u0103 \u00een cadrul unui eveniment la prim\u0103ria local\u0103, va fi finan\u021bat\u0103 preponderent din fonduri europene \u0219i \u00ee\u0219i propune s\u0103 creasc\u0103 accesul popula\u021biei la [&hellip;]<\/p>\n","protected":false},"author":1,"featured_media":0,"comment_status":"open","ping_status":"","sticky":false,"template":"","format":"standard","meta":{"footnotes":""},"categories":[2],"tags":[113,226],"class_list":["post-1848100","post","type-post","status-publish","format-standard","hentry","category-politics","tag-buzau-net","tag-crawlmanager"],"_links":{"self":[{"href":"https:\/\/analyse.optim.biz\/index.php?rest_route=\/wp\/v2\/posts\/1848100","targetHints":{"allow":["GET"]}}],"collection":[{"href":"https:\/\/analyse.optim.biz\/index.php?rest_route=\/wp\/v2\/posts"}],"about":[{"href":"https:\/\/analyse.optim.biz\/index.php?rest_route=\/wp\/v2\/types\/post"}],"author":[{"embeddable":true,"href":"https:\/\/analyse.optim.biz\/index.php?rest_route=\/wp\/v2\/users\/1"}],"replies":[{"embeddable":true,"href":"https:\/\/analyse.optim.biz\/index.php?rest_route=%2Fwp%2Fv2%2Fcomments&post=1848100"}],"version-history":[{"count":0,"href":"https:\/\/analyse.optim.biz\/index.php?rest_route=\/wp\/v2\/posts\/1848100\/revisions"}],"wp:attachment":[{"href":"https:\/\/analyse.optim.biz\/index.php?rest_route=%2Fwp%2Fv2%2Fmedia&parent=1848100"}],"wp:term":[{"taxonomy":"category","embeddable":true,"href":"https:\/\/analyse.optim.biz\/index.php?rest_route=%2Fwp%2Fv2%2Fcategories&post=1848100"},{"taxonomy":"post_tag","embeddable":true,"href":"https:\/\/analyse.optim.biz\/index.php?rest_route=%2Fwp%2Fv2%2Ftags&post=1848100"}],"curies":[{"name":"wp","href":"https:\/\/api.w.org\/{rel}","templated":true}]}}