{"id":1848095,"date":"2026-03-26T08:56:42","date_gmt":"2026-03-26T05:56:42","guid":{"rendered":"https:\/\/analyse.optim.biz\/?p=1848095"},"modified":"2026-03-26T08:56:42","modified_gmt":"2026-03-26T05:56:42","slug":"barbat-de-33-de-ani-din-zarnesti-cercetat-pentru-taiere-si-furt-de-salcami","status":"publish","type":"post","link":"https:\/\/analyse.optim.biz\/?p=1848095","title":{"rendered":"B\u0103rbat de 33 de ani din Z\u0103rne\u0219ti cercetat pentru t\u0103iere \u0219i furt de salc\u00e2mi"},"content":{"rendered":"<p>[analyse_image type=&#8221;featured&#8221; src=&#8221;https:\/\/www.buzau.net\/stiri-din-buzau\/wp-content\/uploads\/2023\/06\/foto-material-lemne-foc.jpg&#8221;]<\/p>\n<div id=\"mvp-content-main\" class=\"left relative\">\n<p>La data de 24 martie a.c., poli\u021bi\u0219tii din cadrul Sec\u021biei de poli\u021bie rural\u0103 M\u0103r\u0103cineni au depistat un b\u0103rbat de 33 de ani, din Z\u0103rne\u0219ti, cercetat pentru t\u0103iere ilegal\u0103 \u0219i furt de arbori. Ac\u021biunea a avut loc \u00een urma verific\u0103rilor derulate \u00een zona extravilan\u0103 a localit\u0103\u021bii.<\/p>\n<p>Din cercet\u0103ri a reie\u0219it c\u0103 b\u0103rbatul s-ar fi deplasat \u00een extravilanul localit\u0103\u021bii Z\u0103rne\u0219ti, de unde ar fi t\u0103iat \u0219i sustras mai mul\u021bi arbori de esen\u021b\u0103 salc\u00e2m. Arborii t\u0103ia\u021bi aveau diametre cuprinse \u00eentre 8 \u0219i 22 de centimetri, potrivit datelor comunicate de poli\u021bie.<\/p>\n<p>Materialul lemnos identificat la fa\u021ba locului a fost ridicat de agen\u021bi \u0219i predat reprezentan\u021bilor silvici, care au preluat gestionarea \u0219i evaluarea lemnului. M\u0103sura a fost luat\u0103 pentru a asigura protec\u021bia bunurilor silvice \u0219i a documenta corect situa\u021bia.<\/p>\n<p>\u00cen cauz\u0103 a fost \u00eentocmit dosar penal, iar poli\u021bi\u0219tii continu\u0103 cercet\u0103rile \u00een vederea stabilirii \u00eentregii activit\u0103\u021bi infrac\u021bionale a b\u0103rbatului. Ancheta urm\u0103re\u0219te s\u0103 clarifice circumstan\u021bele t\u0103ierii \u0219i sustragerii arborilor \u0219i eventualele leg\u0103turi cu alte infrac\u021biuni similare din zon\u0103.<\/p>\n<div class=\"heateor_sss_sharing_container heateor_sss_horizontal_sharing\" data-heateor-sss-href=\"https:\/\/www.buzau.net\/stiri-din-buzau\/barbat-de-33-de-ani-din-zarnesti-cercetat-pentru-taiere-si-furt-de-salcami\/\">\n<div class=\"heateor_sss_sharing_title\">DISTRIBUIE ACEST ARTICOL<\/div>\n<\/div>\n<\/div>\n<p>[analyse_source url=&#8221;https:\/\/www.buzau.net\/stiri-din-buzau\/barbat-de-33-de-ani-din-zarnesti-cercetat-pentru-taiere-si-furt-de-salcami\/&#8221;]<\/p>\n","protected":false},"excerpt":{"rendered":"<p>[analyse_image type=&#8221;featured&#8221; src=&#8221;https:\/\/www.buzau.net\/stiri-din-buzau\/wp-content\/uploads\/2023\/06\/foto-material-lemne-foc.jpg&#8221;] La data de 24 martie a.c., poli\u021bi\u0219tii din cadrul Sec\u021biei de poli\u021bie rural\u0103 M\u0103r\u0103cineni au depistat un b\u0103rbat de 33 de ani, din Z\u0103rne\u0219ti, cercetat pentru t\u0103iere ilegal\u0103 \u0219i furt de arbori. Ac\u021biunea a avut loc \u00een urma verific\u0103rilor derulate \u00een zona extravilan\u0103 a localit\u0103\u021bii. Din cercet\u0103ri a reie\u0219it c\u0103 b\u0103rbatul s-ar [&hellip;]<\/p>\n","protected":false},"author":1,"featured_media":0,"comment_status":"open","ping_status":"","sticky":false,"template":"","format":"standard","meta":{"footnotes":""},"categories":[2],"tags":[113,226],"class_list":["post-1848095","post","type-post","status-publish","format-standard","hentry","category-politics","tag-buzau-net","tag-crawlmanager"],"_links":{"self":[{"href":"https:\/\/analyse.optim.biz\/index.php?rest_route=\/wp\/v2\/posts\/1848095","targetHints":{"allow":["GET"]}}],"collection":[{"href":"https:\/\/analyse.optim.biz\/index.php?rest_route=\/wp\/v2\/posts"}],"about":[{"href":"https:\/\/analyse.optim.biz\/index.php?rest_route=\/wp\/v2\/types\/post"}],"author":[{"embeddable":true,"href":"https:\/\/analyse.optim.biz\/index.php?rest_route=\/wp\/v2\/users\/1"}],"replies":[{"embeddable":true,"href":"https:\/\/analyse.optim.biz\/index.php?rest_route=%2Fwp%2Fv2%2Fcomments&post=1848095"}],"version-history":[{"count":0,"href":"https:\/\/analyse.optim.biz\/index.php?rest_route=\/wp\/v2\/posts\/1848095\/revisions"}],"wp:attachment":[{"href":"https:\/\/analyse.optim.biz\/index.php?rest_route=%2Fwp%2Fv2%2Fmedia&parent=1848095"}],"wp:term":[{"taxonomy":"category","embeddable":true,"href":"https:\/\/analyse.optim.biz\/index.php?rest_route=%2Fwp%2Fv2%2Fcategories&post=1848095"},{"taxonomy":"post_tag","embeddable":true,"href":"https:\/\/analyse.optim.biz\/index.php?rest_route=%2Fwp%2Fv2%2Ftags&post=1848095"}],"curies":[{"name":"wp","href":"https:\/\/api.w.org\/{rel}","templated":true}]}}