{"id":1847858,"date":"2026-03-26T09:09:06","date_gmt":"2026-03-26T06:09:06","guid":{"rendered":"https:\/\/analyse.optim.biz\/?p=1847858"},"modified":"2026-03-26T09:09:06","modified_gmt":"2026-03-26T06:09:06","slug":"primaria-autorizeaza-tot-primaria-demoleaza-comerciantii-de-pe-balcescu-pusi-la-plata-pentru-greselile-administratiei","status":"publish","type":"post","link":"https:\/\/analyse.optim.biz\/?p=1847858","title":{"rendered":"Prim\u0103ria autorizeaz\u0103, tot Prim\u0103ria demoleaz\u0103. Comercian\u021bii de pe B\u0103lcescu, pu\u0219i la plat\u0103 pentru gre\u0219elile administra\u021biei"},"content":{"rendered":"<p>[analyse_image type=&#8221;featured&#8221; src=&#8221;https:\/\/sansanews.ro\/wp-content\/uploads\/2026\/03\/WhatsApp-Image-2026-03-26-at-02.05.45.jpeghttps:\/\/sansanews.ro\/wp-content\/uploads\/2026\/03\/WhatsApp-Image-2026-03-26-at-02.05.45.jpeg&#8221;]<\/p>\n<div class=\"entry-content herald-entry-content\">\n<p>Situa\u021bie revolt\u0103toare \u00een municipiul Buz\u0103u, pe bulevardul Nicolae B\u0103lcescu, unde mai mul\u021bi comercian\u021bi risc\u0103 s\u0103 scoat\u0103 bani din buzunar pentru lucr\u0103ri pe care le-au realizat legal, \u00een baza unor autoriza\u021bii emise chiar de Prim\u0103rie \u00een urm\u0103 cu aproximativ 20 de ani. Este vorba despre treptele de acces \u00een spa\u021biile comerciale, construite \u00een perioada 2003\u20132004, cu autoriza\u021bie de construire emise de fosta administra\u021bie local\u0103. Ast\u0103zi \u00eens\u0103, actuala conducere a Prim\u0103riei Buz\u0103u a descoperit, odat\u0103 cu refacerea trotuarelor, c\u0103 acestea ocup\u0103 domeniul public \u0219i trebuie desfiin\u021bate.<\/p>\n<blockquote class=\"wp-block-quote\">\n<p>\u201e Acele trepte au fost construite \u00een 2003-2004, cu autoriza\u021bie de construire, dar care se suprapun pe domeniul public. Decizia noastr\u0103 este demolarea lor \u0219i refacerea astfel \u00eenc\u00e2t s\u0103 nu se suprapun\u0103 pe trotuar. Ele vor fi demolate, iar proprietarul spa\u021biului comercial va trebui s\u0103-\u0219i amenajeze pe propria cheltuial\u0103 astfel \u00eenc\u00e2t s\u0103 nu afecteze trotuarul \u0219i domeniul public\u201d, a declarat Ionu\u021b Apostu, viceprimarul municipiului Buz\u0103u.<\/p>\n<\/blockquote>\n<p>\u00cen plus, a explicat Ionu\u021b Apostu, noile trepte trebuie s\u0103<br \/>\nrespecte noul desing \u0219i culorile folosite la pavajul trotuarului recent<br \/>\nreabilitat, de\u0219i \u00een autoriza\u021bia de constuire, sus\u021bine viceprimarul<br \/>\nmunicipiului, sc\u0103rile ar trebui construite din marmur\u0103. <\/p>\n<p>Demol\u0103rile ar trebui s\u0103 \u00eenceap\u0103 s\u0103pt\u0103m\u00e2na viitoare \u0219i vor fi f\u0103cute de firma care a realizat lucr\u0103rile la trotuare, iar p\u00e2n\u0103 atunci vor fi \u00eemp\u0103r\u021bite deciziile de demolare. P\u00e2n\u0103 ieri, proprietarii spa\u021biilor nu au primit aceste \u00een\u0219tiin\u021b\u0103ri \u00eens\u0103 spun c\u0103 nu ar fi de acord s\u0103 refac\u0103 sc\u0103rile pe cheltuiala lor.<\/p>\n<blockquote class=\"wp-block-quote\">\n<p>\u201eDac\u0103 atunci Prim\u0103ria a dat un aviz favorabil \u0219i nu era gre\u0219it, ar trebui s\u0103 le refac\u0103 Prim\u0103ria. Dac\u0103 treptele corespund unor autoriza\u021bii, atunci ar trebui s\u0103 le refac\u0103 ei. De ce s\u0103 le refacem noi? Eu nu am primit nimic scris p\u00e2n\u0103 acum. Nu sunt de acord s\u0103 le refac pe cheltuiala mea. Eu am autoriza\u021bie de c\u00e2nd am cump\u0103rat spa\u021biul\u201d, a declarat proprietarul unui spa\u021biu \u00a0de pe bulevardul Nicolae B\u0103lcescu.<\/p>\n<\/blockquote>\n<p>R\u0103m\u00e2ne de v\u0103zut cum se va rezolva aceast\u0103 problem\u0103, cert<br \/>\neste c\u0103 exist\u0103 un nou motiv de tensiune \u00eentre reprezentan\u021bii Prim\u0103riei \u0219i<br \/>\ncet\u0103\u021benii municipiului nemul\u021bumi\u021bi de deciziile administra\u021biei locale. <\/p>\n<div class=\"meta-tags\"><span>Etichete<\/span><a href=\"https:\/\/sansanews.ro\/tag\/bulevard-nicolae-balcescu\/\" rel=\"tag\">bulevard nicolae balcescu<\/a><a href=\"https:\/\/sansanews.ro\/tag\/trepte-nicolae-balcescu-buzau\/\" rel=\"tag\">trepte nicolae balcescu buzau<\/a><\/div>\n<div class=\"herald-share-content\">\n<div class=\"meks_ess rectangle no-labels outline\"><a class=\"meks_ess-item socicon-facebook\" data-url=\"http:\/\/www.facebook.com\/sharer\/sharer.php?u=https%3A%2F%2Fsansanews.ro%2Fprimaria-autorizeaza-tot-primaria-demoleaza-comerciantii-de-pe-balcescu-pusi-la-plata-pentru-greselile-administratiei%2F&amp;t=Prim%C4%83ria%20autorizeaz%C4%83%2C%20tot%20Prim%C4%83ria%20demoleaz%C4%83.%20Comercian%C8%9Bii%20de%20pe%20B%C4%83lcescu%2C%20pu%C8%99i%20la%20plat%C4%83%20pentru%20gre%C8%99elile%20administra%C8%9Biei\"><span>Facebook<\/span><\/a><a href=\"https:\/\/api.whatsapp.com\/send?text=Prim%C4%83ria%20autorizeaz%C4%83%2C%20tot%20Prim%C4%83ria%20demoleaz%C4%83.%20Comercian%C8%9Bii%20de%20pe%20B%C4%83lcescu%2C%20pu%C8%99i%20la%20plat%C4%83%20pentru%20gre%C8%99elile%20administra%C8%9Biei%20https%3A%2F%2Fsansanews.ro%2Fprimaria-autorizeaza-tot-primaria-demoleaza-comerciantii-de-pe-balcescu-pusi-la-plata-pentru-greselile-administratiei%2F\" class=\"meks_ess-item socicon-whatsapp prevent-share-popup\"><span>WhatsApp<\/span><\/a><a class=\"meks_ess-item socicon-twitter\" data-url=\"http:\/\/twitter.com\/intent\/tweet?url=https%3A%2F%2Fsansanews.ro%2Fprimaria-autorizeaza-tot-primaria-demoleaza-comerciantii-de-pe-balcescu-pusi-la-plata-pentru-greselile-administratiei%2F&amp;text=Prim%C4%83ria%20autorizeaz%C4%83%2C%20tot%20Prim%C4%83ria%20demoleaz%C4%83.%20Comercian%C8%9Bii%20de%20pe%20B%C4%83lcescu%2C%20pu%C8%99i%20la%20plat%C4%83%20pentru%20gre%C8%99elile%20administra%C8%9Biei\"><span>Twitter<\/span><\/a><a class=\"meks_ess-item socicon-pinterest\" data-url=\"http:\/\/pinterest.com\/pin\/create\/button\/?url=https%3A%2F%2Fsansanews.ro%2Fprimaria-autorizeaza-tot-primaria-demoleaza-comerciantii-de-pe-balcescu-pusi-la-plata-pentru-greselile-administratiei%2F&amp;media=https%3A%2F%2Fsansanews.ro%2Fwp-content%2Fuploads%2F2026%2F03%2FWhatsApp-Image-2026-03-26-at-02.05.45.jpeg&amp;description=Prim%C4%83ria%20autorizeaz%C4%83%2C%20tot%20Prim%C4%83ria%20demoleaz%C4%83.%20Comercian%C8%9Bii%20de%20pe%20B%C4%83lcescu%2C%20pu%C8%99i%20la%20plat%C4%83%20pentru%20gre%C8%99elile%20administra%C8%9Biei\"><span>Pinterest<\/span><\/a><\/div>\n<\/div>\n<\/div>\n<div class=\"entry-content herald-entry-content\">\n<p>Situa\u021bie revolt\u0103toare \u00een municipiul Buz\u0103u, pe bulevardul Nicolae B\u0103lcescu, unde mai mul\u021bi comercian\u021bi risc\u0103 s\u0103 scoat\u0103 bani din buzunar pentru lucr\u0103ri pe care le-au realizat legal, \u00een baza unor autoriza\u021bii emise chiar de Prim\u0103rie \u00een urm\u0103 cu aproximativ 20 de ani. Este vorba despre treptele de acces \u00een spa\u021biile comerciale, construite \u00een perioada 2003\u20132004, cu autoriza\u021bie de construire emise de fosta administra\u021bie local\u0103. Ast\u0103zi \u00eens\u0103, actuala conducere a Prim\u0103riei Buz\u0103u a descoperit, odat\u0103 cu refacerea trotuarelor, c\u0103 acestea ocup\u0103 domeniul public \u0219i trebuie desfiin\u021bate.<\/p>\n<blockquote class=\"wp-block-quote\">\n<p>\u201e Acele trepte au fost construite \u00een 2003-2004, cu autoriza\u021bie de construire, dar care se suprapun pe domeniul public. Decizia noastr\u0103 este demolarea lor \u0219i refacerea astfel \u00eenc\u00e2t s\u0103 nu se suprapun\u0103 pe trotuar. Ele vor fi demolate, iar proprietarul spa\u021biului comercial va trebui s\u0103-\u0219i amenajeze pe propria cheltuial\u0103 astfel \u00eenc\u00e2t s\u0103 nu afecteze trotuarul \u0219i domeniul public\u201d, a declarat Ionu\u021b Apostu, viceprimarul municipiului Buz\u0103u.<\/p>\n<\/blockquote>\n<p>\u00cen plus, a explicat Ionu\u021b Apostu, noile trepte trebuie s\u0103<br \/>\nrespecte noul desing \u0219i culorile folosite la pavajul trotuarului recent<br \/>\nreabilitat, de\u0219i \u00een autoriza\u021bia de constuire, sus\u021bine viceprimarul<br \/>\nmunicipiului, sc\u0103rile ar trebui construite din marmur\u0103. <\/p>\n<p>Demol\u0103rile ar trebui s\u0103 \u00eenceap\u0103 s\u0103pt\u0103m\u00e2na viitoare \u0219i vor fi f\u0103cute de firma care a realizat lucr\u0103rile la trotuare, iar p\u00e2n\u0103 atunci vor fi \u00eemp\u0103r\u021bite deciziile de demolare. P\u00e2n\u0103 ieri, proprietarii spa\u021biilor nu au primit aceste \u00een\u0219tiin\u021b\u0103ri \u00eens\u0103 spun c\u0103 nu ar fi de acord s\u0103 refac\u0103 sc\u0103rile pe cheltuiala lor.<\/p>\n<blockquote class=\"wp-block-quote\">\n<p>\u201eDac\u0103 atunci Prim\u0103ria a dat un aviz favorabil \u0219i nu era gre\u0219it, ar trebui s\u0103 le refac\u0103 Prim\u0103ria. Dac\u0103 treptele corespund unor autoriza\u021bii, atunci ar trebui s\u0103 le refac\u0103 ei. De ce s\u0103 le refacem noi? Eu nu am primit nimic scris p\u00e2n\u0103 acum. Nu sunt de acord s\u0103 le refac pe cheltuiala mea. Eu am autoriza\u021bie de c\u00e2nd am cump\u0103rat spa\u021biul\u201d, a declarat proprietarul unui spa\u021biu \u00a0de pe bulevardul Nicolae B\u0103lcescu.<\/p>\n<\/blockquote>\n<p>R\u0103m\u00e2ne de v\u0103zut cum se va rezolva aceast\u0103 problem\u0103, cert<br \/>\neste c\u0103 exist\u0103 un nou motiv de tensiune \u00eentre reprezentan\u021bii Prim\u0103riei \u0219i<br \/>\ncet\u0103\u021benii municipiului nemul\u021bumi\u021bi de deciziile administra\u021biei locale. <\/p>\n<div class=\"meta-tags\"><span>Etichete<\/span><a href=\"https:\/\/sansanews.ro\/tag\/bulevard-nicolae-balcescu\/\" rel=\"tag\">bulevard nicolae balcescu<\/a><a href=\"https:\/\/sansanews.ro\/tag\/trepte-nicolae-balcescu-buzau\/\" rel=\"tag\">trepte nicolae balcescu buzau<\/a><\/div>\n<div class=\"herald-share-content\">\n<div class=\"meks_ess rectangle no-labels outline\"><a class=\"meks_ess-item socicon-facebook\" data-url=\"http:\/\/www.facebook.com\/sharer\/sharer.php?u=https%3A%2F%2Fsansanews.ro%2Fprimaria-autorizeaza-tot-primaria-demoleaza-comerciantii-de-pe-balcescu-pusi-la-plata-pentru-greselile-administratiei%2F&amp;t=Prim%C4%83ria%20autorizeaz%C4%83%2C%20tot%20Prim%C4%83ria%20demoleaz%C4%83.%20Comercian%C8%9Bii%20de%20pe%20B%C4%83lcescu%2C%20pu%C8%99i%20la%20plat%C4%83%20pentru%20gre%C8%99elile%20administra%C8%9Biei\"><span>Facebook<\/span><\/a><a href=\"https:\/\/api.whatsapp.com\/send?text=Prim%C4%83ria%20autorizeaz%C4%83%2C%20tot%20Prim%C4%83ria%20demoleaz%C4%83.%20Comercian%C8%9Bii%20de%20pe%20B%C4%83lcescu%2C%20pu%C8%99i%20la%20plat%C4%83%20pentru%20gre%C8%99elile%20administra%C8%9Biei%20https%3A%2F%2Fsansanews.ro%2Fprimaria-autorizeaza-tot-primaria-demoleaza-comerciantii-de-pe-balcescu-pusi-la-plata-pentru-greselile-administratiei%2F\" class=\"meks_ess-item socicon-whatsapp prevent-share-popup\"><span>WhatsApp<\/span><\/a><a class=\"meks_ess-item socicon-twitter\" data-url=\"http:\/\/twitter.com\/intent\/tweet?url=https%3A%2F%2Fsansanews.ro%2Fprimaria-autorizeaza-tot-primaria-demoleaza-comerciantii-de-pe-balcescu-pusi-la-plata-pentru-greselile-administratiei%2F&amp;text=Prim%C4%83ria%20autorizeaz%C4%83%2C%20tot%20Prim%C4%83ria%20demoleaz%C4%83.%20Comercian%C8%9Bii%20de%20pe%20B%C4%83lcescu%2C%20pu%C8%99i%20la%20plat%C4%83%20pentru%20gre%C8%99elile%20administra%C8%9Biei\"><span>Twitter<\/span><\/a><a class=\"meks_ess-item socicon-pinterest\" data-url=\"http:\/\/pinterest.com\/pin\/create\/button\/?url=https%3A%2F%2Fsansanews.ro%2Fprimaria-autorizeaza-tot-primaria-demoleaza-comerciantii-de-pe-balcescu-pusi-la-plata-pentru-greselile-administratiei%2F&amp;media=https%3A%2F%2Fsansanews.ro%2Fwp-content%2Fuploads%2F2026%2F03%2FWhatsApp-Image-2026-03-26-at-02.05.45.jpeg&amp;description=Prim%C4%83ria%20autorizeaz%C4%83%2C%20tot%20Prim%C4%83ria%20demoleaz%C4%83.%20Comercian%C8%9Bii%20de%20pe%20B%C4%83lcescu%2C%20pu%C8%99i%20la%20plat%C4%83%20pentru%20gre%C8%99elile%20administra%C8%9Biei\"><span>Pinterest<\/span><\/a><\/div>\n<\/div>\n<\/div>\n<p>[analyse_source url=&#8221;https:\/\/sansanews.ro\/primaria-autorizeaza-tot-primaria-demoleaza-comerciantii-de-pe-balcescu-pusi-la-plata-pentru-greselile-administratiei\/&#8221;]<\/p>\n","protected":false},"excerpt":{"rendered":"<p>[analyse_image type=&#8221;featured&#8221; src=&#8221;https:\/\/sansanews.ro\/wp-content\/uploads\/2026\/03\/WhatsApp-Image-2026-03-26-at-02.05.45.jpeghttps:\/\/sansanews.ro\/wp-content\/uploads\/2026\/03\/WhatsApp-Image-2026-03-26-at-02.05.45.jpeg&#8221;] Situa\u021bie revolt\u0103toare \u00een municipiul Buz\u0103u, pe bulevardul Nicolae B\u0103lcescu, unde mai mul\u021bi comercian\u021bi risc\u0103 s\u0103 scoat\u0103 bani din buzunar pentru lucr\u0103ri pe care le-au realizat legal, \u00een baza unor autoriza\u021bii emise chiar de Prim\u0103rie \u00een urm\u0103 cu aproximativ 20 de ani. Este vorba despre treptele de acces \u00een spa\u021biile comerciale, construite \u00een [&hellip;]<\/p>\n","protected":false},"author":1,"featured_media":0,"comment_status":"open","ping_status":"","sticky":false,"template":"","format":"standard","meta":{"footnotes":""},"categories":[2],"tags":[226,51],"class_list":["post-1847858","post","type-post","status-publish","format-standard","hentry","category-politics","tag-crawlmanager","tag-sansanews-ro"],"_links":{"self":[{"href":"https:\/\/analyse.optim.biz\/index.php?rest_route=\/wp\/v2\/posts\/1847858","targetHints":{"allow":["GET"]}}],"collection":[{"href":"https:\/\/analyse.optim.biz\/index.php?rest_route=\/wp\/v2\/posts"}],"about":[{"href":"https:\/\/analyse.optim.biz\/index.php?rest_route=\/wp\/v2\/types\/post"}],"author":[{"embeddable":true,"href":"https:\/\/analyse.optim.biz\/index.php?rest_route=\/wp\/v2\/users\/1"}],"replies":[{"embeddable":true,"href":"https:\/\/analyse.optim.biz\/index.php?rest_route=%2Fwp%2Fv2%2Fcomments&post=1847858"}],"version-history":[{"count":0,"href":"https:\/\/analyse.optim.biz\/index.php?rest_route=\/wp\/v2\/posts\/1847858\/revisions"}],"wp:attachment":[{"href":"https:\/\/analyse.optim.biz\/index.php?rest_route=%2Fwp%2Fv2%2Fmedia&parent=1847858"}],"wp:term":[{"taxonomy":"category","embeddable":true,"href":"https:\/\/analyse.optim.biz\/index.php?rest_route=%2Fwp%2Fv2%2Fcategories&post=1847858"},{"taxonomy":"post_tag","embeddable":true,"href":"https:\/\/analyse.optim.biz\/index.php?rest_route=%2Fwp%2Fv2%2Ftags&post=1847858"}],"curies":[{"name":"wp","href":"https:\/\/api.w.org\/{rel}","templated":true}]}}