{"id":1847854,"date":"2026-03-26T07:34:38","date_gmt":"2026-03-26T04:34:38","guid":{"rendered":"https:\/\/analyse.optim.biz\/?p=1847854"},"modified":"2026-03-26T07:34:38","modified_gmt":"2026-03-26T04:34:38","slug":"videoautostrada-a7-aduce-un-scut-verde-la-buzau-au-fost-plantate-perdelele-forestiere","status":"publish","type":"post","link":"https:\/\/analyse.optim.biz\/?p=1847854","title":{"rendered":"(VIDEO)Autostrada A7 aduce un \u201escut verde\u201d la Buz\u0103u. Au fost plantate perdelele forestiere"},"content":{"rendered":"<p>[analyse_image type=&#8221;featured&#8221; src=&#8221;https:\/\/sansanews.ro\/wp-content\/uploads\/2026\/03\/WhatsApp-Image-2026-03-26-at-09.10.32.jpeghttps:\/\/sansanews.ro\/wp-content\/uploads\/2026\/03\/WhatsApp-Image-2026-03-26-at-09.10.32.jpeg&#8221;]<\/p>\n<div class=\"entry-content herald-entry-content\">\n<p>Autostrada A7, care traverseaz\u0103 jude\u021bul Buz\u0103u, nu este doar unul dintre cele mai importante proiecte rutiere din ultimii ani, din Rom\u00e2nia, ci \u0219i unul dintre cele mai ambi\u021bioase proiecte de protec\u021bie a mediului realizate odat\u0103 cu o infrastructur\u0103 de transport. De-a lungul \u0219oselei, autorit\u0103\u021bile au \u00eenceput deja s\u0103 planteze perdele forestiere, menite s\u0103 reduc\u0103 poluarea \u0219i s\u0103 \u00eembun\u0103t\u0103\u021beasc\u0103 siguran\u021ba rutier\u0103.<\/p>\n<p>Potrivit unei inform\u0103ri CNAIR, pe tronsonul Ploie\u0219ti \u2013 Buz\u0103u sunt prev\u0103zute aproape 154 de hectare de perdele forestiere, iar \u00eentre Buz\u0103u \u0219i Foc\u0219ani alte 207 hectare. Cu alte cuvinte, zona Buz\u0103ului devine un punct-cheie \u00een ceea ce va fi cel mai mare \u201ecoridor verde\u201d de-a lungul unei autostr\u0103zi din \u021bar\u0103.<\/p>\n<blockquote class=\"wp-block-quote\">\n<p>\u201dLa nivelul \u00eentregii Autostrada A7, pe tronsonul Ploie\u0219ti \u2013 Pa\u0219cani, sunt planificate 675,65 hectare de perdele forestiere. Dintre acestea, 392 de hectare au fost deja plantate, iar pentru restul suprafe\u021belor terenul este preg\u0103tit. Tronsonul Ploie\u0219ti \u2013 Foc\u0219ani este complet plantat, ceea ce \u00eenseamn\u0103 c\u0103 \u00een zona Buz\u0103ului efectele \u00eencep s\u0103 se vad\u0103, anun\u021b\u0103 CNAIR. <\/p>\n<\/blockquote>\n<iframe loading=\"lazy\" width=\"951\" height=\"535\" src=\"https:\/\/www.youtube.com\/embed\/D3XYY7H93Bs\" title=\"perdea forestiera\" frameborder allow=\"accelerometer; autoplay; clipboard-write; encrypted-media; gyroscope; picture-in-picture; web-share\" referrerpolicy=\"strict-origin-when-cross-origin\" allowfullscreen><\/iframe>\n<p>Pentru locuitorii din Buz\u0103u \u0219i pentru miile de \u0219oferi care vor tranzita zilnic autostrada, aceste perdele forestiere vor deveni un real ajutor \u0219i \u00een perioada de iarn\u0103, mai ales \u00een zon\u0103 de c\u00e2mpie unde viscolul creeaz\u0103 probleme p\u00e2n\u0103 la \u00eenchiderea circula\u021biei, a\u0219a cum de altfel s-a \u00eent\u00e2mplat \u0219i \u00een aceast\u0103 iarn\u0103, c\u00e2nd A7 a fost \u00eenchis\u0103 \u0219oferilor. Practic, perdelele vor avea rolul de a opri z\u0103pada spulberat\u0103 pe carosabil.<\/p>\n<p>\u00cen acela\u0219i timp, subliniaz\u0103 speciali\u0219tii de la CNAIR, ele diminueaz\u0103<br \/>\nfor\u021ba v\u00e2ntului, protejeaz\u0103 terasamentele \u0219i limiteaz\u0103 efectele ploilor<br \/>\ntoren\u021biale. Pentru \u0219oferi, asta \u00eenseamn\u0103 un drum mai sigur, cu mai pu\u021bine<br \/>\nsitua\u021bii imprevizibile.<\/p>\n<p>La fel de important este impactul asupra s\u0103n\u0103t\u0103\u021bii. Arborii planta\u021bi (stejar \u0219i tei, p\u00e2n\u0103 la salc\u00e2m \u0219i frasin) ac\u021bioneaz\u0103 ca un filtru natural pentru noxele produse de trafic, contribuind la un aer mai curat \u00een comunit\u0103\u021bile din apropierea autostr\u0103zii. \u00cen plus, perdelele forestiere reduc \u0219i poluarea fonic\u0103, o problem\u0103 tot mai resim\u021bit\u0103 \u00een zonele aflate l\u00e2ng\u0103 marile artere de circula\u021bie.<\/p>\n<blockquote class=\"wp-block-quote\">\n<p>\u201dPe scurt, aceste perdele forestiere au urm\u0103toarele roluri: combat eroziunea terasamentelor; purific\u0103 aerul de noxele cancerigene eliminate de autovehicule; re\u021bin z\u0103pad\u0103 \u0219i totodat\u0103 previn spulberarea acesteia pe \u0219osea; re\u021bin scurgearea apelor provenite de la ploile toren\u021biale \u0219i din topirea z\u0103pezii; reduc for\u021ba v\u00e2ntului \u0219i \u00eembun\u0103t\u0103\u021besc semnificativ microclimatul; reduc poluarea sonor\u0103 \u0219i amelioreaz\u0103 peisajul monoton de c\u00e2mpie, prin care trece autostrada; protec\u021bie climatic\u0103\u201d, explic\u0103 exper\u021bii CNAIR.<\/p>\n<\/blockquote>\n<p>Proiectul are \u0219i o miz\u0103 mai larg\u0103. Rom\u00e2nia \u0219i-a asumat,<br \/>\nal\u0103turi de Uniunea European\u0103, atingerea neutralit\u0103\u021bii climatice p\u00e2n\u0103 \u00een 2050,<br \/>\nprin Pactul Ecologic European. \u00cen acest context, perdelele forestiere de pe A7<br \/>\ncontribuie direct la reducerea emisiilor de CO\u2082 \u0219i la adaptarea la schimb\u0103rile<br \/>\nclimatice.<\/p>\n<blockquote class=\"wp-block-quote\">\n<p>\u201dArderea combustibilului este responsabil\u0103 pentru mai mult de trei sferturi din emisiile de gaze cu efect de ser\u0103 ale UE. Sc\u0103derea consumului de energie \u0219i dezvoltarea surselor de energie mai curate sunt esen\u021biale pentru atingerea obiectivelor UE \u00een materie de clim\u0103 \u0219i solu\u021bionarea dependen\u021bei UE de importurile din \u021b\u0103ri ter\u021be. Rom\u00e2nia este parte din Pactul Ecologic European (Green Deal), care prevede ca Europa s\u0103 devin\u0103 neutr\u0103 din punct de vedere al emisiilor de CO2 p\u00e2n\u0103 \u00een anul 2050. Prin PNRR, avem de \u00eendeplinit o serie de jaloane, care privesc \u0219i infrastructura rutier\u0103. <\/p>\n<\/blockquote>\n<blockquote class=\"wp-block-quote\">\n<p>Perdele forestiere au o contribu\u021bie semnificativ\u0103 la reducerea surplusului de emisii de CO2 prin neutralizarea acestora \u0219i implicit atenuarea schimb\u0103rilor climatice. Speciile care asigur\u0103 perdelele forestiere sunt arbori \u0219i arbu\u0219ti specifici zonelor respective cu o adaptabilitate sporit\u0103. L\u0103\u021bimea perdelelor forestiere variaz\u0103 \u00eentre 10 \u0219i 30 de metri \u00een func\u021bie de relief \u0219i de proiectarea drumului\u201d, informeaz\u0103 CNAIR.<\/p>\n<\/blockquote>\n<iframe loading=\"lazy\" width=\"951\" height=\"535\" src=\"https:\/\/www.youtube.com\/embed\/-Q3ZakNFcFg\" title=\"perdea forestiera a7, Buzau\" frameborder allow=\"accelerometer; autoplay; clipboard-write; encrypted-media; gyroscope; picture-in-picture; web-share\" referrerpolicy=\"strict-origin-when-cross-origin\" allowfullscreen><\/iframe>\n<blockquote class=\"wp-block-quote\">\n<p>\u201dPre\u021bul estimativ pentru 1 hectar (10.000 de metri) de perdea forestier\u0103 este de 590.000 lei, 59 de lei\/mp2. \u00cen acest pre\u021b intr\u0103: tipul de arbust (stejar, frasin, jugastru, ulm salcam, etc.), manopera \u0219i lucr\u0103rile de \u00eentre\u021binere care se efectueaz\u0103 gradual din anul 1 al plant\u0103rii p\u00e2n\u0103 \u00een anul 5 al maturiz\u0103rii\u201d.<\/p>\n<\/blockquote>\n<p>\u00cen concluzie, pentru Buz\u0103u, Autostrada A7 nu va \u00eensemna doar un drum mai rapid spre marile ora\u0219e, ci \u0219i zeci de hectare de vegeta\u021bie nou\u0103, iar \u00een anii urm\u0103tori, pe m\u0103sur\u0103 ce arborii vor cre\u0219te, buzoienii vor sim\u021bi tot mai clar efectele acestui \u201escut verde\u201d, respectiv mai pu\u021bin praf, mai pu\u021bin zgomot, mai mult\u0103 siguran\u021b\u0103 \u0219i un aer mai curat.<\/p>\n<div class=\"meta-tags\"><span>Etichete<\/span><a href=\"https:\/\/sansanews.ro\/tag\/autostrada-moldovei\/\" rel=\"tag\">autostrada moldovei<\/a><a href=\"https:\/\/sansanews.ro\/tag\/perdele-forestiere-a7\/\" rel=\"tag\">perdele forestiere a7<\/a><\/div>\n<div class=\"herald-share-content\">\n<div class=\"meks_ess rectangle no-labels outline\"><a class=\"meks_ess-item socicon-facebook\" data-url=\"http:\/\/www.facebook.com\/sharer\/sharer.php?u=https%3A%2F%2Fsansanews.ro%2Fvideoautostrada-a7-aduce-un-scut-verde-la-buzau-au-fost-plantate-perdelele-forestiere%2F&amp;t=%28VIDEO%29Autostrada%20A7%20aduce%20un%20%E2%80%9Escut%20verde%E2%80%9D%20la%20Buz%C4%83u.%20Au%20fost%20plantate%20perdelele%20forestiere\"><span>Facebook<\/span><\/a><a href=\"https:\/\/api.whatsapp.com\/send?text=%28VIDEO%29Autostrada%20A7%20aduce%20un%20%E2%80%9Escut%20verde%E2%80%9D%20la%20Buz%C4%83u.%20Au%20fost%20plantate%20perdelele%20forestiere%20https%3A%2F%2Fsansanews.ro%2Fvideoautostrada-a7-aduce-un-scut-verde-la-buzau-au-fost-plantate-perdelele-forestiere%2F\" class=\"meks_ess-item socicon-whatsapp prevent-share-popup\"><span>WhatsApp<\/span><\/a><a class=\"meks_ess-item socicon-twitter\" data-url=\"http:\/\/twitter.com\/intent\/tweet?url=https%3A%2F%2Fsansanews.ro%2Fvideoautostrada-a7-aduce-un-scut-verde-la-buzau-au-fost-plantate-perdelele-forestiere%2F&amp;text=%28VIDEO%29Autostrada%20A7%20aduce%20un%20%E2%80%9Escut%20verde%E2%80%9D%20la%20Buz%C4%83u.%20Au%20fost%20plantate%20perdelele%20forestiere\"><span>Twitter<\/span><\/a><a class=\"meks_ess-item socicon-pinterest\" data-url=\"http:\/\/pinterest.com\/pin\/create\/button\/?url=https%3A%2F%2Fsansanews.ro%2Fvideoautostrada-a7-aduce-un-scut-verde-la-buzau-au-fost-plantate-perdelele-forestiere%2F&amp;media=https%3A%2F%2Fsansanews.ro%2Fwp-content%2Fuploads%2F2026%2F03%2FWhatsApp-Image-2026-03-26-at-09.10.32.jpeg&amp;description=%28VIDEO%29Autostrada%20A7%20aduce%20un%20%E2%80%9Escut%20verde%E2%80%9D%20la%20Buz%C4%83u.%20Au%20fost%20plantate%20perdelele%20forestiere\"><span>Pinterest<\/span><\/a><\/div>\n<\/div>\n<\/div>\n<div class=\"entry-content herald-entry-content\">\n<p>Autostrada A7, care traverseaz\u0103 jude\u021bul Buz\u0103u, nu este doar unul dintre cele mai importante proiecte rutiere din ultimii ani, din Rom\u00e2nia, ci \u0219i unul dintre cele mai ambi\u021bioase proiecte de protec\u021bie a mediului realizate odat\u0103 cu o infrastructur\u0103 de transport. De-a lungul \u0219oselei, autorit\u0103\u021bile au \u00eenceput deja s\u0103 planteze perdele forestiere, menite s\u0103 reduc\u0103 poluarea \u0219i s\u0103 \u00eembun\u0103t\u0103\u021beasc\u0103 siguran\u021ba rutier\u0103.<\/p>\n<p>Potrivit unei inform\u0103ri CNAIR, pe tronsonul Ploie\u0219ti \u2013 Buz\u0103u sunt prev\u0103zute aproape 154 de hectare de perdele forestiere, iar \u00eentre Buz\u0103u \u0219i Foc\u0219ani alte 207 hectare. Cu alte cuvinte, zona Buz\u0103ului devine un punct-cheie \u00een ceea ce va fi cel mai mare \u201ecoridor verde\u201d de-a lungul unei autostr\u0103zi din \u021bar\u0103.<\/p>\n<blockquote class=\"wp-block-quote\">\n<p>\u201dLa nivelul \u00eentregii Autostrada A7, pe tronsonul Ploie\u0219ti \u2013 Pa\u0219cani, sunt planificate 675,65 hectare de perdele forestiere. Dintre acestea, 392 de hectare au fost deja plantate, iar pentru restul suprafe\u021belor terenul este preg\u0103tit. Tronsonul Ploie\u0219ti \u2013 Foc\u0219ani este complet plantat, ceea ce \u00eenseamn\u0103 c\u0103 \u00een zona Buz\u0103ului efectele \u00eencep s\u0103 se vad\u0103, anun\u021b\u0103 CNAIR. <\/p>\n<\/blockquote>\n<iframe loading=\"lazy\" width=\"951\" height=\"535\" src=\"https:\/\/www.youtube.com\/embed\/D3XYY7H93Bs\" title=\"perdea forestiera\" frameborder allow=\"accelerometer; autoplay; clipboard-write; encrypted-media; gyroscope; picture-in-picture; web-share\" referrerpolicy=\"strict-origin-when-cross-origin\" allowfullscreen><\/iframe>\n<p>Pentru locuitorii din Buz\u0103u \u0219i pentru miile de \u0219oferi care vor tranzita zilnic autostrada, aceste perdele forestiere vor deveni un real ajutor \u0219i \u00een perioada de iarn\u0103, mai ales \u00een zon\u0103 de c\u00e2mpie unde viscolul creeaz\u0103 probleme p\u00e2n\u0103 la \u00eenchiderea circula\u021biei, a\u0219a cum de altfel s-a \u00eent\u00e2mplat \u0219i \u00een aceast\u0103 iarn\u0103, c\u00e2nd A7 a fost \u00eenchis\u0103 \u0219oferilor. Practic, perdelele vor avea rolul de a opri z\u0103pada spulberat\u0103 pe carosabil.<\/p>\n<p>\u00cen acela\u0219i timp, subliniaz\u0103 speciali\u0219tii de la CNAIR, ele diminueaz\u0103<br \/>\nfor\u021ba v\u00e2ntului, protejeaz\u0103 terasamentele \u0219i limiteaz\u0103 efectele ploilor<br \/>\ntoren\u021biale. Pentru \u0219oferi, asta \u00eenseamn\u0103 un drum mai sigur, cu mai pu\u021bine<br \/>\nsitua\u021bii imprevizibile.<\/p>\n<p>La fel de important este impactul asupra s\u0103n\u0103t\u0103\u021bii. Arborii planta\u021bi (stejar \u0219i tei, p\u00e2n\u0103 la salc\u00e2m \u0219i frasin) ac\u021bioneaz\u0103 ca un filtru natural pentru noxele produse de trafic, contribuind la un aer mai curat \u00een comunit\u0103\u021bile din apropierea autostr\u0103zii. \u00cen plus, perdelele forestiere reduc \u0219i poluarea fonic\u0103, o problem\u0103 tot mai resim\u021bit\u0103 \u00een zonele aflate l\u00e2ng\u0103 marile artere de circula\u021bie.<\/p>\n<blockquote class=\"wp-block-quote\">\n<p>\u201dPe scurt, aceste perdele forestiere au urm\u0103toarele roluri: combat eroziunea terasamentelor; purific\u0103 aerul de noxele cancerigene eliminate de autovehicule; re\u021bin z\u0103pad\u0103 \u0219i totodat\u0103 previn spulberarea acesteia pe \u0219osea; re\u021bin scurgearea apelor provenite de la ploile toren\u021biale \u0219i din topirea z\u0103pezii; reduc for\u021ba v\u00e2ntului \u0219i \u00eembun\u0103t\u0103\u021besc semnificativ microclimatul; reduc poluarea sonor\u0103 \u0219i amelioreaz\u0103 peisajul monoton de c\u00e2mpie, prin care trece autostrada; protec\u021bie climatic\u0103\u201d, explic\u0103 exper\u021bii CNAIR.<\/p>\n<\/blockquote>\n<p>Proiectul are \u0219i o miz\u0103 mai larg\u0103. Rom\u00e2nia \u0219i-a asumat,<br \/>\nal\u0103turi de Uniunea European\u0103, atingerea neutralit\u0103\u021bii climatice p\u00e2n\u0103 \u00een 2050,<br \/>\nprin Pactul Ecologic European. \u00cen acest context, perdelele forestiere de pe A7<br \/>\ncontribuie direct la reducerea emisiilor de CO\u2082 \u0219i la adaptarea la schimb\u0103rile<br \/>\nclimatice.<\/p>\n<blockquote class=\"wp-block-quote\">\n<p>\u201dArderea combustibilului este responsabil\u0103 pentru mai mult de trei sferturi din emisiile de gaze cu efect de ser\u0103 ale UE. Sc\u0103derea consumului de energie \u0219i dezvoltarea surselor de energie mai curate sunt esen\u021biale pentru atingerea obiectivelor UE \u00een materie de clim\u0103 \u0219i solu\u021bionarea dependen\u021bei UE de importurile din \u021b\u0103ri ter\u021be. Rom\u00e2nia este parte din Pactul Ecologic European (Green Deal), care prevede ca Europa s\u0103 devin\u0103 neutr\u0103 din punct de vedere al emisiilor de CO2 p\u00e2n\u0103 \u00een anul 2050. Prin PNRR, avem de \u00eendeplinit o serie de jaloane, care privesc \u0219i infrastructura rutier\u0103. <\/p>\n<\/blockquote>\n<blockquote class=\"wp-block-quote\">\n<p>Perdele forestiere au o contribu\u021bie semnificativ\u0103 la reducerea surplusului de emisii de CO2 prin neutralizarea acestora \u0219i implicit atenuarea schimb\u0103rilor climatice. Speciile care asigur\u0103 perdelele forestiere sunt arbori \u0219i arbu\u0219ti specifici zonelor respective cu o adaptabilitate sporit\u0103. L\u0103\u021bimea perdelelor forestiere variaz\u0103 \u00eentre 10 \u0219i 30 de metri \u00een func\u021bie de relief \u0219i de proiectarea drumului\u201d, informeaz\u0103 CNAIR.<\/p>\n<\/blockquote>\n<iframe loading=\"lazy\" width=\"951\" height=\"535\" src=\"https:\/\/www.youtube.com\/embed\/-Q3ZakNFcFg\" title=\"perdea forestiera a7, Buzau\" frameborder allow=\"accelerometer; autoplay; clipboard-write; encrypted-media; gyroscope; picture-in-picture; web-share\" referrerpolicy=\"strict-origin-when-cross-origin\" allowfullscreen><\/iframe>\n<blockquote class=\"wp-block-quote\">\n<p>\u201dPre\u021bul estimativ pentru 1 hectar (10.000 de metri) de perdea forestier\u0103 este de 590.000 lei, 59 de lei\/mp2. \u00cen acest pre\u021b intr\u0103: tipul de arbust (stejar, frasin, jugastru, ulm salcam, etc.), manopera \u0219i lucr\u0103rile de \u00eentre\u021binere care se efectueaz\u0103 gradual din anul 1 al plant\u0103rii p\u00e2n\u0103 \u00een anul 5 al maturiz\u0103rii\u201d.<\/p>\n<\/blockquote>\n<p>\u00cen concluzie, pentru Buz\u0103u, Autostrada A7 nu va \u00eensemna doar un drum mai rapid spre marile ora\u0219e, ci \u0219i zeci de hectare de vegeta\u021bie nou\u0103, iar \u00een anii urm\u0103tori, pe m\u0103sur\u0103 ce arborii vor cre\u0219te, buzoienii vor sim\u021bi tot mai clar efectele acestui \u201escut verde\u201d, respectiv mai pu\u021bin praf, mai pu\u021bin zgomot, mai mult\u0103 siguran\u021b\u0103 \u0219i un aer mai curat.<\/p>\n<div class=\"meta-tags\"><span>Etichete<\/span><a href=\"https:\/\/sansanews.ro\/tag\/autostrada-moldovei\/\" rel=\"tag\">autostrada moldovei<\/a><a href=\"https:\/\/sansanews.ro\/tag\/perdele-forestiere-a7\/\" rel=\"tag\">perdele forestiere a7<\/a><\/div>\n<div class=\"herald-share-content\">\n<div class=\"meks_ess rectangle no-labels outline\"><a class=\"meks_ess-item socicon-facebook\" data-url=\"http:\/\/www.facebook.com\/sharer\/sharer.php?u=https%3A%2F%2Fsansanews.ro%2Fvideoautostrada-a7-aduce-un-scut-verde-la-buzau-au-fost-plantate-perdelele-forestiere%2F&amp;t=%28VIDEO%29Autostrada%20A7%20aduce%20un%20%E2%80%9Escut%20verde%E2%80%9D%20la%20Buz%C4%83u.%20Au%20fost%20plantate%20perdelele%20forestiere\"><span>Facebook<\/span><\/a><a href=\"https:\/\/api.whatsapp.com\/send?text=%28VIDEO%29Autostrada%20A7%20aduce%20un%20%E2%80%9Escut%20verde%E2%80%9D%20la%20Buz%C4%83u.%20Au%20fost%20plantate%20perdelele%20forestiere%20https%3A%2F%2Fsansanews.ro%2Fvideoautostrada-a7-aduce-un-scut-verde-la-buzau-au-fost-plantate-perdelele-forestiere%2F\" class=\"meks_ess-item socicon-whatsapp prevent-share-popup\"><span>WhatsApp<\/span><\/a><a class=\"meks_ess-item socicon-twitter\" data-url=\"http:\/\/twitter.com\/intent\/tweet?url=https%3A%2F%2Fsansanews.ro%2Fvideoautostrada-a7-aduce-un-scut-verde-la-buzau-au-fost-plantate-perdelele-forestiere%2F&amp;text=%28VIDEO%29Autostrada%20A7%20aduce%20un%20%E2%80%9Escut%20verde%E2%80%9D%20la%20Buz%C4%83u.%20Au%20fost%20plantate%20perdelele%20forestiere\"><span>Twitter<\/span><\/a><a class=\"meks_ess-item socicon-pinterest\" data-url=\"http:\/\/pinterest.com\/pin\/create\/button\/?url=https%3A%2F%2Fsansanews.ro%2Fvideoautostrada-a7-aduce-un-scut-verde-la-buzau-au-fost-plantate-perdelele-forestiere%2F&amp;media=https%3A%2F%2Fsansanews.ro%2Fwp-content%2Fuploads%2F2026%2F03%2FWhatsApp-Image-2026-03-26-at-09.10.32.jpeg&amp;description=%28VIDEO%29Autostrada%20A7%20aduce%20un%20%E2%80%9Escut%20verde%E2%80%9D%20la%20Buz%C4%83u.%20Au%20fost%20plantate%20perdelele%20forestiere\"><span>Pinterest<\/span><\/a><\/div>\n<\/div>\n<\/div>\n<p>[analyse_source url=&#8221;https:\/\/sansanews.ro\/videoautostrada-a7-aduce-un-scut-verde-la-buzau-au-fost-plantate-perdelele-forestiere\/&#8221;]<\/p>\n","protected":false},"excerpt":{"rendered":"<p>[analyse_image type=&#8221;featured&#8221; src=&#8221;https:\/\/sansanews.ro\/wp-content\/uploads\/2026\/03\/WhatsApp-Image-2026-03-26-at-09.10.32.jpeghttps:\/\/sansanews.ro\/wp-content\/uploads\/2026\/03\/WhatsApp-Image-2026-03-26-at-09.10.32.jpeg&#8221;] Autostrada A7, care traverseaz\u0103 jude\u021bul Buz\u0103u, nu este doar unul dintre cele mai importante proiecte rutiere din ultimii ani, din Rom\u00e2nia, ci \u0219i unul dintre cele mai ambi\u021bioase proiecte de protec\u021bie a mediului realizate odat\u0103 cu o infrastructur\u0103 de transport. De-a lungul \u0219oselei, autorit\u0103\u021bile au \u00eenceput deja s\u0103 planteze perdele forestiere, menite [&hellip;]<\/p>\n","protected":false},"author":1,"featured_media":0,"comment_status":"open","ping_status":"","sticky":false,"template":"","format":"standard","meta":{"footnotes":""},"categories":[2],"tags":[226,51],"class_list":["post-1847854","post","type-post","status-publish","format-standard","hentry","category-politics","tag-crawlmanager","tag-sansanews-ro"],"_links":{"self":[{"href":"https:\/\/analyse.optim.biz\/index.php?rest_route=\/wp\/v2\/posts\/1847854","targetHints":{"allow":["GET"]}}],"collection":[{"href":"https:\/\/analyse.optim.biz\/index.php?rest_route=\/wp\/v2\/posts"}],"about":[{"href":"https:\/\/analyse.optim.biz\/index.php?rest_route=\/wp\/v2\/types\/post"}],"author":[{"embeddable":true,"href":"https:\/\/analyse.optim.biz\/index.php?rest_route=\/wp\/v2\/users\/1"}],"replies":[{"embeddable":true,"href":"https:\/\/analyse.optim.biz\/index.php?rest_route=%2Fwp%2Fv2%2Fcomments&post=1847854"}],"version-history":[{"count":0,"href":"https:\/\/analyse.optim.biz\/index.php?rest_route=\/wp\/v2\/posts\/1847854\/revisions"}],"wp:attachment":[{"href":"https:\/\/analyse.optim.biz\/index.php?rest_route=%2Fwp%2Fv2%2Fmedia&parent=1847854"}],"wp:term":[{"taxonomy":"category","embeddable":true,"href":"https:\/\/analyse.optim.biz\/index.php?rest_route=%2Fwp%2Fv2%2Fcategories&post=1847854"},{"taxonomy":"post_tag","embeddable":true,"href":"https:\/\/analyse.optim.biz\/index.php?rest_route=%2Fwp%2Fv2%2Ftags&post=1847854"}],"curies":[{"name":"wp","href":"https:\/\/api.w.org\/{rel}","templated":true}]}}