{"id":1847750,"date":"2026-03-26T08:31:23","date_gmt":"2026-03-26T05:31:23","guid":{"rendered":"https:\/\/analyse.optim.biz\/?p=1847750"},"modified":"2026-03-26T08:31:23","modified_gmt":"2026-03-26T05:31:23","slug":"sofer-de-79-de-ani-prins-cu-107-km-h-intr-o-localitate-din-judetul-buzau","status":"publish","type":"post","link":"https:\/\/analyse.optim.biz\/?p=1847750","title":{"rendered":"\u0218ofer de 79 de ani prins cu 107 km\/h \u00eentr-o localitate din jude\u021bul Buz\u0103u"},"content":{"rendered":"<p>[analyse_image type=&#8221;featured&#8221; src=&#8221;https:\/\/www.buzau.net\/stiri-din-buzau\/wp-content\/uploads\/2024\/10\/suspendare-permis-de-conducere-2022.jpg&#8221;]<\/p>\n<div id=\"mvp-content-main\" class=\"left relative\">\n<p>Pe 24 martie a.c., poli\u021bi\u0219tii cu atribu\u021bii pe linie rutier\u0103 au desf\u0103\u0219urat activit\u0103\u021bi pentru con\u0219tientizarea conduc\u0103torilor auto \u0219i a celorlal\u021bi participan\u021bi la trafic, cu privire la riscurile la care se expun prin nerespectarea regulilor de circula\u021bie, fiind aplicate 207 de sanc\u021biuni contraven\u021bionale.<\/p>\n<p>Aparatele radar care au ac\u021bionat pe principalele artere de circula\u021bie au \u00eenregistrat 20 de autovehicule ce au dep\u0103\u0219it regimul legal de vitez\u0103, fiind re\u021binut un permis de conducere.<strong> \u00cen urma ac\u021biunilor, poli\u021bi\u0219tii au re\u021binut un permis de conducere \u00een cazul unui b\u0103rbat \u0219ofer de 79 de ani, din G\u0103lbina\u0219i, ce a fost depistat conduc\u00e2nd autovehiculul cu o vitez\u0103 de 107 km\/h, pe DN1 B, \u00een Pietroasele, pe un tronson de drum cu limit\u0103 de 50 km\/h.<\/strong><\/p>\n<p>Alte 5 permise de conducere au fost re\u021binute de poli\u021bi\u0219ti pentru conducerea unui autovehicul sub influen\u021ba alcoolului \u0219i pentru neacordarea priorit\u0103\u021bii de trecere. Poli\u021bi\u0219tii au aplicat sanc\u021biuni contraven\u021bionale \u00een cazul conduc\u0103torilor auto pentru neutilizarea centurii de siguran\u021b\u0103 (24), pentru conducerea autovehiculelor cu diferite defec\u021biuni tehnice (15), precum \u0219i pentru alte abateri \u00een trafic (62).<\/p>\n<p>Poli\u021bi\u0219tii rutieri au ac\u021bionat \u0219i pe linia prevenirii evenimentelor rutiere \u00een care ar putea fi implica\u021bi pietonii, bicicli\u0219tii \u0219i utilizatorii de trotinete electrice. Pentru c\u0103 nu au respectat regulile rutiere \u0219i \u0219i-au pus \u00een pericol via\u021ba, 60 de participan\u021bi la trafic din aceste categorii au fost sanc\u021biona\u021bi contraven\u021bional.<\/p>\n<p>Valoarea total\u0103 a amenzilor a fost de peste 44.000 de lei. Tot ieri, poli\u021bi\u0219tii au \u00eentocmit 3 dosare penale pentru s\u0103v\u00e2r\u0219irea de infrac\u021biuni la regimul rutier.<\/p>\n<div class=\"heateor_sss_sharing_container heateor_sss_horizontal_sharing\" data-heateor-sss-href=\"https:\/\/www.buzau.net\/stiri-din-buzau\/sofer-de-79-de-ani-prins-cu-107-km-h-intr-o-localitate-din-judetul-buzau\/\">\n<div class=\"heateor_sss_sharing_title\">DISTRIBUIE ACEST ARTICOL<\/div>\n<\/div>\n<\/div>\n<p>[analyse_source url=&#8221;https:\/\/www.buzau.net\/stiri-din-buzau\/sofer-de-79-de-ani-prins-cu-107-km-h-intr-o-localitate-din-judetul-buzau\/&#8221;]<\/p>\n","protected":false},"excerpt":{"rendered":"<p>[analyse_image type=&#8221;featured&#8221; src=&#8221;https:\/\/www.buzau.net\/stiri-din-buzau\/wp-content\/uploads\/2024\/10\/suspendare-permis-de-conducere-2022.jpg&#8221;] Pe 24 martie a.c., poli\u021bi\u0219tii cu atribu\u021bii pe linie rutier\u0103 au desf\u0103\u0219urat activit\u0103\u021bi pentru con\u0219tientizarea conduc\u0103torilor auto \u0219i a celorlal\u021bi participan\u021bi la trafic, cu privire la riscurile la care se expun prin nerespectarea regulilor de circula\u021bie, fiind aplicate 207 de sanc\u021biuni contraven\u021bionale. Aparatele radar care au ac\u021bionat pe principalele artere de circula\u021bie [&hellip;]<\/p>\n","protected":false},"author":1,"featured_media":0,"comment_status":"open","ping_status":"","sticky":false,"template":"","format":"standard","meta":{"footnotes":""},"categories":[2],"tags":[113,226],"class_list":["post-1847750","post","type-post","status-publish","format-standard","hentry","category-politics","tag-buzau-net","tag-crawlmanager"],"_links":{"self":[{"href":"https:\/\/analyse.optim.biz\/index.php?rest_route=\/wp\/v2\/posts\/1847750","targetHints":{"allow":["GET"]}}],"collection":[{"href":"https:\/\/analyse.optim.biz\/index.php?rest_route=\/wp\/v2\/posts"}],"about":[{"href":"https:\/\/analyse.optim.biz\/index.php?rest_route=\/wp\/v2\/types\/post"}],"author":[{"embeddable":true,"href":"https:\/\/analyse.optim.biz\/index.php?rest_route=\/wp\/v2\/users\/1"}],"replies":[{"embeddable":true,"href":"https:\/\/analyse.optim.biz\/index.php?rest_route=%2Fwp%2Fv2%2Fcomments&post=1847750"}],"version-history":[{"count":0,"href":"https:\/\/analyse.optim.biz\/index.php?rest_route=\/wp\/v2\/posts\/1847750\/revisions"}],"wp:attachment":[{"href":"https:\/\/analyse.optim.biz\/index.php?rest_route=%2Fwp%2Fv2%2Fmedia&parent=1847750"}],"wp:term":[{"taxonomy":"category","embeddable":true,"href":"https:\/\/analyse.optim.biz\/index.php?rest_route=%2Fwp%2Fv2%2Fcategories&post=1847750"},{"taxonomy":"post_tag","embeddable":true,"href":"https:\/\/analyse.optim.biz\/index.php?rest_route=%2Fwp%2Fv2%2Ftags&post=1847750"}],"curies":[{"name":"wp","href":"https:\/\/api.w.org\/{rel}","templated":true}]}}